{"id":252607,"date":"2025-12-16T17:15:09","date_gmt":"2025-12-16T16:15:09","guid":{"rendered":"https:\/\/smago.de\/ws2\/?p=252607"},"modified":"2025-12-16T17:17:05","modified_gmt":"2025-12-16T16:17:05","slug":"romy-schneider-u-a-70-jahr-jubilaeum-fuer-sissi-urauffuehrung-orf-zeigt-trilogie-mit-romy-schneider-und-karlheinz-boehm-sowie-dokus-ab-19-12-2025","status":"publish","type":"post","link":"https:\/\/smago.de\/ws2\/oldies\/romy-schneider-u-a-70-jahr-jubilaeum-fuer-sissi-urauffuehrung-orf-zeigt-trilogie-mit-romy-schneider-und-karlheinz-boehm-sowie-dokus-ab-19-12-2025\/","title":{"rendered":"ROMY SCHNEIDER u.a. <br> 70-Jahr-Jubil\u00e4um f\u00fcr \u201eSissi\u201c-Urauff\u00fchrung: ORF zeigt Trilogie mit Romy Schneider und Karlheinz B\u00f6hm sowie Dokus ab 19.12.2025!\u00a0"},"content":{"rendered":"<p style=\"text-align: justify;\">Dreiteiler \u201eSissi\u201c, \u201eKaiserin der Leinwand \u2013 die Geschichte der Sissi-Trilogie\u201c und \u201eUniversum History\u201c \u00fcber \u201eDie wahre Geschichte des Franz Joseph\u201c!<!--more--><\/p>\n<div class=\"paragraph default flex flex-col gap-4\" style=\"text-align: justify;\" data-v-3113abd1=\"\" data-v-d954116f=\"\"><\/div>\n<div style=\"text-align: justify;\" data-v-3113abd1=\"\" data-v-d954116f=\"\"><\/div>\n<div style=\"text-align: justify;\" data-v-3113abd1=\"\" data-v-d954116f=\"\"><\/div>\n<div style=\"text-align: justify;\" data-v-3113abd1=\"\" data-v-d954116f=\"\">\n<div class=\"paragraph default flex flex-col gap-4\" data-v-3113abd1=\"\" data-v-d954116f=\"\">\n<p data-v-3113abd1=\"\">Am 21. Dezember 1955 feierte Ernst Marischkas \u201eSissi\u201c-Verfilmung in Wien Kinopremiere \u2013 und auch noch 70 Jahre sp\u00e4ter verzaubert Romy Schneider als Kaiserin Elisabeth das Fernsehpublikum. Anl\u00e4sslich des 70-Jahr-Jubil\u00e4ums blicken ORF 2 und ORF ON in der Dokumentation \u201eKaiserin der Leinwand \u2013 die Geschichte der Sissi-Trilogie\u201c hinter die Kulissen der Produktion und zeigen den TV-Dreiteiler \u201eSissi\u201c, \u201eSissi, die junge Kaiserin\u201c und \u201eSissi \u2013 Schicksalsjahre einer Kaiserin\u201c im Weihnachtsprogramm. Ein \u201eUniversum History\u201c widmet sich im neuen Jahr in \u201eDer ewige Kaiser\u201c der \u201ewahren Geschichte des Franz Joseph\u201c.<\/p>\n<\/div>\n<\/div>\n<p data-v-3113abd1=\"\">\n<p data-v-3113abd1=\"\">\n<p data-v-3113abd1=\"\">\n<div style=\"text-align: justify;\" data-v-3113abd1=\"\" data-v-d954116f=\"\">\n<div class=\"paragraph default flex flex-col gap-4\" data-v-3113abd1=\"\" data-v-d954116f=\"\">\n<p data-v-3113abd1=\"\"><strong>Die Sendungen im Detail:<\/strong><\/p>\n<\/div>\n<\/div>\n<div style=\"text-align: justify;\" data-v-3113abd1=\"\" data-v-d954116f=\"\">\n<div class=\"paragraph default flex flex-col gap-4\" data-v-3113abd1=\"\" data-v-d954116f=\"\">\n<p data-v-3113abd1=\"\">\n<p data-v-3113abd1=\"\">\n<p data-v-3113abd1=\"\"><strong>\u201eKaiserin der Leinwand \u2013 die Geschichte der Sissi-Trilogie\u201c <\/strong>(Freitag, 19. Dezember, 23.05 Uhr, ORF 2; Donnerstag, 25. Dezember, 09:05 Uhr, ORF 2)<\/p>\n<p data-v-3113abd1=\"\">\n<\/div>\n<div class=\"paragraph default flex flex-col gap-4\" data-v-3113abd1=\"\" data-v-d954116f=\"\">\n<p data-v-3113abd1=\"\">Bis heute sind sie die Klassiker des Fernsehprogramms \u2013 die drei Teile der \u201eSissi\u201c-Filme von Ernst Marischka. Die Dokumentation blickt hinter die Kulissen und auf die Entstehungsgeschichte dieses Klassikers der Habsburgerromantik, der der damals 16-j\u00e4hrigen Romy Schneider zu Weltruhm verhalf. Urspr\u00fcnglich hatte Marischka vorgehabt, ein existierendes Singspiel zu verfilmen: Mit seinem Bruder Hubert brachte er das St\u00fcck als Operette unter dem Titel \u201eSissy\u201c auf die B\u00fchne. Die Produktion lief mit gro\u00dfem Erfolg. Die erste \u201eSissy\u201c-Darstellerin war Paula Wessely, ihre zweite Besetzung Hedy Lamarr. Sp\u00e4ter kaufte die amerikanische Produktionsfirma Columbia die Rechte an St\u00fcck und Musik, Joseph von Sternberg verfilmte den Stoff 1936 unter dem Titel \u201eThe King Steps Out\u201c mit Grace Moore als junge Kaiserin. In den 1950er Jahren versuchte sich Marischka wieder an dem St\u00fcck, lie\u00df die Musik weg und schrieb \u00f6sterreichische Filmgeschichte.<\/p>\n<\/div>\n<\/div>\n<p data-v-3113abd1=\"\">\n<p data-v-3113abd1=\"\">\n<div class=\"paragraph default flex flex-col gap-4\" style=\"text-align: justify;\" data-v-3113abd1=\"\" data-v-d954116f=\"\">\n<p data-v-3113abd1=\"\"><strong>\u201eSissi\u201c <\/strong>(Donnerstag, 25. Dezember, 13.05 Uhr, ORF 2)<\/p>\n<\/div>\n<div class=\"paragraph default flex flex-col gap-4\" style=\"text-align: justify;\" data-v-3113abd1=\"\" data-v-d954116f=\"\">\n<p data-v-3113abd1=\"\">\n<p data-v-3113abd1=\"\">Der junge Kaiser Franz Joseph (Karlheinz B\u00f6hm) soll verheiratet werden. Seine Mutter, Erzherzogin Sophie (Vilma Degischer), hat auch schon eine Braut f\u00fcr den Sohn auserkoren: Prinzessin Helene von Bayern (Uta Franz). Ein \u201eFamilientreffen\u201c in Bad Ischl wird arrangiert, bei dem der Kaiser Helene kennen lernen soll. Um der Reise einen harmlosen Anstrich zu geben, f\u00e4hrt auch Sissi (Romy Schneider), Helenes j\u00fcngere Schwester, mit.<\/p>\n<\/div>\n<div class=\"paragraph default flex flex-col gap-4\" style=\"text-align: justify;\" data-v-3113abd1=\"\" data-v-d954116f=\"\">\n<p data-v-3113abd1=\"\">\n<p data-v-3113abd1=\"\">\n<p data-v-3113abd1=\"\">\n<p data-v-3113abd1=\"\"><strong>\u201eSissi, die junge Kaiserin\u201c<\/strong> (Freitag, 26. Dezember, 13.10 Uhr, ORF 2)<\/p>\n<\/div>\n<div class=\"paragraph default flex flex-col gap-4\" style=\"text-align: justify;\" data-v-3113abd1=\"\" data-v-d954116f=\"\">\n<p data-v-3113abd1=\"\">\n<p data-v-3113abd1=\"\">Die Hochzeit von Kaiser Franz Joseph mit der jungen Bayernprinzessin Sissi war ein Fest f\u00fcr ganz Europa. Doch ihre unkonventionelle Art macht es der jungen Kaiserin schwer, sich in ihrer neuen Heimat, der Hofburg in Wien, einzuf\u00fcgen. Fast alles, was dem Naturkind vom Starnbergersee gef\u00e4llt, verst\u00f6\u00dft gegen die Hofsitten. Zwischen Sissi und ihrer Schwiegermutter ist damit der Grundstein f\u00fcr eine tiefe Feindschaft gelegt.<\/p>\n<\/div>\n<div class=\"paragraph default flex flex-col gap-4\" style=\"text-align: justify;\" data-v-3113abd1=\"\" data-v-d954116f=\"\">\n<p data-v-3113abd1=\"\">\n<p data-v-3113abd1=\"\">\n<p data-v-3113abd1=\"\">\n<p data-v-3113abd1=\"\"><strong>\u201eSissi \u2013 Schicksalsjahre einer Kaiserin\u201c<\/strong> (Samstag, 27. Dezember, 13.20 Uhr, ORF 2)<\/p>\n<\/div>\n<div class=\"paragraph default flex flex-col gap-4\" style=\"text-align: justify;\" data-v-3113abd1=\"\" data-v-d954116f=\"\">\n<p data-v-3113abd1=\"\">\n<p data-v-3113abd1=\"\">Sissi, seit Kurzem zur K\u00f6nigin von Ungarn gekr\u00f6nt, hat dieses Land und seine Menschen in ihr Herz geschlossen. Fernab vom strengen Hofzeremoniell in Wien, genie\u00dft sie dort lange Ausritte in Begleitung des Grafen Andr\u00e1ssy (Walther Reyer). Der Mutter des Kaisers ist das ein Dorn im Auge, sie rechnet mit der Eifersucht ihres Sohnes.<\/p>\n<\/div>\n<p data-v-3113abd1=\"\">\n<p data-v-3113abd1=\"\">\n<div class=\"paragraph default flex flex-col gap-4\" style=\"text-align: justify;\" data-v-3113abd1=\"\" data-v-d954116f=\"\">\n<p data-v-3113abd1=\"\"><strong>\u201eUniversum History: Der ewige Kaiser \u2013 Die wahre Geschichte des Franz Joseph\u201c <\/strong>(Freitag, 2. Januar, 22.35 Uhr, ORF 2)<\/p>\n<p data-v-3113abd1=\"\">\n<\/div>\n<div class=\"paragraph default flex flex-col gap-4\" data-v-3113abd1=\"\" data-v-d954116f=\"\">\n<p style=\"text-align: justify;\" data-v-3113abd1=\"\">68 Jahre lang herrschte Kaiser Franz Joseph von \u00d6sterreich-Ungarn \u00fcber die Habsburg-Monarchie, am Ende seines Lebens dominiert das Gef\u00fchl des Scheiterns \u2013 politisch, und auch auf privater Ebene. Seiner Herrschaft hatte er zwei Jahre vor seinem Tod gewisserma\u00dfen selbst den Todessto\u00df versetzt \u2013 mit seiner Unterschrift, die den Ausbruch des Ersten Weltkrieg besiegelte. Trotzdem \u00fcberwiegt in der Erinnerung oft das Positive \u2013 gro\u00dfen Anteil daran hatte wohl die Frau an seiner Seite: Sisi, deren Geschichte auch 125 Jahre nach ihrem Tod mythenumwoben im Ged\u00e4chtnis geblieben ist. Exzentrisch, sch\u00f6n und unnahbar \u2013 auch f\u00fcr ihren Gatten Kaiser Franz Joseph. Doch wer war der wahre Franz Joseph? Wohl \u00fcber weite Strecken ein Herrscher, der stoisch und mit eiserner Hand regierte. Ein Kaiser, der zu oft all seine Energie daransetzte, das Alte zu bewahren \u2013 und das Neue nicht aufkommen zu lassen. Die \u00f6sterreichisch-deutsche Koproduktion wirft ein v\u00f6llig neues Licht auf den altbekannten Regenten \u2013 einen Kaiser, dessen Kindheitstraumata sein ganzes Leben \u00fcberschatten sollten. Ein Film von Martin Koddenberg.<\/p>\n<\/div>\n","protected":false},"excerpt":{"rendered":"<p>Dreiteiler \u201eSissi\u201c, \u201eKaiserin der Leinwand \u2013 die Geschichte der Sissi-Trilogie\u201c und \u201eUniversum History\u201c \u00fcber \u201eDie wahre Geschichte des Franz Joseph\u201c!<\/p>\n","protected":false},"author":2,"featured_media":252610,"comment_status":"open","ping_status":"closed","sticky":false,"template":"","format":"standard","meta":{"_FSMCFIC_featured_image_caption":"","_FSMCFIC_featured_image_nocaption":"","_FSMCFIC_featured_image_hide":""},"categories":[24,128],"tags":[3529,532],"acf":[],"_links":{"self":[{"href":"https:\/\/smago.de\/ws2\/wp-json\/wp\/v2\/posts\/252607"}],"collection":[{"href":"https:\/\/smago.de\/ws2\/wp-json\/wp\/v2\/posts"}],"about":[{"href":"https:\/\/smago.de\/ws2\/wp-json\/wp\/v2\/types\/post"}],"author":[{"embeddable":true,"href":"https:\/\/smago.de\/ws2\/wp-json\/wp\/v2\/users\/2"}],"replies":[{"embeddable":true,"href":"https:\/\/smago.de\/ws2\/wp-json\/wp\/v2\/comments?post=252607"}],"version-history":[{"count":3,"href":"https:\/\/smago.de\/ws2\/wp-json\/wp\/v2\/posts\/252607\/revisions"}],"predecessor-version":[{"id":252613,"href":"https:\/\/smago.de\/ws2\/wp-json\/wp\/v2\/posts\/252607\/revisions\/252613"}],"wp:featuredmedia":[{"embeddable":true,"href":"https:\/\/smago.de\/ws2\/wp-json\/wp\/v2\/media\/252610"}],"wp:attachment":[{"href":"https:\/\/smago.de\/ws2\/wp-json\/wp\/v2\/media?parent=252607"}],"wp:term":[{"taxonomy":"category","embeddable":true,"href":"https:\/\/smago.de\/ws2\/wp-json\/wp\/v2\/categories?post=252607"},{"taxonomy":"post_tag","embeddable":true,"href":"https:\/\/smago.de\/ws2\/wp-json\/wp\/v2\/tags?post=252607"}],"curies":[{"name":"wp","href":"https:\/\/api.w.org\/{rel}","templated":true}]}}