{"id":252603,"date":"2025-12-16T17:06:34","date_gmt":"2025-12-16T16:06:34","guid":{"rendered":"https:\/\/smago.de\/ws2\/?p=252603"},"modified":"2025-12-16T17:07:40","modified_gmt":"2025-12-16T16:07:40","slug":"eurovision-song-contest-2026-stage-design-vision-musik-und-regie-orf-liefert-spannende-updates-zum-70-eurovision-song-contest","status":"publish","type":"post","link":"https:\/\/smago.de\/ws2\/pop\/eurovision-song-contest-2026-stage-design-vision-musik-und-regie-orf-liefert-spannende-updates-zum-70-eurovision-song-contest\/","title":{"rendered":"&#8222;EUROVISION SONG CONTEST 2026&#8220; <BR>Stage Design, Vision, Musik und Regie: ORF liefert spannende Updates zum 70. Eurovision Song Contest!"},"content":{"rendered":"<p style=\"text-align: justify;\">Ticketregistrierung endet am 18. Dezember um 23.59 Uhr!<!--more--><\/p>\n<p>&nbsp;<\/p>\n<p>&nbsp;<\/p>\n<p>&nbsp;<\/p>\n<div class=\"paragraph default flex flex-col gap-4\" style=\"text-align: justify;\" data-v-3113abd1=\"\" data-v-d954116f=\"\">\n<p data-v-3113abd1=\"\">Der ORF pr\u00e4sentierte bei einem umfassenden Medienupdate am 16. Dezember 2025 in der Wiener Stadthalle die neuesten Entwicklungen zum 70. Eurovision Song Contest in Wien. H\u00f6hepunkt der Medienveranstaltung war die Pr\u00e4sentation des Stage Designs der gro\u00dfen ESC-B\u00fchne f\u00fcr die Shows im Mai 2026. Dar\u00fcber hinaus informierten ORF-Generaldirektor Roland Wei\u00dfmann, ORF-Programmdirektorin Stefanie Groiss-Horowitz und ESC-Executive-Producer Michael Kr\u00f6n u. a. \u00fcber die Vision des ORF zum Song Contest, Show-Elemente wie Regie, Musik und Licht sowie \u00fcber den aktuellen Stand zum Ticketing. Das Medienupdate wurde von Alexandra Maritza Wachter moderiert und auf ORF ON live gestreamt. Dort ist die Sendung on demand abrufbar.<\/p>\n<\/div>\n<p data-v-3113abd1=\"\">\n<p data-v-3113abd1=\"\">\n<div class=\"paragraph default flex flex-col gap-4\" style=\"text-align: justify;\" data-v-3113abd1=\"\" data-v-d954116f=\"\">\n<p data-v-3113abd1=\"\"><strong>ORF-Generaldirektor Roland Wei\u00dfmann:<\/strong> \u201eWir n\u00e4hern uns eiligen Schrittes dem neuen Jahr und damit auch den Live-Shows in der Wiener Stadthalle im Mai. Es freut mich daher besonders, dass wir ein atemberaubendes Stage Design pr\u00e4sentieren k\u00f6nnen, das den hohen Anspr\u00fcchen des gr\u00f6\u00dften TV-Unterhaltungsevents der Welt mehr als gerecht werden wird. So entsteht der perfekte Rahmen f\u00fcr drei fulminante Musik-Live-Shows, die das Publikum mit spektakul\u00e4ren Inszenierungen und kraftvollen Performances faszinieren werden.\u201c<\/p>\n<\/div>\n<p data-v-3113abd1=\"\">\n<p data-v-3113abd1=\"\">\n<p data-v-3113abd1=\"\">\n<h2 class=\"paragraph headline\" style=\"text-align: justify;\" data-v-8637ad31=\"\" data-v-d954116f=\"\">ORF pr\u00e4sentiert das Stage Design f\u00fcr die ESC-Shows im Mai<\/h2>\n<p>&nbsp;<\/p>\n<div class=\"paragraph default flex flex-col gap-4\" style=\"text-align: justify;\" data-v-3113abd1=\"\" data-v-d954116f=\"\">\n<p data-v-3113abd1=\"\">Der ORF setzt f\u00fcr den 70. Eurovision Song Contest auf ein neues B\u00fchnenkonzept von Florian Wieder, das die Weiterentwicklung des weltweit gr\u00f6\u00dften TV-Musikevents konsequent fortf\u00fchrt. Wien als kulturelles Zentrum Europas bietet daf\u00fcr den idealen Rahmen: Die B\u00fchne verbindet vertraute ESC-Elemente mit mutigen Innovationen und greift den kreativen Geist der Wiener Secession auf. Herzst\u00fcck ist eine gebogene LED-Fl\u00e4che in Form eines Blattes, erg\u00e4nzt durch einen geschwungenen Resonanzbogen und ein markantes B\u00fchnenger\u00fcst. Die Leitmotive Blatt, Schwunglinie und Konstrukt stehen f\u00fcr Neubeginn, musikalische Bewegung und k\u00fcnstlerische Struktur und verleihen der Inszenierung eine klare, zeitgen\u00f6ssische Haltung. In der Verbindung dieser Elemente entsteht ein B\u00fchnenbild, das die DNA des ESC bewahrt und zugleich neue kreative Wege er\u00f6ffnet \u2013 ein Design, das Wien als offenes und mutiges Herz Europas pr\u00e4sentiert.<\/p>\n<\/div>\n<p data-v-3113abd1=\"\">\n<p data-v-3113abd1=\"\">\n<div class=\"paragraph default flex flex-col gap-4\" style=\"text-align: justify;\" data-v-3113abd1=\"\" data-v-d954116f=\"\">\n<p data-v-3113abd1=\"\"><strong>ORF-Programmdirektorin Stefanie Groiss-Horowitz <\/strong>zeigt sich vom Stage Design begeistert: \u201eDiese B\u00fchne vereint genau das, wof\u00fcr der ORF steht: kreative Innovation, kulturelle Verankerung und h\u00f6chste technische Qualit\u00e4t. Sie verbindet die \u00f6sterreichische Seele mit internationalem Anspruch und schafft einen Raum, in dem gro\u00dfe Bilder entstehen k\u00f6nnen, ohne die menschlichen Momente aus dem Blick zu verlieren. Dieses Design ist mutig, elegant und tr\u00e4gt \u00f6sterreichischen Charakter \u2013 und ist damit die perfekte B\u00fchne f\u00fcr einen Eurovision Song Contest im Herzen Europas.\u201c<\/p>\n<\/div>\n<div class=\"paragraph default flex flex-col gap-4\" style=\"text-align: justify;\" data-v-3113abd1=\"\" data-v-d954116f=\"\">\n<p style=\"text-align: justify;\" data-v-3113abd1=\"\">\u201eDer Eurovision Song Contest bietet eine einzigartige Chance: nicht das Bestehende zu wiederholen, sondern es zu verwandeln, neu zu interpretieren und weiterzuentwickeln\u201c, f\u00fchrt <strong>Stage Designer Florian Wieder <\/strong>aus. \u201eIch begreife es als Einladung, eingefahrene Muster zu durchbrechen, mutig zu sein, einzigartige Bilder zu schaffen und das Publikum in ein Erlebnis zu f\u00fchren, das gleicherma\u00dfen die DNA des ESC beibeh\u00e4lt und doch radikal neu ist.\u201c<\/p>\n<\/div>\n<p data-v-3113abd1=\"\">\n<p data-v-3113abd1=\"\">\n<p data-v-3113abd1=\"\">\n<h2 class=\"paragraph headline\" style=\"text-align: justify;\" data-v-8637ad31=\"\" data-v-d954116f=\"\">\u201eUnited by Music \u2013 in the Heart of Europe\u201c ist die Vision f\u00fcr den Song Contest in Wien<\/h2>\n<p>&nbsp;<\/p>\n<div class=\"paragraph default flex flex-col gap-4\" style=\"text-align: justify;\" data-v-3113abd1=\"\" data-v-d954116f=\"\">\n<p data-v-3113abd1=\"\">Hinter dem Stage Design steht auch die vom ORF getragene Vision \u201e(In) the Heart of Europe\u201c, die das Herz als kraftvolles Symbol f\u00fcr Verbindung und Vielfalt ins Zentrum r\u00fcckt. Wien als geografisches und kulturelles Herz Europas bildet die ideale Kulisse, in der Tradition und Moderne aufeinandertreffen und sich die europ\u00e4ische Kultur seit Jahrzehnten begegnet. S\u00e4mtliche gestalterische und kommunikative Elemente \u2013 vom Cham\u00e4leon-Herz bis zu den von der Secession inspirierten Ornamenten \u2013 leiten sich aus diesem Motiv ab und machen die Vision sichtbar und erlebbar.<\/p>\n<\/div>\n<div class=\"paragraph default flex flex-col gap-4\" style=\"text-align: justify;\" data-v-3113abd1=\"\" data-v-d954116f=\"\">\n<p data-v-3113abd1=\"\">\u201eDiese Vision ist auch deshalb f\u00fcr uns so aussagekr\u00e4ftig, weil sie unsere \u00f6ffentlich-rechtliche Verantwortung widerspiegelt, Menschen zusammenzubringen und kulturelle Vielfalt f\u00fcr alle erlebbar zu machen. Zum 70-j\u00e4hrigen Jubil\u00e4um erz\u00e4hlt sie die Geschichte eines Europas, dessen Herzen trotz aller Herausforderungen weiter vereint schlagen und das seine gemeinsame Zukunft auch durch die Kraft der Musik gestaltet\u201c, betont <strong>ESC-Executive-Producer Michael Kr\u00f6n.<\/strong><\/p>\n<\/div>\n<p data-v-3113abd1=\"\">\n<p data-v-3113abd1=\"\">\n<p data-v-3113abd1=\"\">\n<h2 class=\"paragraph headline\" style=\"text-align: justify;\" data-v-8637ad31=\"\" data-v-d954116f=\"\">Regie, Licht und Musik: ORF setzt auf Erfahrung, Innovation und Kreativit\u00e4t<\/h2>\n<p>&nbsp;<\/p>\n<div class=\"paragraph default flex flex-col gap-4\" style=\"text-align: justify;\" data-v-3113abd1=\"\" data-v-d954116f=\"\">\n<p data-v-3113abd1=\"\">Im Zuge des Medien-Updates in der Wiener Stadthalle gab der ORF zudem bekannt, wer f\u00fcr Regie, Licht und Musik f\u00fcr den Eurovision Song Contest 2026 verantwortlich zeichnen wird. Die Geschicke in der Regie wird der langj\u00e4hrige ORF-Regisseur Michael K\u00f6gler zusammen mit Robin Hofwander, der bereits 2025 in Basel die Regie leitete, lenken. F\u00fcr die Musik sind Dorothee Freiberger und Martin Gellner zust\u00e4ndig. Die beiden setzen f\u00fcr den Eurovision Song Contest 2026 und ihr Musikthema auf eine Neuinterpretation ausgew\u00e4hlter Themen aus Mozarts \u201eZauberfl\u00f6te\u201c. Eingespielt wurde die Musik vom ORF-Radio-Symphonieorchester Wien. Tim Routledge, dessen Arbeit Konzerte, Rundfunk und gro\u00df angelegte globale Events umfasst, ist bekannt f\u00fcr seine kreative Innovationen und Installationen im Lichtdesign. Daf\u00fcr wird er auch im Zuge des 70. Eurovision Song Contest verantwortlich zeichnen. F\u00fcr Konzeptionierung und Umsetzung der Shows ist Mischa Zickler verantwortlich.<\/p>\n<\/div>\n<p data-v-3113abd1=\"\">\n<p data-v-3113abd1=\"\">\n<p data-v-3113abd1=\"\">\n<h2 class=\"paragraph headline\" style=\"text-align: justify;\" data-v-8637ad31=\"\" data-v-d954116f=\"\">Informationen zum Ticketing, den Volunteers und dem ESC als Green Event<\/h2>\n<p>&nbsp;<\/p>\n<div class=\"paragraph default flex flex-col gap-4\" style=\"text-align: justify;\" data-v-3113abd1=\"\" data-v-d954116f=\"\">\n<p data-v-3113abd1=\"\">Der Zulauf auf die Tickets f\u00fcr die neun Shows im Mai 2026 ist enorm, deshalb ist es umso wichtiger, dass sich Interessierte noch bis zum 18. Dezember, 23.59 Uhr, auf eurovision.com und oeticket.com f\u00fcr den Ticketkauf registrieren. Der Erwerb von Tickets (am 13. J\u00e4nner startet die erste Verkaufswelle) ist ohne Registrierung nicht m\u00f6glich.<\/p>\n<\/div>\n<div class=\"paragraph default flex flex-col gap-4\" style=\"text-align: justify;\" data-v-3113abd1=\"\" data-v-d954116f=\"\">\n<p data-v-3113abd1=\"\">Die Suche nach rund 800 freiwilligen Helferinnen und Helfern, den Volunteers, hat der ORF bereits Anfang Dezember gestartet. Mehr als 1.800 Menschen haben sich vorregistriert, 300 Anmeldungen sind per Video-Bewerbung eingegangen. Interessierte k\u00f6nnen sich nach wie vor unter songcontest.ORF.at bewerben, um mit ihrem freiwilligen Engagement beim Eurovision Song Contest dabei sein zu k\u00f6nnen.<\/p>\n<\/div>\n<div class=\"paragraph default flex flex-col gap-4\" data-v-3113abd1=\"\" data-v-d954116f=\"\">\n<p style=\"text-align: justify;\" data-v-3113abd1=\"\">Der ORF hat im Bereich \u201eGreen Event\u201c bereits 2015 Ma\u00dfst\u00e4be gesetzt und erstmals das gleichnamige Umweltzeichen erhalten. Mit dem Eurovision Song Contest 2026 werden diese Bem\u00fchungen konsequent ausgebaut \u2013 mit dem Ziel einer doppelten Zertifizierung nach den Kriterien \u201eGreen Event\u201c und \u201eGreen Producing in Film und Fernsehen\u201c. Der Fokus liegt dabei auf vier zentralen Bereichen: Energie, Mobilit\u00e4t, Abfall und nachhaltige Beschaffung.<\/p>\n<\/div>\n<p data-v-3113abd1=\"\">\n<figure id=\"attachment_252604\" aria-describedby=\"caption-attachment-252604\" style=\"width: 800px\" class=\"wp-caption alignnone\"><img decoding=\"async\" loading=\"lazy\" class=\"size-large wp-image-252604\" src=\"https:\/\/smago.de\/ws2\/wp-content\/uploads\/2025\/12\/stagedesig104-800x450.jpg\" alt=\"\" width=\"800\" height=\"450\" srcset=\"https:\/\/smago.de\/ws2\/wp-content\/uploads\/2025\/12\/stagedesig104-800x450.jpg 800w, https:\/\/smago.de\/ws2\/wp-content\/uploads\/2025\/12\/stagedesig104-522x294.jpg 522w, https:\/\/smago.de\/ws2\/wp-content\/uploads\/2025\/12\/stagedesig104-267x150.jpg 267w, https:\/\/smago.de\/ws2\/wp-content\/uploads\/2025\/12\/stagedesig104-768x432.jpg 768w, https:\/\/smago.de\/ws2\/wp-content\/uploads\/2025\/12\/stagedesig104-1536x864.jpg 1536w, https:\/\/smago.de\/ws2\/wp-content\/uploads\/2025\/12\/stagedesig104-2048x1152.jpg 2048w, https:\/\/smago.de\/ws2\/wp-content\/uploads\/2025\/12\/stagedesig104-392x221.jpg 392w, https:\/\/smago.de\/ws2\/wp-content\/uploads\/2025\/12\/stagedesig104-130x73.jpg 130w, https:\/\/smago.de\/ws2\/wp-content\/uploads\/2025\/12\/stagedesig104-791x445.jpg 791w, https:\/\/smago.de\/ws2\/wp-content\/uploads\/2025\/12\/stagedesig104-870x489.jpg 870w, https:\/\/smago.de\/ws2\/wp-content\/uploads\/2025\/12\/stagedesig104-292x164.jpg 292w, https:\/\/smago.de\/ws2\/wp-content\/uploads\/2025\/12\/stagedesig104-435x245.jpg 435w, https:\/\/smago.de\/ws2\/wp-content\/uploads\/2025\/12\/stagedesig104-895x503.jpg 895w\" sizes=\"(max-width: 800px) 100vw, 800px\" \/><figcaption id=\"caption-attachment-252604\" class=\"wp-caption-text\"><em>Visualisierung des B\u00fchnendesigns.<\/em><\/p>\n<p><em>Foto-Credit: ORF &#8211; Wieder Design Studios<\/em><\/figcaption><\/figure>\n","protected":false},"excerpt":{"rendered":"<p>Ticketregistrierung endet am 18. Dezember um 23.59 Uhr!<\/p>\n","protected":false},"author":2,"featured_media":252604,"comment_status":"open","ping_status":"closed","sticky":false,"template":"","format":"standard","meta":{"_FSMCFIC_featured_image_caption":"","_FSMCFIC_featured_image_nocaption":"","_FSMCFIC_featured_image_hide":""},"categories":[27,39,128],"tags":[85],"acf":[],"_links":{"self":[{"href":"https:\/\/smago.de\/ws2\/wp-json\/wp\/v2\/posts\/252603"}],"collection":[{"href":"https:\/\/smago.de\/ws2\/wp-json\/wp\/v2\/posts"}],"about":[{"href":"https:\/\/smago.de\/ws2\/wp-json\/wp\/v2\/types\/post"}],"author":[{"embeddable":true,"href":"https:\/\/smago.de\/ws2\/wp-json\/wp\/v2\/users\/2"}],"replies":[{"embeddable":true,"href":"https:\/\/smago.de\/ws2\/wp-json\/wp\/v2\/comments?post=252603"}],"version-history":[{"count":2,"href":"https:\/\/smago.de\/ws2\/wp-json\/wp\/v2\/posts\/252603\/revisions"}],"predecessor-version":[{"id":252606,"href":"https:\/\/smago.de\/ws2\/wp-json\/wp\/v2\/posts\/252603\/revisions\/252606"}],"wp:featuredmedia":[{"embeddable":true,"href":"https:\/\/smago.de\/ws2\/wp-json\/wp\/v2\/media\/252604"}],"wp:attachment":[{"href":"https:\/\/smago.de\/ws2\/wp-json\/wp\/v2\/media?parent=252603"}],"wp:term":[{"taxonomy":"category","embeddable":true,"href":"https:\/\/smago.de\/ws2\/wp-json\/wp\/v2\/categories?post=252603"},{"taxonomy":"post_tag","embeddable":true,"href":"https:\/\/smago.de\/ws2\/wp-json\/wp\/v2\/tags?post=252603"}],"curies":[{"name":"wp","href":"https:\/\/api.w.org\/{rel}","templated":true}]}}