{"id":252584,"date":"2025-12-16T09:52:38","date_gmt":"2025-12-16T08:52:38","guid":{"rendered":"https:\/\/smago.de\/ws2\/?p=252584"},"modified":"2025-12-16T09:52:38","modified_gmt":"2025-12-16T08:52:38","slug":"ich-bin-ein-star-holt-mich-hier-raus-interview-mit-den-moderatoren-sonja-zietlow-und-jan-koeppen","status":"publish","type":"post","link":"https:\/\/smago.de\/ws2\/smago-informiert\/ich-bin-ein-star-holt-mich-hier-raus-interview-mit-den-moderatoren-sonja-zietlow-und-jan-koeppen\/","title":{"rendered":"&#8222;ICH BIN EIN STAR \u2013 HOLT MICH HIER RAUS!&#8220; <br>Interview mit den Moderatoren Sonja Zietlow und Jan K\u00f6ppen!"},"content":{"rendered":"<p style=\"text-align: justify;\">Vorfreude +++ Nervosit\u00e4t vor dem Start +++ Australien als &#8222;zweite Heimat&#8220; +++ Der perfekte Camper +++ Unverhoffte Entwicklungen im Camp +++ Emotionale N\u00e4he zu den Campern +++ Lieblingspr\u00fcfungen +++<!--more--><\/p>\n<p style=\"text-align: justify;\">\n<p style=\"text-align: justify;\">\n<p style=\"text-align: justify;\"><em><strong>Vorfreude<br \/>\n<\/strong><\/em><br \/>\n<strong>Frage: Bald startet wieder eure Lieblingssendung. Seid ihr voller Vorfreude?<\/strong><\/p>\n<p><strong>Jan K\u00f6ppen:<\/strong> Absolut. Es ist absurd, wie schnell das Jahr rum ist. Ab Oktober f\u00fchlt sich alles schon nach Australien an. Es wird \u00fcber Kandidaten ger\u00e4tselt. Klamotten Auswahl geht dann im November bei mir los.<br \/>\nSonja Zietlow: Anfang November bei mir auch. Der Dschungel ist jetzt pr\u00e4sent und ich freue mich jedes Jahr.<\/p>\n<p style=\"text-align: justify;\"><em><strong>Nervosit\u00e4t vor dem Start<br \/>\n<\/strong><\/em><br \/>\n<strong>Frage: Wer von euch ist nerv\u00f6ser?<\/strong><\/p>\n<p><strong>Jan K\u00f6ppen:<\/strong> Wir sind beide zwei abgebr\u00fchte Medienschweine.<\/p>\n<p><strong>Sonja Zietlow:<\/strong> Nerv\u00f6s bin ich nicht. Ich freue mich riesig und liebe es, nach Australien zu fliegen. Bist du nerv\u00f6s?<br \/>\nJan K\u00f6ppen: Nein. Bei meiner dritten Staffel hatte ich das Gef\u00fchl, richtig angekommen zu sein. Die erste Staffel war nat\u00fcrlich sehr aufregend. Alles neu. In der zweiten wollte ich beweisen, dass es wieder gut wird. Auf einmal ist es aber trotzdem anders. Nicht schlechter. Aber anders. Neue Kandidatinnen und Kandidaten. Nach S\u00fcdafrika war im dritten Jahr klar: Jetzt wei\u00df ich wirklich, wie es ist.<\/p>\n<p style=\"text-align: justify;\"><em><strong>Australien als &#8222;zweite Heimat&#8220;<\/strong><\/em><br \/>\n<strong><br \/>\nFrage: Ist Australien f\u00fcr euch eine zweite berufliche Heimat?<\/strong><\/p>\n<p><strong>Sonja Zietlow:<\/strong> Nicht direkt, aber der Dschungel ist f\u00fcr mich seit 20 Jahren ein fester Ort. Man geht immer in dieselbe Mall, an denselben Strand, jede Nacht ins Camp und mittags wieder raus. Das sind unsere Rituale. Viel Zeit f\u00fcr anderes bleibt nicht, au\u00dfer man reist fr\u00fcher an.<\/p>\n<p><strong>Jan K\u00f6ppen:<\/strong> Man kennt Superm\u00e4rkte, Wege, die Umgebung. Ich bin wieder im gleichen Haus wie letztes Jahr. Es f\u00fchlt sich vertraut an. Ich mag Rituale. Zu wissen, wo was ist, hilft in dieser Zeit voller Arbeitsstunden.<\/p>\n<p style=\"text-align: justify;\"><em><strong>Der perfekte Camper<br \/>\n<\/strong><\/em><br \/>\n<strong>Frage: Wie sieht f\u00fcr euch der perfekte Camper aus?<\/strong><\/p>\n<p><strong>Sonja Zietlow:<\/strong> F\u00fcr mich war Lilly Becker die perfekte Kandidatin. Sie war offen, ehrlich, k\u00e4mpferisch, hat gelacht, ist an Grenzen gegangen, ist auch mal zusammengebrochen und hat abgebrochen. Sie war extrovertiert, hatte eine Geschichte zu erz\u00e4hlen und blieb authentisch.<\/p>\n<p><strong>Jan K\u00f6ppen:<\/strong> Extrovertiert, aber nicht unangenehm. Authentisch ist der Schl\u00fcssel.<\/p>\n<p><strong>Sonja Zietlow:<\/strong> Menschen, die etwas erlebt haben, sind spannender als solche, die nur aus einem anderen Format kommen.<\/p>\n<p><strong>Jan K\u00f6ppen:<\/strong> Wenn ein 23-J\u00e4hriger Lebensweisheiten erz\u00e4hlt, nimmt man das nicht immer unbedingt ernst.<\/p>\n<p style=\"text-align: justify;\"><em><strong>Unverhoffte Entwicklungen im Camp<br \/>\n<\/strong><\/em><br \/>\n<strong>Frage: Welche Camper haben euch mit einer \u00fcberraschenden Entwicklung beeindruckt?<\/strong><\/p>\n<p><strong>Sonja Zietlow:<\/strong> Ross Antony. Er wollte am Anfang abbrechen, weinte viel, wurde aber immer st\u00e4rker und am Ende Dschungelk\u00f6nig.<\/p>\n<p><strong>Jan K\u00f6ppen:<\/strong> Ich habe an Sam Dylan gedacht. Am Anfang wirkte vieles gespielt. In der Mitte der Staffel hatte er einen echten Moment, als er im H\u00f6hennetz hing. Pl\u00f6tzlich war da der Mensch hinter der Showfigur. Danach kam wieder der Glitzer, aber dieser Einblick war spannend.<\/p>\n<p><strong>Sonja Zietlow:<\/strong> Menderes hatte auch eine s\u00fc\u00dfe Entwicklung. Und Pierre aus der letzten Staffel war besonders. Ruhig, gelassen, authentisch. Keine klassische Heldenreise, aber ein spannender Charakter, der das Camp auf seine eigene Art beobachtet hat.<\/p>\n<p style=\"text-align: justify;\"><em><strong>Austausch w\u00e4hrend der Staffel<br \/>\n<\/strong><\/em><br \/>\n<strong>Frage: Tauscht ihr euch \u00fcber die Camper aus?<\/strong><\/p>\n<p><strong>Jan K\u00f6ppen:<\/strong> Klar. Wir haben in der Garderobe den Livefeed. Manchmal frage ich Sonja, ob sie eine Szene gesehen hat. Das passiert st\u00e4ndig.<\/p>\n<p><strong>Sonja Zietlow:<\/strong> Wir sind oft von denselben Personen genervt oder m\u00f6gen dieselben. Und wir \u00fcberlegen auch, ob jemand etwas extra sagt. Bei den Votings fiebern wir mit. Es macht Spa\u00df, so nah dran zu sein.<\/p>\n<p style=\"text-align: justify;\"><em><strong>Emotionale N\u00e4he zu den Campern<br \/>\n<\/strong><\/em><br \/>\n<strong>Frage: Entwickelt ihr Sympathien oder Mitleid?<br \/>\n<\/strong><br \/>\n<strong>Jan K\u00f6ppen:<\/strong> Mitleid mit Maurice hatte ich nie.<\/p>\n<p><strong>Sonja Zietlow:<\/strong> Mitleid habe ich selten. Sie wissen, warum sie dort sind. Aber ich mag Heldenreisen. Ich habe meine Favoriten und w\u00fcnsche ihnen, weiterzukommen. Ich habe sogar schon angerufen.<\/p>\n<p><strong>Jan K\u00f6ppen:<\/strong> Ich auch. Wenn dich jemand unterh\u00e4lt oder ber\u00fchrt, willst du, dass die Person drin bleibt. Und manchmal nervt dich diese Person dann wiederum sp\u00e4ter und dann ist es auch okay, wenn er oder sie rausgeht.<\/p>\n<p style=\"text-align: justify;\"><em><strong>N\u00e4he zum Geschehen<br \/>\n<\/strong><\/em><br \/>\n<strong>Frage: Ihr seid sehr nah dran. Wie beeinflusst das eure Arbeit?<\/strong><\/p>\n<p><strong>Sonja Zietlow:<\/strong> Ich liebe diese Wochen. Ich will wissen, was im Camp abgeht, wie die Menschen ticken.<\/p>\n<p><strong>Jan K\u00f6ppen:<\/strong> N\u00e4he hilft uns, Camper fair zu behandeln. Wir sehen sie, egal ob wir sie m\u00f6gen oder nicht. Wir passen Texte an, wenn wir das Gef\u00fchl haben, dass wir jemanden anders wahrnehmen als Autorinnen oder Redaktion.<br \/>\nSonja Zietlow: Authentizit\u00e4t entsteht nur, wenn du tief drin bist. Diese 18 Tage sind intensiv. Danach wirst du ausgespuckt und merkst erst, wie besonders diese Zeit ist.<\/p>\n<p style=\"text-align: justify;\"><em><strong>Lieblingspr\u00fcfungen<br \/>\n<\/strong><\/em><br \/>\n<strong>Frage: Habt ihr eine Lieblingspr\u00fcfung?<\/strong><\/p>\n<p><strong>Sonja Zietlow:<\/strong> Der gro\u00dfe Preis von Murwillumbah. Das Original mit Menderes, Legat, Kasalla und J\u00fcrgen Milski war legend\u00e4r. Danach war es nie wieder ganz so lustig.<\/p>\n<p><strong>Jan K\u00f6ppen:<\/strong> Bei meiner ersten Staffel war das mit Claudia Effenberg, Gigi und Cosimo auch sehr speziell. Und nat\u00fcrlich &#8222;Creek der Sterne&#8220;. Die Wasserschlacht. Das macht allen Spa\u00df. Das ist eine richtige Party.<br \/>\nSonja Zietlow: Ich w\u00fcrde wohl nur bei dieser Pr\u00fcfung selbst mitmachen.<\/p>\n<p style=\"text-align: justify;\"><em><strong>Zusammenarbeit im Laufe der Jahre<br \/>\n<\/strong><\/em><br \/>\n<strong>Frage: Wie hat sich eure Zusammenarbeit entwickelt?<\/strong><\/p>\n<p><strong>Jan K\u00f6ppen:<\/strong> Wir hatten vorher nie zusammengearbeitet und S\u00fcdafrika 2024 hat uns nochmal zusammengeschwei\u00dft. Wir hatten mehr Freizeit, waren essen, haben die Natur erlebt.<\/p>\n<p><strong>Sonja Zietlow:<\/strong> Wir haben uns wie ein altes Ehepaar gef\u00fchlt, von Anfang an.<\/p>\n<p><strong>Jan K\u00f6ppen:<\/strong> Sonja ist unfassbar professionell und offen. Wir erg\u00e4nzen uns gut. Nur meine Z\u00e4hne m\u00f6gen die Autoren nicht immer.<\/p>\n<p><strong>Sonja Zietlow:<\/strong> Ein Autor mag sie. Einer.<\/p>\n<p style=\"text-align: justify;\"><em><strong>Wertsch\u00e4tzung f\u00fcreinander<br \/>\n<\/strong><\/em><br \/>\n<strong>Frage: Sonja, was sch\u00e4tzt du an Jan?<\/strong><\/p>\n<p><strong>Sonja Zietlow:<\/strong> Jan ist p\u00fcnktlich, ausgeschlafen, konzentriert, freundlich, h\u00f6flich und professionell. Er denkt mit und freut sich ehrlich, in Australien zu sein. Das ist wichtig.<\/p>\n<p><strong>Jan K\u00f6ppen:<\/strong> Und ich kann all das zur\u00fcckgeben. Sonja ist nah dran, nimmt jeden Camper ernst, hat mich herzlich aufgenommen und versorgt mich immer mit S\u00fc\u00dfigkeiten.<\/p>\n<p style=\"text-align: justify;\"><em><strong>Looks und Outfits<br \/>\n<\/strong><\/em><br \/>\n<strong>Frage: Jan, deine bunten Outfits wurden auf Instagram gefeiert. Geht es so weiter?<\/strong><\/p>\n<p><strong>Jan K\u00f6ppen: I<\/strong>ch glaube schon. Letztes Jahr war ich ein bisschen gedeckter. Dieses Jahr schauen wir mal. Und ja, ich sehe Fotos aus dem ersten Jahr an und denke: &#8222;Oh Gott!&#8220; Auch das musste sich entwickeln. Langweilig wird\u2019s aber nie.<\/p>\n<p><strong>Sonja Zietlow:<\/strong> Ich liebe seine bunten Farben. Mir steht mein Tunika-Look, auch wenn manche l\u00e4stern. Es ist bequem und luftig.<\/p>\n<p><strong>Jan K\u00f6ppen:<\/strong> Wir haben auch schon Hemden an uns gesehen, bei denen wir dachten, das k\u00f6nnte auch der andere tragen.<\/p>\n<p>&nbsp;<\/p>\n<div class=\"mceTemp\"><\/div>\n<figure id=\"attachment_252585\" aria-describedby=\"caption-attachment-252585\" style=\"width: 800px\" class=\"wp-caption alignnone\"><img decoding=\"async\" loading=\"lazy\" class=\"size-large wp-image-252585\" src=\"https:\/\/smago.de\/ws2\/wp-content\/uploads\/2025\/12\/E004A-3-800x450.jpg\" alt=\"\" width=\"800\" height=\"450\" srcset=\"https:\/\/smago.de\/ws2\/wp-content\/uploads\/2025\/12\/E004A-3-800x450.jpg 800w, https:\/\/smago.de\/ws2\/wp-content\/uploads\/2025\/12\/E004A-3-522x294.jpg 522w, https:\/\/smago.de\/ws2\/wp-content\/uploads\/2025\/12\/E004A-3-267x150.jpg 267w, https:\/\/smago.de\/ws2\/wp-content\/uploads\/2025\/12\/E004A-3-768x432.jpg 768w, https:\/\/smago.de\/ws2\/wp-content\/uploads\/2025\/12\/E004A-3-1536x864.jpg 1536w, https:\/\/smago.de\/ws2\/wp-content\/uploads\/2025\/12\/E004A-3-2048x1152.jpg 2048w, https:\/\/smago.de\/ws2\/wp-content\/uploads\/2025\/12\/E004A-3-392x221.jpg 392w, https:\/\/smago.de\/ws2\/wp-content\/uploads\/2025\/12\/E004A-3-130x73.jpg 130w, https:\/\/smago.de\/ws2\/wp-content\/uploads\/2025\/12\/E004A-3-791x445.jpg 791w, https:\/\/smago.de\/ws2\/wp-content\/uploads\/2025\/12\/E004A-3-870x489.jpg 870w, https:\/\/smago.de\/ws2\/wp-content\/uploads\/2025\/12\/E004A-3-292x164.jpg 292w, https:\/\/smago.de\/ws2\/wp-content\/uploads\/2025\/12\/E004A-3-435x245.jpg 435w, https:\/\/smago.de\/ws2\/wp-content\/uploads\/2025\/12\/E004A-3-895x503.jpg 895w\" sizes=\"(max-width: 800px) 100vw, 800px\" \/><figcaption id=\"caption-attachment-252585\" class=\"wp-caption-text\"><em>Jan K\u00f6ppen und Sonja Zietlow<\/em><\/p>\n<p><em>Foto-Credit: RTL \/ Pascal B\u00fcnning<\/em><\/p>\n<p><em>Bitte beachten Sie auch <strong><a href=\"http:\/\/www.rtlplus.de\">RTL+<\/a><\/strong>!<\/em><\/figcaption><\/figure>\n","protected":false},"excerpt":{"rendered":"<p>Vorfreude +++ Nervosit\u00e4t vor dem Start +++ Australien als &#8222;zweite Heimat&#8220; +++ Der perfekte Camper +++ Unverhoffte Entwicklungen im Camp<\/p>\n","protected":false},"author":2,"featured_media":252585,"comment_status":"open","ping_status":"closed","sticky":false,"template":"","format":"standard","meta":{"_FSMCFIC_featured_image_caption":"","_FSMCFIC_featured_image_nocaption":"","_FSMCFIC_featured_image_hide":""},"categories":[33,128],"tags":[758],"acf":[],"_links":{"self":[{"href":"https:\/\/smago.de\/ws2\/wp-json\/wp\/v2\/posts\/252584"}],"collection":[{"href":"https:\/\/smago.de\/ws2\/wp-json\/wp\/v2\/posts"}],"about":[{"href":"https:\/\/smago.de\/ws2\/wp-json\/wp\/v2\/types\/post"}],"author":[{"embeddable":true,"href":"https:\/\/smago.de\/ws2\/wp-json\/wp\/v2\/users\/2"}],"replies":[{"embeddable":true,"href":"https:\/\/smago.de\/ws2\/wp-json\/wp\/v2\/comments?post=252584"}],"version-history":[{"count":1,"href":"https:\/\/smago.de\/ws2\/wp-json\/wp\/v2\/posts\/252584\/revisions"}],"predecessor-version":[{"id":252586,"href":"https:\/\/smago.de\/ws2\/wp-json\/wp\/v2\/posts\/252584\/revisions\/252586"}],"wp:featuredmedia":[{"embeddable":true,"href":"https:\/\/smago.de\/ws2\/wp-json\/wp\/v2\/media\/252585"}],"wp:attachment":[{"href":"https:\/\/smago.de\/ws2\/wp-json\/wp\/v2\/media?parent=252584"}],"wp:term":[{"taxonomy":"category","embeddable":true,"href":"https:\/\/smago.de\/ws2\/wp-json\/wp\/v2\/categories?post=252584"},{"taxonomy":"post_tag","embeddable":true,"href":"https:\/\/smago.de\/ws2\/wp-json\/wp\/v2\/tags?post=252584"}],"curies":[{"name":"wp","href":"https:\/\/api.w.org\/{rel}","templated":true}]}}