{"id":252581,"date":"2025-12-16T09:34:37","date_gmt":"2025-12-16T08:34:37","guid":{"rendered":"https:\/\/smago.de\/ws2\/?p=252581"},"modified":"2025-12-16T09:34:37","modified_gmt":"2025-12-16T08:34:37","slug":"ich-bin-ein-star-holt-mich-hier-raus-infos-ueber-die-weiteren-dschungelshows-2026","status":"publish","type":"post","link":"https:\/\/smago.de\/ws2\/smago-informiert\/ich-bin-ein-star-holt-mich-hier-raus-infos-ueber-die-weiteren-dschungelshows-2026\/","title":{"rendered":"&#8222;ICH BIN EIN STAR \u2013 HOLT MICH HIER RAUS!&#8220; <br>Infos \u00fcber die weiteren Dschungelshows 2026!"},"content":{"rendered":"<p style=\"text-align: justify;\">Was im Zeitraum 18.01. &#8211; 22.02.2026 ZUS\u00c4TZLICH alles geboten ist, das erfahren Sie HIER &#8230;:<br \/>\n<!--more--><\/p>\n<p style=\"text-align: justify;\">\n<p style=\"text-align: justify;\">\n<p style=\"text-align: justify;\">\n<div id=\"rubrik_2\" class=\"contentblock\" style=\"text-align: justify;\">\n<p>Neue Show, am So., 18.01., 19:05 Uhr bei RTL &amp; auf RTL+<\/p>\n<p><strong>&#8222;Ich bin ein Star \u2013 Holt mich hier raus!\u00a0Die Warm-Up-Show&#8220;<br \/>\n<\/strong><br \/>\nZum ersten Mal in der Dschungelgeschichte wird schon vor dem Start gefeiert! Angela Finger-Erben und Olivia Jones entfachen in der Warm-Up-Show live aus K\u00f6ln das Dschungelfieber. Mit Live-Schalten nach Australien, ersten Eindr\u00fccken der neuen Camper und exklusiven News rund ums Camp wird die Vorfreude angeheizt. Im Studio mischt eine bunte G\u00e4steschar mit Witz und Meinung \u00fcber ihre Favoriten f\u00fcr die Dschungelkrone mit.<\/p>\n<p>Ab Fr., 23.01., t\u00e4glich live nach IBES bei RTL &amp; auf RTL+<br \/>\n<strong><br \/>\n&#8222;Ich bin ein Star\u00a0\u2013 Holt mich hier raus! Die Stunde danach&#8220;<\/strong><\/p>\n<p>Im Dschungel tobt das Chaos, in K\u00f6ln wird dr\u00fcber geredet: In &#8222;Die Stunde danach&#8220; \u00fcbernehmen Angela Finger-Erben und Olivia Jones direkt nach &#8222;Ich bin ein Star \u2013 Holt mich hier raus!&#8220; das Kommando. T\u00e4glich live begr\u00fc\u00dfen sie ehemalige Camper, prominente Fans und Dschungelkenner und liefern die frechste Nachlese des Abends \u2013 mit spitzen Analysen, hei\u00dfen Insiderstorys und jeder Menge Spa\u00df. Wenn im Camp die Glut glimmt, lodert hier der Buschfunk.<\/p>\n<p>Neue Show, am So., 25.01. &amp; So. 01.02., jeweils 19:05 Uhr bei RTL &amp; RTL+<br \/>\n<strong><br \/>\n&#8222;Ich bin ein Star\u00a0\u2013 Holt mich hier raus! Die Stunde davor&#8220;<\/strong><\/p>\n<p>Der Countdown zum Dschungel l\u00e4uft! Angela Finger-Erben und Olivia Jones stimmen in &#8222;Die Stunde davor&#8220; live aus K\u00f6ln auf das gro\u00dfe Abenteuer ein. Mit exklusiven Einblicken, aktuellen Updates und jeder Menge Insiderwissen blicken sie mit Studio-G\u00e4sten auf die Dschungelstars, ihre Pr\u00fcfungen und Camp-Geheimnisse. Frech, witzig und mit ganz viel Vorfreude auf das, was in der neuen Dschungelcamp-Folge im Anschluss passiert.<\/p>\n<p>Live, am So., 08.02., 20:15 Uhr bei RTL &amp; auf RTL+<br \/>\n<strong><br \/>\n&#8222;Ich bin ein Star \u2013 Holt mich hier raus! Das gro\u00dfe Finale&#8220;<\/strong><\/p>\n<p>Kr\u00f6nungszeit im Dschungelcamp! Nach mehr als zwei Wochen voller Mutproben, Emotionen und Lagerfeuerdramen steht das gro\u00dfe Finale bevor. In ihren letzten Pr\u00fcfungen m\u00fcssen die verbliebenen Stars noch einmal alles geben und zeigen, was wirklich in ihnen steckt. Doch am Ende liegt die Entscheidung beim Publikum: Die Zuschauer k\u00fcren live, wer die Krone bekommt und sich Dschungelk\u00f6nigin oder Dschungelk\u00f6nig 2026 nennen darf.<\/p>\n<p>Am Mo., 09.02., 20:15 Uhr bei RTL &amp; auf RTL+<br \/>\n<strong><br \/>\n&#8222;Ich bin ein Star &#8211; Holt mich hier raus! Das gro\u00dfe Wiedersehen&#8220;<\/strong><\/p>\n<p>Der Dschungel geht in die Verl\u00e4ngerung! Im Baumhaus kommen alle Stars noch einmal zusammen, feiern die Dschungelk\u00f6nigin oder den Dschungelk\u00f6nig 2026 und blicken auf ihre gemeinsame Zeit zur\u00fcck. In bester Camp-Tradition wird gelacht, gel\u00e4stert und auch ein bisschen gezankt. Au\u00dferdem pr\u00e4sentieren Sonja Zietlow und Jan K\u00f6ppen die emotionalsten, skurrilsten und unvergesslichsten Momente der vergangenen Staffel.<\/p>\n<p>Am So., 22.02., 20:15 Uhr bei RTL &amp; auf RTL+<br \/>\n<strong><br \/>\n&#8222;Ich bin ein Star &#8211; Holt mich hier raus! Das Nachspiel&#8220;<\/strong><\/p>\n<p>Der Dschungel ist vorbei, doch die Geschichten gehen weiter! In &#8222;Das Nachspiel&#8220; treffen die zw\u00f6lf Stars wieder aufeinander, frisch frisiert, aber mit reichlich Z\u00fcndstoff und offenen Rechnungen im Gep\u00e4ck. Wer sucht Vers\u00f6hnung, wer entfacht den n\u00e4chsten Streit? Wer hat seine Krone poliert, wer schmiedet neue Pl\u00e4ne \u2013 und wer sorgt erneut f\u00fcr Gespr\u00e4chsstoff? Sonja Zietlow und Jan K\u00f6ppen f\u00fchren durch das gro\u00dfe Nachspiel nach dem Dschungelcamp.<\/p>\n<\/div>\n<p>&nbsp;<\/p>\n<p>&nbsp;<\/p>\n<figure id=\"attachment_252582\" aria-describedby=\"caption-attachment-252582\" style=\"width: 800px\" class=\"wp-caption alignnone\"><img decoding=\"async\" loading=\"lazy\" class=\"size-large wp-image-252582\" src=\"https:\/\/smago.de\/ws2\/wp-content\/uploads\/2025\/12\/36A92-3-800x450.jpg\" alt=\"\" width=\"800\" height=\"450\" srcset=\"https:\/\/smago.de\/ws2\/wp-content\/uploads\/2025\/12\/36A92-3-800x450.jpg 800w, https:\/\/smago.de\/ws2\/wp-content\/uploads\/2025\/12\/36A92-3-522x294.jpg 522w, https:\/\/smago.de\/ws2\/wp-content\/uploads\/2025\/12\/36A92-3-267x150.jpg 267w, https:\/\/smago.de\/ws2\/wp-content\/uploads\/2025\/12\/36A92-3-768x432.jpg 768w, https:\/\/smago.de\/ws2\/wp-content\/uploads\/2025\/12\/36A92-3-1536x864.jpg 1536w, https:\/\/smago.de\/ws2\/wp-content\/uploads\/2025\/12\/36A92-3-2048x1152.jpg 2048w, https:\/\/smago.de\/ws2\/wp-content\/uploads\/2025\/12\/36A92-3-392x221.jpg 392w, https:\/\/smago.de\/ws2\/wp-content\/uploads\/2025\/12\/36A92-3-130x73.jpg 130w, https:\/\/smago.de\/ws2\/wp-content\/uploads\/2025\/12\/36A92-3-791x445.jpg 791w, https:\/\/smago.de\/ws2\/wp-content\/uploads\/2025\/12\/36A92-3-870x489.jpg 870w, https:\/\/smago.de\/ws2\/wp-content\/uploads\/2025\/12\/36A92-3-292x164.jpg 292w, https:\/\/smago.de\/ws2\/wp-content\/uploads\/2025\/12\/36A92-3-435x245.jpg 435w, https:\/\/smago.de\/ws2\/wp-content\/uploads\/2025\/12\/36A92-3-895x503.jpg 895w\" sizes=\"(max-width: 800px) 100vw, 800px\" \/><figcaption id=\"caption-attachment-252582\" class=\"wp-caption-text\"><em>Logo zu &#8222;Ich bin ein Star &#8211; Holt mich hier raus&#8220;<\/em><\/p>\n<p><em>Foto-Credit: RTL<\/em><\/p>\n<p><em>Bitte beachten Sie auch <strong><a href=\"http:\/\/www.rtlplus.de\">RTL+<\/a><\/strong>!<\/em><\/figcaption><\/figure>\n<div id=\"rubrik_3\" class=\"contentblock\" style=\"text-align: justify;\"><\/div>\n","protected":false},"excerpt":{"rendered":"<p>Was im Zeitraum 18.01. &#8211; 22.02.2026 ZUS\u00c4TZLICH alles geboten ist, das erfahren Sie HIER &#8230;:<\/p>\n","protected":false},"author":2,"featured_media":252582,"comment_status":"open","ping_status":"closed","sticky":false,"template":"","format":"standard","meta":{"_FSMCFIC_featured_image_caption":"","_FSMCFIC_featured_image_nocaption":"","_FSMCFIC_featured_image_hide":""},"categories":[33,128],"tags":[758],"acf":[],"_links":{"self":[{"href":"https:\/\/smago.de\/ws2\/wp-json\/wp\/v2\/posts\/252581"}],"collection":[{"href":"https:\/\/smago.de\/ws2\/wp-json\/wp\/v2\/posts"}],"about":[{"href":"https:\/\/smago.de\/ws2\/wp-json\/wp\/v2\/types\/post"}],"author":[{"embeddable":true,"href":"https:\/\/smago.de\/ws2\/wp-json\/wp\/v2\/users\/2"}],"replies":[{"embeddable":true,"href":"https:\/\/smago.de\/ws2\/wp-json\/wp\/v2\/comments?post=252581"}],"version-history":[{"count":1,"href":"https:\/\/smago.de\/ws2\/wp-json\/wp\/v2\/posts\/252581\/revisions"}],"predecessor-version":[{"id":252583,"href":"https:\/\/smago.de\/ws2\/wp-json\/wp\/v2\/posts\/252581\/revisions\/252583"}],"wp:featuredmedia":[{"embeddable":true,"href":"https:\/\/smago.de\/ws2\/wp-json\/wp\/v2\/media\/252582"}],"wp:attachment":[{"href":"https:\/\/smago.de\/ws2\/wp-json\/wp\/v2\/media?parent=252581"}],"wp:term":[{"taxonomy":"category","embeddable":true,"href":"https:\/\/smago.de\/ws2\/wp-json\/wp\/v2\/categories?post=252581"},{"taxonomy":"post_tag","embeddable":true,"href":"https:\/\/smago.de\/ws2\/wp-json\/wp\/v2\/tags?post=252581"}],"curies":[{"name":"wp","href":"https:\/\/api.w.org\/{rel}","templated":true}]}}