{"id":252578,"date":"2025-12-16T09:27:32","date_gmt":"2025-12-16T08:27:32","guid":{"rendered":"https:\/\/smago.de\/ws2\/?p=252578"},"modified":"2025-12-16T09:27:32","modified_gmt":"2025-12-16T08:27:32","slug":"ich-bin-ein-star-holt-mich-hier-raus-neue-staffel-ab-dem-23-01-2026-taeglich-live-zur-primetime-bei-rtl-und-auf-rtl","status":"publish","type":"post","link":"https:\/\/smago.de\/ws2\/smago-informiert\/ich-bin-ein-star-holt-mich-hier-raus-neue-staffel-ab-dem-23-01-2026-taeglich-live-zur-primetime-bei-rtl-und-auf-rtl\/","title":{"rendered":"&#8222;ICH BIN EIN STAR \u2013 HOLT MICH HIER RAUS!&#8220; <br>Neue Staffel ab dem 23.01.2026 t\u00e4glich live zur Primetime bei RTL und auf RTL+!"},"content":{"rendered":"<p>Fit f\u00fcr den 17 Tage Dschungel-Marathon?<!--more--><\/p>\n<p>&nbsp;<\/p>\n<p style=\"text-align: justify;\">\n<p style=\"text-align: justify;\">Schwei\u00dfband auf, Trainingsjacke an und Bauch rein, denn das ultimative Reality-Workout steht bevor! W\u00e4hrend sich andere im Januar im Fitnessstudio qu\u00e4len, startet bei RTL das wahre Ausdauerprogramm: der 17-t\u00e4gige Dschungel-Marathon. Ab Freitag, 23. Januar 2026, hei\u00dft es wieder: &#8222;Ich bin ein Star \u2013 Holt mich hier raus!&#8220; \u2013 t\u00e4glich zur besten Sendezeit um 20:15 Uhr, live aus Australien bei RTL und auf RTL+.<\/p>\n<p>Zw\u00f6lf Stars erleben im Dschungelcamp spektakul\u00e4re Pr\u00fcfungen, emotionale H\u00f6hen und Tiefen und \u00fcberraschende Wendungen. Sonja Zietlow und Jan K\u00f6ppen f\u00fchren mit Witz, Charme und Augenzwinkern durch den unterhaltsamsten TV-Marathon des Jahres. Dr. Bob ist nat\u00fcrlich auch wieder dabei. Wer die zw\u00f6lf Stars der 19. Staffel sind, bleibt vorerst noch geheim.<\/p>\n<p>Ausdauer, Nervenst\u00e4rke und der unbedingte Wille zu gewinnen \u2013 was im Dschungelcamp z\u00e4hlt, z\u00e4hlt auch im American Football: Am Sonntag, 8. Februar, erwartet die Zuschauer wieder ein echter Doppel-Showdown bei RTL! Nach dem gro\u00dfen Finale von &#8222;Ich bin ein Star \u2013 Holt mich hier raus!&#8220; pr\u00e4sentiert der K\u00f6lner Sender ab 23:15 Uhr den NFL Super Bowl LX live aus dem Levi&#8217;s Stadium in Santa Clara. Zuvor er\u00f6ffnet bereits um 19:00 Uhr die Free-TV-Premiere der RTL+ Doku &#8222;THE GAME \u2013 Die NFL erobert Deutschland&#8220; \u00fcber die bewegende Geschichte der National Football League den Super-Final-Sonntag. Der exklusive RTL+ Release der Doku ist f\u00fcr Januar vorgesehen.<\/p>\n<p>&nbsp;<\/p>\n<p>&nbsp;<\/p>\n<figure id=\"attachment_252579\" aria-describedby=\"caption-attachment-252579\" style=\"width: 800px\" class=\"wp-caption alignnone\"><img decoding=\"async\" loading=\"lazy\" class=\"size-large wp-image-252579\" src=\"https:\/\/smago.de\/ws2\/wp-content\/uploads\/2025\/12\/IBES25-800x450.jpg\" alt=\"\" width=\"800\" height=\"450\" srcset=\"https:\/\/smago.de\/ws2\/wp-content\/uploads\/2025\/12\/IBES25-800x450.jpg 800w, https:\/\/smago.de\/ws2\/wp-content\/uploads\/2025\/12\/IBES25-522x294.jpg 522w, https:\/\/smago.de\/ws2\/wp-content\/uploads\/2025\/12\/IBES25-267x150.jpg 267w, https:\/\/smago.de\/ws2\/wp-content\/uploads\/2025\/12\/IBES25-768x432.jpg 768w, https:\/\/smago.de\/ws2\/wp-content\/uploads\/2025\/12\/IBES25-392x221.jpg 392w, https:\/\/smago.de\/ws2\/wp-content\/uploads\/2025\/12\/IBES25-130x73.jpg 130w, https:\/\/smago.de\/ws2\/wp-content\/uploads\/2025\/12\/IBES25-791x445.jpg 791w, https:\/\/smago.de\/ws2\/wp-content\/uploads\/2025\/12\/IBES25-870x489.jpg 870w, https:\/\/smago.de\/ws2\/wp-content\/uploads\/2025\/12\/IBES25-292x164.jpg 292w, https:\/\/smago.de\/ws2\/wp-content\/uploads\/2025\/12\/IBES25-435x245.jpg 435w, https:\/\/smago.de\/ws2\/wp-content\/uploads\/2025\/12\/IBES25-895x503.jpg 895w, https:\/\/smago.de\/ws2\/wp-content\/uploads\/2025\/12\/IBES25.jpg 1150w\" sizes=\"(max-width: 800px) 100vw, 800px\" \/><figcaption id=\"caption-attachment-252579\" class=\"wp-caption-text\"><em>Jan K\u00f6ppen und Sonja Zietlow<\/em><\/p>\n<p><em>Foto: RTL \/ Pascal B\u00fcnning<\/em><\/p>\n<p><em>Bitte beachten Sie auch <strong><a href=\"http:\/\/www.rtlplus.de\">RTL+<\/a><\/strong>!<\/em><\/figcaption><\/figure>\n","protected":false},"excerpt":{"rendered":"<p>Fit f\u00fcr den 17 Tage Dschungel-Marathon?<\/p>\n","protected":false},"author":2,"featured_media":252579,"comment_status":"open","ping_status":"closed","sticky":false,"template":"","format":"standard","meta":{"_FSMCFIC_featured_image_caption":"","_FSMCFIC_featured_image_nocaption":"","_FSMCFIC_featured_image_hide":""},"categories":[33,39,128],"tags":[758],"acf":[],"_links":{"self":[{"href":"https:\/\/smago.de\/ws2\/wp-json\/wp\/v2\/posts\/252578"}],"collection":[{"href":"https:\/\/smago.de\/ws2\/wp-json\/wp\/v2\/posts"}],"about":[{"href":"https:\/\/smago.de\/ws2\/wp-json\/wp\/v2\/types\/post"}],"author":[{"embeddable":true,"href":"https:\/\/smago.de\/ws2\/wp-json\/wp\/v2\/users\/2"}],"replies":[{"embeddable":true,"href":"https:\/\/smago.de\/ws2\/wp-json\/wp\/v2\/comments?post=252578"}],"version-history":[{"count":1,"href":"https:\/\/smago.de\/ws2\/wp-json\/wp\/v2\/posts\/252578\/revisions"}],"predecessor-version":[{"id":252580,"href":"https:\/\/smago.de\/ws2\/wp-json\/wp\/v2\/posts\/252578\/revisions\/252580"}],"wp:featuredmedia":[{"embeddable":true,"href":"https:\/\/smago.de\/ws2\/wp-json\/wp\/v2\/media\/252579"}],"wp:attachment":[{"href":"https:\/\/smago.de\/ws2\/wp-json\/wp\/v2\/media?parent=252578"}],"wp:term":[{"taxonomy":"category","embeddable":true,"href":"https:\/\/smago.de\/ws2\/wp-json\/wp\/v2\/categories?post=252578"},{"taxonomy":"post_tag","embeddable":true,"href":"https:\/\/smago.de\/ws2\/wp-json\/wp\/v2\/tags?post=252578"}],"curies":[{"name":"wp","href":"https:\/\/api.w.org\/{rel}","templated":true}]}}