{"id":252537,"date":"2025-12-16T00:00:40","date_gmt":"2025-12-15T23:00:40","guid":{"rendered":"https:\/\/smago.de\/ws2\/?p=252537"},"modified":"2025-12-15T17:24:06","modified_gmt":"2025-12-15T16:24:06","slug":"smago-award-das-grosse-update-zum-smago-award-oesterreich-6-0-15-jahre-smago-award-am-08-04-2026-in-der-hohenhaus-tenne-in-schladming","status":"publish","type":"post","link":"https:\/\/smago.de\/ws2\/party-schlager\/smago-award-das-grosse-update-zum-smago-award-oesterreich-6-0-15-jahre-smago-award-am-08-04-2026-in-der-hohenhaus-tenne-in-schladming\/","title":{"rendered":"smago! AWARD <br>Das gro\u00dfe Update zum &#8222;smago! Award \u00d6sterreich 6.0 \u2013 15 Jahre SMAGO Award&#8220; am 08.04.2026 in der Hohenhaus Tenne in Schladming!"},"content":{"rendered":"<p style=\"text-align: justify;\">Sichern Sie sich jetzt Ihr Ticket!<!--more--><\/p>\n<p>&nbsp;<\/p>\n<p>&nbsp;<\/p>\n<p style=\"text-align: justify;\"><strong><span style=\"color: #ff0000;\"><br \/>\nAus aktuellem Anlass: <em>smago!<\/em> bittet inst\u00e4ndig darum, von Initiativbewerbungen, \u201eNominierungsanfragen\u201c f\u00fcr den <em>smago!<\/em> Award und f\u00fcr Auftrittsanfragen beim <em>smago!<\/em> Award abzusehen.<\/span><\/strong><\/p>\n<p style=\"text-align: justify;\"><strong><span style=\"color: #ff0000;\">Und Karten f\u00fcr den <em>smago!<\/em> Award gibt es <a style=\"color: #ff0000;\" href=\"https:\/\/www.oeticket.com\/artist\/smago-award\/\"><span style=\"color: #339966;\">HIER<\/span><\/a> bei \u00d6-Ticket! Herzlichen Dank f\u00fcrs Verst\u00e4ndnis.<\/span><\/strong><\/p>\n<p>&nbsp;<\/p>\n<p id=\"isPasted\" class=\"default\" style=\"text-align: justify;\">Der <strong><em>smago!<\/em> Award<\/strong> wurde 2011 von dem bereits im Jahre 1999 gegr\u00fcndeten Online-Portal <strong><a href=\"http:\/\/www.smago.de\/\">www.smago.de<\/a><\/strong> (= SchlagerMAGazin Online) ins Leben gerufen und feiert somit 2026 seine \u201eKristallhochzeit\u201c \/\/ \u201eGl\u00e4serne Hochzeit\u201c.<\/p>\n<p class=\"default\" style=\"text-align: justify;\">Selbstverst\u00e4ndlich (!) wird auch der <strong><em>smago!<\/em> Award<\/strong> \u00d6sterreich 6.0 wieder von <strong>Marc Pircher<\/strong> moderiert, der nat\u00fcrlich auch als S\u00e4nger in Erscheinung treten und mit Sicherheit auch seinen Titel \u201eRuf mich wieder an, wenn du Single bist\u201c vorstellen wird.<\/p>\n<p class=\"default\" style=\"text-align: justify;\">Die ersten G\u00e4ste des <em>smago!<\/em> Awards \u00d6sterreich 6.0 stehen ebenfalls bereits fest: So wird <strong>Markus Wolfahrt <\/strong>nicht nur ein weiteres Mal sein \u201e<strong>Klostertaler Hit-Feuerwerk<\/strong>\u201c entfachen, sondern mit uns sein 50-j\u00e4hriges B\u00fchnenjubil\u00e4um feiern.<\/p>\n<p style=\"text-align: justify;\">Mit den <strong>AlpenRebellen<\/strong> d\u00fcrfen wir die Urv\u00e4ter des Superhits \u201eRock mi\u201c begr\u00fc\u00dfen. Beim gro\u00dfen \u201eWenn die Musi spielt \u2013 Sommer Open Air 2025\u201c sorgten die AlpenRebellen f\u00fcr DAS \u00dcberraschungs-Comeback.<\/p>\n<p class=\"default\" style=\"text-align: justify;\">Auch f\u00fcr Die <strong>Edlseer<\/strong> sowie <strong>Die jungen Zillertaler<\/strong> stehen 2026 besondere Jubil\u00e4en an.<\/p>\n<p class=\"default\" style=\"text-align: justify;\">Und: Wir holen <strong>Die Stoakogler<\/strong> aus ihrer Rente zur\u00fcck. Sie werden mit dem \u201eLegenden-Award\u201c ausgezeichnet.<\/p>\n<p class=\"default\" style=\"text-align: justify;\">Endlich, endlich hat es einmal geklappt: Zum ersten Mal d\u00fcrfen wir <strong>Matty Valentino<\/strong>, den Apr\u00e8s Ski Star Nr. 1, beim <em>smago!<\/em> Award \u00d6sterreich begr\u00fc\u00dfen.<\/p>\n<p style=\"text-align: justify;\">Es ist uns eine ganz besondere Freude und Ehre, dass ORF-Starmoderator <strong>Marco Ventre<\/strong> ein weiteres Mal mit von der Partie sein wird.<\/p>\n<p style=\"text-align: justify;\">Auch <strong>Tiroler Schm\u00e4h<\/strong> ist ein &#8222;Wiederholungst\u00e4ter&#8220;.<em> smago!<\/em> freut sich riesig, dass auch er am 08.04.2026 wieder mit dabei ist.<\/p>\n<p class=\"default\" style=\"text-align: justify;\">Sie ist \u2013 und das seit 35 Jahren \u2013 die hei\u00dfeste Verf\u00fchrung, seit es den \u00f6sterreichischen Popschlager gibt: <strong>Simone<\/strong>.<\/p>\n<p style=\"text-align: justify;\">Und SIE befindet sich weiterhin auf der \u00dcberholspur: <strong>Natalie Holzner<\/strong>. Speziell mit ihren letzten Singles &#8222;Kleopatra&#8220; und &#8222;Jedes Jahr&#8220; stellte sie ihre enorme Wandlungsf\u00e4higkeit unter Beweis.<\/p>\n<p style=\"text-align: justify;\">Des Weiteren freuen wir uns sehr, dass sich\u00a0 <strong>Silvio Samoni<\/strong> f\u00fcr den 08.04.2026 freischaufeln konnte. Er feierte in diesem Jahr sein 15-j\u00e4hriges B\u00fchnenjubil\u00e4um.<\/p>\n<p class=\"default\" style=\"text-align: justify;\">Als <strong>G\u00e4ste aus Deutschland<\/strong> haben sich u. a. <strong>Die Rodensteiner<\/strong> angesagt, die ihren Superhit \u201eWind im Haar (Bella Italia)\u201c im September 2026 auch beim legend\u00e4ren \u201e<strong>Nockisfest<\/strong>\u201c pr\u00e4sentieren werden.<\/p>\n<p style=\"text-align: justify;\">Au\u00dferdem freuen wir uns \u00fcber die Zusage der <strong>Gro\u00dfstadtEngel<\/strong>, die somit auch beim <em>smago!<\/em> Award \u00d6sterreich 6.0 \u2013 15 Jahre smago! Award &#8222;Gute Laune&#8220; verbreiten werden.<\/p>\n<p class=\"default\" style=\"text-align: justify;\">Und: Es deutet sich eine echte Sensation an. Denn aller Wahrscheinlichkeit nach d\u00fcrfen wir Ihnen den \u201eHit des Jahres 2025\u201c, \u201eSchau\u2018 mal herein (Die Tasse Kaffee)\u201c in einer bislang noch nie da gewesenen Konstellation pr\u00e4sentieren \u2013 <strong>Peter Orloff<\/strong>, Textdichter und Produzent der \u201aDeutschen Originalaufnahme\u2018 des Welthits \u201eStumblin\u2018 In\u201c, gemeinsam mit der Originalinterpretin des Titels \u201eSchau mal herein<span id=\"isPasted\">\u201c<\/span> \u2013 der wunderbaren und einzigartigen <strong>Marion Maerz<\/strong>. Marion Maerz (b\u00fcrgerlich: Marion Litterscheidt) ist im \u00dcbrigen die erste Ehefrau des \u201eWetten, dass ..?\u201c Erfinders Frank Elstner, mit dem sie eine gemeinsame Tochter (Mascha) hat. Mascha ist selbst eine begnadete Musikerin. Marion Maerz wird sich exklusiv beim smago! Award noch einmal in der \u00d6ffentlichkeit zeigen. Es ist uns eine ganz besondere Freude und Ehre, dass Marion Maerz, die wahrscheinlich meistuntersch\u00e4tzte S\u00e4ngerin Deutschlands, f\u00fcr den 08.04.2026 zugesagt hat.<\/p>\n<p style=\"text-align: justify;\">SEINE Version des Titels &#8222;Gianna&#8220; \u2013 im <em>Harris &amp; Ford x Big Tim Remix<\/em> \u2013\u00a0 ging richtig viral: <strong>Pietro Basile<\/strong> hat es mit &#8222;Gianna&#8220; sogar in die Offiziellen Deutschen Single JAHRESCHARTS geschafft (Rang 98). Und das, obwohl er (in Deutschland) &#8222;nur&#8220; Platz 34 der Offiziellen Deutschen Single Charts erreichte, sich daf\u00fcr aber 22 Wochen in den Top 100 Charts behaupten konnte. In \u00d6sterreich hat er es mit &#8222;Gianna&#8220; bis auf Position 5 geschafft. In den \u00f6sterreichischen JAHRESCHARTS hat es f\u00fcr einen sensationellen 13. Platz gereicht.<\/p>\n<p class=\"default\" style=\"text-align: justify;\">Aus der <strong>Schweiz<\/strong> hat sich kein Geringerer als <strong>Vincent Gross<\/strong> angesagt, der daf\u00fcr Sorge tragen wird, dass sich die <strong>Hohenhaus Tenne<\/strong> in Schladming \u00fcber einen entsprechend hohen Getr\u00e4nkeumsatz freuen wird \u2026<\/p>\n<p class=\"default\" style=\"text-align: justify;\">Als Ehreng\u00e4ste ohne Gesangsauftritt d\u00fcrfen wir <strong>Marianne &amp; Michael<\/strong> in unserer Mitte begr\u00fc\u00dfen. \u201eM &amp; M\u201c werden in der Kategorie \u201eLebenswerk\u201c ausgezeichnet.<i><\/i><\/p>\n<p>&nbsp;<\/p>\n<p style=\"text-align: justify;\"><img decoding=\"async\" loading=\"lazy\" class=\"alignnone size-large wp-image-252538\" src=\"https:\/\/smago.de\/ws2\/wp-content\/uploads\/2025\/12\/award_schladming-565x800.jpg\" alt=\"\" width=\"565\" height=\"800\" srcset=\"https:\/\/smago.de\/ws2\/wp-content\/uploads\/2025\/12\/award_schladming-565x800.jpg 565w, https:\/\/smago.de\/ws2\/wp-content\/uploads\/2025\/12\/award_schladming-369x522.jpg 369w, https:\/\/smago.de\/ws2\/wp-content\/uploads\/2025\/12\/award_schladming-106x150.jpg 106w, https:\/\/smago.de\/ws2\/wp-content\/uploads\/2025\/12\/award_schladming-768x1087.jpg 768w, https:\/\/smago.de\/ws2\/wp-content\/uploads\/2025\/12\/award_schladming-1085x1536.jpg 1085w, https:\/\/smago.de\/ws2\/wp-content\/uploads\/2025\/12\/award_schladming-1447x2048.jpg 1447w, https:\/\/smago.de\/ws2\/wp-content\/uploads\/2025\/12\/award_schladming-192x272.jpg 192w, https:\/\/smago.de\/ws2\/wp-content\/uploads\/2025\/12\/award_schladming-424x600.jpg 424w, https:\/\/smago.de\/ws2\/wp-content\/uploads\/2025\/12\/award_schladming-92x130.jpg 92w, https:\/\/smago.de\/ws2\/wp-content\/uploads\/2025\/12\/award_schladming-314x445.jpg 314w, https:\/\/smago.de\/ws2\/wp-content\/uploads\/2025\/12\/award_schladming-134x190.jpg 134w, https:\/\/smago.de\/ws2\/wp-content\/uploads\/2025\/12\/award_schladming-205x290.jpg 205w, https:\/\/smago.de\/ws2\/wp-content\/uploads\/2025\/12\/award_schladming-scaled.jpg 1808w\" sizes=\"(max-width: 565px) 100vw, 565px\" \/><\/p>\n","protected":false},"excerpt":{"rendered":"<p>Sichern Sie sich jetzt Ihr Ticket!<\/p>\n","protected":false},"author":2,"featured_media":252538,"comment_status":"open","ping_status":"closed","sticky":false,"template":"","format":"standard","meta":{"_FSMCFIC_featured_image_caption":"","_FSMCFIC_featured_image_nocaption":"","_FSMCFIC_featured_image_hide":""},"categories":[26,28,29,39],"tags":[41],"acf":[],"_links":{"self":[{"href":"https:\/\/smago.de\/ws2\/wp-json\/wp\/v2\/posts\/252537"}],"collection":[{"href":"https:\/\/smago.de\/ws2\/wp-json\/wp\/v2\/posts"}],"about":[{"href":"https:\/\/smago.de\/ws2\/wp-json\/wp\/v2\/types\/post"}],"author":[{"embeddable":true,"href":"https:\/\/smago.de\/ws2\/wp-json\/wp\/v2\/users\/2"}],"replies":[{"embeddable":true,"href":"https:\/\/smago.de\/ws2\/wp-json\/wp\/v2\/comments?post=252537"}],"version-history":[{"count":4,"href":"https:\/\/smago.de\/ws2\/wp-json\/wp\/v2\/posts\/252537\/revisions"}],"predecessor-version":[{"id":252567,"href":"https:\/\/smago.de\/ws2\/wp-json\/wp\/v2\/posts\/252537\/revisions\/252567"}],"wp:featuredmedia":[{"embeddable":true,"href":"https:\/\/smago.de\/ws2\/wp-json\/wp\/v2\/media\/252538"}],"wp:attachment":[{"href":"https:\/\/smago.de\/ws2\/wp-json\/wp\/v2\/media?parent=252537"}],"wp:term":[{"taxonomy":"category","embeddable":true,"href":"https:\/\/smago.de\/ws2\/wp-json\/wp\/v2\/categories?post=252537"},{"taxonomy":"post_tag","embeddable":true,"href":"https:\/\/smago.de\/ws2\/wp-json\/wp\/v2\/tags?post=252537"}],"curies":[{"name":"wp","href":"https:\/\/api.w.org\/{rel}","templated":true}]}}