{"id":252533,"date":"2025-12-15T11:17:33","date_gmt":"2025-12-15T10:17:33","guid":{"rendered":"https:\/\/smago.de\/ws2\/?p=252533"},"modified":"2025-12-15T11:17:33","modified_gmt":"2025-12-15T10:17:33","slug":"eurovision-song-contest-vienna-calling-wer-singt-fuer-oesterreich-das-sind-die-top-12","status":"publish","type":"post","link":"https:\/\/smago.de\/ws2\/pop\/eurovision-song-contest-vienna-calling-wer-singt-fuer-oesterreich-das-sind-die-top-12\/","title":{"rendered":"&#8222;EUROVISION SONG CONTEST&#8220; <br>\u201eVienna Calling \u2013 Wer singt f\u00fcr \u00d6sterreich?\u201c: Das sind die Top 12!"},"content":{"rendered":"<p style=\"text-align: justify;\">Live-Show zum nationalen ESC-Vorentscheid am 20.02.2026 um 20.15 Uhr in ORF 1 und auf ORF ON!<br \/>\n<!--more--><\/p>\n<p style=\"text-align: justify;\">\n<p style=\"text-align: justify;\">\n<p style=\"text-align: justify;\">\n<div class=\"paragraph default flex flex-col gap-4\" style=\"text-align: justify;\" data-v-3113abd1=\"\" data-v-d954116f=\"\">\n<p data-v-3113abd1=\"\">Von Wien \u00fcber K\u00e4rnten und die Steiermark bis nach Tirol, von Pop und Rock bis Ballade: Aus mehr als 500 Bewerbungen aus allen Bundesl\u00e4ndern, in verschiedenen Sprachen und quer durch alle Genres sind nun zwei Bands und zehn Einzelk\u00fcnstlerinnen und -k\u00fcnstler ihrem gro\u00dfen Traum, \u00d6sterreich am Samstag, dem 16. Mai 2026, beim 70. Eurovision Song Contest in Wien zu vertreten, einen Schritt n\u00e4her. Diese zw\u00f6lf Acts haben das ORF-Redaktionsteam und die Scouts mit herausragender B\u00fchnenpr\u00e4senz und beeindruckenden Stimmen bei den Live-Castings Ende November \u00fcberzeugt und stellen sich am Freitag, dem 20. Februar, um 20.15 Uhr in ORF 1 und auf ORF ON Jury und Publikum. Denn erstmals seit 2016 gibt es mit \u201eVienna Calling \u2013 Wer singt f\u00fcr \u00d6sterreich?\u201c wieder einen nationalen Vorentscheid, bei dem die Zuseher:innen mitentscheiden k\u00f6nnen, wer f\u00fcr \u00d6sterreich ins Rennen gehen wird. Moderiert wird die Live-Show von Alice Tumler, die Teil des Moderationsquartetts des ESC 2015 in Wien war, und Ces\u00e1r Sampson, der beim Song Contest 2018 in Lissabon f\u00fcr \u00d6sterreich den dritten Platz geholt und gemeinsam mit Eberhard Forcher und Peter Schreiber als Scout beim aktuellen Auswahlprozess fungiert hat.<\/p>\n<\/div>\n<p data-v-3113abd1=\"\">\n<p data-v-3113abd1=\"\">\n<p data-v-3113abd1=\"\">\n<p data-v-3113abd1=\"\">\n<div class=\"paragraph default flex flex-col gap-4\" style=\"text-align: justify;\" data-v-3113abd1=\"\" data-v-d954116f=\"\">\n<p data-v-3113abd1=\"\"><strong>ORF-Programmdirektorin Stefanie Groiss-Horowitz: \u201eDer ESC feiert sein erstes gro\u00dfes Finale\u201c<\/strong><\/p>\n<\/div>\n<div class=\"paragraph default flex flex-col gap-4\" style=\"text-align: justify;\" data-v-3113abd1=\"\" data-v-d954116f=\"\">\n<p data-v-3113abd1=\"\">\n<p data-v-3113abd1=\"\">\u201e\u00d6sterreich beweist einmal mehr sein Talent und seinen hohen Stellenwert als Musikland. Dazu z\u00e4hlen nicht nur die Erfolge vergangener ESC-Teilnehmer:innen, sondern auch die \u00fcberaus kreativen und vielf\u00e4ltigen Song-Einreichungen. Und: Es bedarf einer gro\u00dfen Portion Mut, sich nach einem Sieger-Jahr auf diese internationale B\u00fchne zu stellen. Die Kandidatinnen und Kandidaten f\u00fcr die Endauswahl sind genau das: mutig, bunt und voller Vielfalt. Nach der intensiven Vorauswahl durch Jury und Redaktion liegt es nun in der Hand unseres Publikums, wer aus den Top 12 \u00d6sterreich beim ESC vertritt. Jede Stimme z\u00e4hlt \u2013 und f\u00fcr die Gewinner:innen startet vielleicht die wichtigste Reise ihres musikalischen Lebens. Ich freue mich f\u00fcr jede und jeden und w\u00fcnsche allen Teilnehmerinnen und Teilnehmern viel Erfolg \u2013 und Momente, die bleiben. Der ESC feiert sein erstes gro\u00dfes Finale.\u201c<\/p>\n<\/div>\n<p style=\"text-align: justify;\" data-v-3113abd1=\"\">\n<p style=\"text-align: justify;\" data-v-3113abd1=\"\">\n<p data-v-3113abd1=\"\">\n<p data-v-3113abd1=\"\">\n<div class=\"paragraph default flex flex-col gap-4\" style=\"text-align: justify;\" data-v-3113abd1=\"\" data-v-d954116f=\"\">\n<p data-v-3113abd1=\"\"><strong>Die Top 12<\/strong><\/p>\n<\/div>\n<p data-v-3113abd1=\"\">\n<p data-v-3113abd1=\"\">\n<div class=\"paragraph default flex flex-col gap-4\" style=\"text-align: justify;\" data-v-3113abd1=\"\" data-v-d954116f=\"\">\n<p data-v-3113abd1=\"\"><strong>Anna-Sophie, 25 Jahre, Steiermark<\/strong><br \/>\n<strong>\u201eSuperhuman\u201c (Pop, Englisch<\/strong>)<\/p>\n<\/div>\n<div class=\"paragraph default flex flex-col gap-4\" style=\"text-align: justify;\" data-v-3113abd1=\"\" data-v-d954116f=\"\">\n<p data-v-3113abd1=\"\">\u201eIch habe den Song geschrieben, weil ich mich oft sehr unsicher f\u00fchle. Ich h\u00f6re dann gerne Songs, die mich motivieren und mir wieder Kraft geben. Und genau das soll der Song bewirken und zeigen, dass in jedem ein Superhuman steckt. Der ESC ist eigentlich eine riesige Party, wo es kein Richtig oder Falsch gibt. Egal, wie man sich musikalisch oder kreativ auslebt \u2013 es wird gefeiert. Und deswegen finde ich es so cool.\u201c<\/p>\n<\/div>\n<div class=\"paragraph default flex flex-col gap-4\" style=\"text-align: justify;\" data-v-3113abd1=\"\" data-v-d954116f=\"\">\n<p data-v-3113abd1=\"\"><strong>Bamlak Werner, 24 Jahre, K\u00e4rnten<\/strong><br \/>\n<strong>\u201eWe Are Not Just One Thing\u201c (Pop, Englisch)<\/strong><\/p>\n<\/div>\n<div class=\"paragraph default flex flex-col gap-4\" style=\"text-align: justify;\" data-v-3113abd1=\"\" data-v-d954116f=\"\">\n<p data-v-3113abd1=\"\">\u201eIn meinem Song geht es darum, dass man mehr ist als nur eine Sache. Er soll den Menschen das Gef\u00fchl geben, dass man wirklich sein kann, was man m\u00f6chte. Das ist total wichtig in unserer Zeit. In dem Lied stecken sehr viel Liebe und ehrliche Arbeit, das m\u00f6chte ich auf einer riesigen B\u00fchne zeigen \u2013 und der ESC ist so eine unglaubliche Chance daf\u00fcr.\u201c<\/p>\n<\/div>\n<div class=\"paragraph default flex flex-col gap-4\" style=\"text-align: justify;\" data-v-3113abd1=\"\" data-v-d954116f=\"\">\n<p data-v-3113abd1=\"\"><strong>Cosm\u00f3, 19 Jahre, Wien<\/strong><br \/>\n<strong>\u201eTanzschein\u201c (Pop, Deutsch)<\/strong><\/p>\n<\/div>\n<div class=\"paragraph default flex flex-col gap-4\" style=\"text-align: justify;\" data-v-3113abd1=\"\" data-v-d954116f=\"\">\n<p data-v-3113abd1=\"\">\u201eIch hatte eine Erfahrung in einem Club, wo ich so excited war, endlich hinzugehen \u2013 und auf einmal tanzt keiner. Und im Song geht es darum, dass es in Clubs wieder ums Tanzen gehen soll und man nur mit einem \u201aTanzschein\u2018 reinkommt. Der ESC ist f\u00fcr mich ein gro\u00dfer Traum. Ich habe damals als Kind im Fernsehen gesehen, wie Conchita Wurst gewonnen hat \u2013 und dann vergangenes Jahr, wie JJ gewonnen hat. Das waren f\u00fcr mich Momente voller Adrenalin und Gl\u00fccksgef\u00fchle.\u201c<\/p>\n<\/div>\n<div class=\"paragraph default flex flex-col gap-4\" style=\"text-align: justify;\" data-v-3113abd1=\"\" data-v-d954116f=\"\">\n<p data-v-3113abd1=\"\"><strong>David Kurt, 26 Jahre, Wien<\/strong><br \/>\n<strong>\u201ePockets Full of Snow\u201c (Ballade, Englisch)<\/strong><\/p>\n<\/div>\n<div class=\"paragraph default flex flex-col gap-4\" style=\"text-align: justify;\" data-v-3113abd1=\"\" data-v-d954116f=\"\">\n<p data-v-3113abd1=\"\">&#8222;In meinem Song geht es um Liebe und das Gef\u00fchl, das man hat, wenn man an bedeutende Momente in seinem Leben denkt und merkt, dass man nicht in die Vergangenheit zur\u00fcckkehren kann. Der ESC ist so eine riesige Show, bei der es doch einigen immer wieder gelingt, echte Emotionen zu erzeugen. Ich bin kein gro\u00dfer Showman, aber dass das Publikum etwas sp\u00fcrt und echte Ehrlichkeit im Raum ist \u2013 das will ich mit meinem Song erreichen.<\/p>\n<\/div>\n<div class=\"paragraph default flex flex-col gap-4\" style=\"text-align: justify;\" data-v-3113abd1=\"\" data-v-d954116f=\"\">\n<p data-v-3113abd1=\"\"><strong>Frevd (f\u00fcnf Personen), Wien<\/strong><br \/>\n<strong>\u201eRiddle\u201c (Rock, Englisch)<\/strong><\/p>\n<\/div>\n<div class=\"paragraph default flex flex-col gap-4\" style=\"text-align: justify;\" data-v-3113abd1=\"\" data-v-d954116f=\"\">\n<p data-v-3113abd1=\"\">\u201eWir setzen uns k\u00fcnstlerisch mit der Gedankenwelt von Sigmund Freud auseinander. Unsere Musik liegt zwischen Realit\u00e4t und Traum und soll die Menschen dazu bewegen, sich selbst zu reflektieren. Im Song geht es um einen Menschen, der mit schweren Entscheidungen und Orientierungslosigkeit konfrontiert ist und Hilfe sucht, um aus diesem Labyrinth hinauszufinden. Der ESC ist f\u00fcr uns die gr\u00f6\u00dfte B\u00fchne der Welt, wo unterschiedliche Kulturen und Menschen zusammenkommen und sich gemeinsam an den Tiefen und Untiefen des Lebens erfreuen.\u201c<\/p>\n<\/div>\n<div class=\"paragraph default flex flex-col gap-4\" style=\"text-align: justify;\" data-v-3113abd1=\"\" data-v-d954116f=\"\">\n<p data-v-3113abd1=\"\"><strong>Julia Steen, 23 Jahre, K\u00e4rnten<\/strong><br \/>\n<strong>\u201eJulia\u201c (Deutsch-Pop)<\/strong><\/p>\n<\/div>\n<div class=\"paragraph default flex flex-col gap-4\" style=\"text-align: justify;\" data-v-3113abd1=\"\" data-v-d954116f=\"\">\n<p data-v-3113abd1=\"\">\u201eMein Song ist eine Hommage daran, im Leben Empowerment und St\u00e4rke zu zeigen. Ich m\u00f6chte damit dazu ermutigen, dass der Weg, den man geht, der richtige ist, und den Menschen die St\u00e4rke mitgeben, alles schaffen zu k\u00f6nnen, wenn sie es wirklich m\u00f6chten. Ich m\u00f6chte zum ESC, weil ich glaube, dass Musik und dieses Feeling \u00fcber Sprachbarrieren und L\u00e4ndergrenzen verbinden. Das ist die oberste Priorit\u00e4t beim ESC.\u201c<\/p>\n<\/div>\n<div class=\"paragraph default flex flex-col gap-4\" style=\"text-align: justify;\" data-v-3113abd1=\"\" data-v-d954116f=\"\">\n<p data-v-3113abd1=\"\"><strong>Kayla Krystin, 31 Jahre, Tiroler<\/strong><br \/>\n<strong>\u201eI brenn\u201c (Austro-Pop)<\/strong><\/p>\n<\/div>\n<div class=\"paragraph default flex flex-col gap-4\" style=\"text-align: justify;\" data-v-3113abd1=\"\" data-v-d954116f=\"\">\n<p data-v-3113abd1=\"\">\u201eIn dem Song geht es um meinen Weg vom Schatten und Selbstzweifel zum Wiederaufstehen und innerer St\u00e4rke. Ich singe im Dialekt, weil ich die Menschen ber\u00fchren und erreichen will. F\u00fcr mich war es immer schon ein Traum, beim ESC dabei zu sein. Man hat die M\u00f6glichkeit, so viele Menschen zu erreichen und zu ber\u00fchren \u2013 das ist mir extrem wichtig.\u201c<\/p>\n<\/div>\n<div class=\"paragraph default flex flex-col gap-4\" style=\"text-align: justify;\" data-v-3113abd1=\"\" data-v-d954116f=\"\">\n<p data-v-3113abd1=\"\"><strong>Lena Schaur, 22 Jahre, Tirol<\/strong><br \/>\n<strong>\u201ePainted Reality\u201c (Pop, Englisch)<\/strong><\/p>\n<\/div>\n<div class=\"paragraph default flex flex-col gap-4\" style=\"text-align: justify;\" data-v-3113abd1=\"\" data-v-d954116f=\"\">\n<p data-v-3113abd1=\"\">\u201eIn meinem Song geht es um das Streben nach Perfektionismus und darum, sich f\u00fcr andere verstellen zu wollen oder zu m\u00fcssen. Ein Thema, das mich selber schon lange besch\u00e4ftigt und vor allem in der heutigen Zeit mit Social Media so pr\u00e4sent ist. Ich m\u00f6chte gerne zum ESC, weil ich sehr fasziniert davon bin. Ich sehe es auch nicht als Competition, ich will auf dieser B\u00fchne stehen und den Zusammenhalt und die Vielseitigkeit feiern.\u201c<\/p>\n<\/div>\n<div class=\"paragraph default flex flex-col gap-4\" style=\"text-align: justify;\" data-v-3113abd1=\"\" data-v-d954116f=\"\">\n<p data-v-3113abd1=\"\"><strong>Nikotin, \u00d6sterreich<\/strong><br \/>\n<strong>\u201eUnsterblich\u201c (Pop, Deutsch)<\/strong><\/p>\n<\/div>\n<div class=\"paragraph default flex flex-col gap-4\" style=\"text-align: justify;\" data-v-3113abd1=\"\" data-v-d954116f=\"\">\n<p data-v-3113abd1=\"\">\u201eIn meinem Song geht um die Dualit\u00e4t von Himmel und H\u00f6lle und darum, niemals sterben zu wollen. Man k\u00f6nnte sagen, es ist eine moderne Frankenstein-Geschichte oder die Suche des Ewigen. Der ESC ist das gr\u00f6\u00dfte Musik-Event der ganzen Welt, wo L\u00e4nder zusammenkommen, um in Frieden und Harmonie Zeit zu verbringen und Kunst auszutauschen.\u201c<\/p>\n<\/div>\n<div class=\"paragraph default flex flex-col gap-4\" style=\"text-align: justify;\" data-v-3113abd1=\"\" data-v-d954116f=\"\">\n<p data-v-3113abd1=\"\"><strong>Philip Piller, 30 Jahre, Wien<\/strong><br \/>\n<strong>\u201eDas Leben ist Kunst\u201c (Pop, Deutsch)<\/strong><\/p>\n<\/div>\n<div class=\"paragraph default flex flex-col gap-4\" style=\"text-align: justify;\" data-v-3113abd1=\"\" data-v-d954116f=\"\">\n<p data-v-3113abd1=\"\">\u201eMeine musikalische Karriere h\u00e4ngt mit der Diskrepanz zusammen, die bei der eigenen Reflexion oft in einem entsteht. Dass es darum geht, beides in sich zu tragen \u2013 das Leid und das Sch\u00f6ne. Und darum, wie wichtig das ist, um daran zu wachsen. \u201aDas Leben ist Kunst\u2018 klingt so universal wahr und ist f\u00fcr mich ein gutes Motto. Ich finde den ESC so nice, weil man eine gewisse Narrenfreiheit hat und sich Mut oft auszahlt. Und noch dazu ist es eine der gr\u00f6\u00dften B\u00fchnen der Welt.\u201c<\/p>\n<\/div>\n<div class=\"paragraph default flex flex-col gap-4\" style=\"text-align: justify;\" data-v-3113abd1=\"\" data-v-d954116f=\"\">\n<p data-v-3113abd1=\"\"><strong>Reverend Stomp (vier Personen), Wien<\/strong><br \/>\n<strong>\u201eMescalero Ranger\u201c (Pop, Englisch)<\/strong><\/p>\n<\/div>\n<div class=\"paragraph default flex flex-col gap-4\" style=\"text-align: justify;\" data-v-3113abd1=\"\" data-v-d954116f=\"\">\n<p data-v-3113abd1=\"\">\u201eIm Song geht es um eine neue Welt und den Abschied. Es geht darum, sich bei einem Pers\u00f6nlichkeitswandel mit Dingen abzufinden, die ich von fr\u00fcher in mir habe, und bereit daf\u00fcr zu sein, einen neuen Weg zu gehen. Die gro\u00dfe ESC-B\u00fchne w\u00e4re eine richtige Herausforderung f\u00fcr uns, der wir uns gerne stellen w\u00fcrden. Es w\u00e4re f\u00fcr uns etwas ganz Neues.\u201c<\/p>\n<\/div>\n<div class=\"paragraph default flex flex-col gap-4\" style=\"text-align: justify;\" data-v-3113abd1=\"\" data-v-d954116f=\"\">\n<p data-v-3113abd1=\"\"><strong>Tamara Flores, 28 Jahre, Wien<\/strong><br \/>\n<strong>\u201eChingona\u201c (Latin Pop, Spanisch\/Deutsch)<\/strong><\/p>\n<\/div>\n<div class=\"paragraph default flex flex-col gap-4\" data-v-3113abd1=\"\" data-v-d954116f=\"\">\n<p style=\"text-align: justify;\" data-v-3113abd1=\"\">\u201eDer Song hat die Message, dass man gut ist, so wie man ist \u2013 solange man ehrlich zu sich selbst ist und seinen Weg geht, egal welche Meinungen vielleicht von au\u00dfen kommen. Ich singe auf Spanisch und Deutsch, weil ich mit beiden Sprachen aufgewachsen bin und es mag sie zu kombinieren, weil sie so unglaublich unterschiedlich sind. Der ESC bedeutet f\u00fcr mich ein Zusammentreffen von vielen unterschiedlichen Menschen, die gemeinsam die Musik feiern.\u201c<\/p>\n<\/div>\n<p data-v-3113abd1=\"\">\n<figure id=\"attachment_252535\" aria-describedby=\"caption-attachment-252535\" style=\"width: 800px\" class=\"wp-caption alignnone\"><img decoding=\"async\" loading=\"lazy\" class=\"size-large wp-image-252535\" src=\"https:\/\/smago.de\/ws2\/wp-content\/uploads\/2025\/12\/viennacall168-1-800x450.jpg\" alt=\"\" width=\"800\" height=\"450\" srcset=\"https:\/\/smago.de\/ws2\/wp-content\/uploads\/2025\/12\/viennacall168-1-800x450.jpg 800w, https:\/\/smago.de\/ws2\/wp-content\/uploads\/2025\/12\/viennacall168-1-522x294.jpg 522w, https:\/\/smago.de\/ws2\/wp-content\/uploads\/2025\/12\/viennacall168-1-267x150.jpg 267w, https:\/\/smago.de\/ws2\/wp-content\/uploads\/2025\/12\/viennacall168-1-768x432.jpg 768w, https:\/\/smago.de\/ws2\/wp-content\/uploads\/2025\/12\/viennacall168-1-1536x864.jpg 1536w, https:\/\/smago.de\/ws2\/wp-content\/uploads\/2025\/12\/viennacall168-1-2048x1152.jpg 2048w, https:\/\/smago.de\/ws2\/wp-content\/uploads\/2025\/12\/viennacall168-1-392x221.jpg 392w, https:\/\/smago.de\/ws2\/wp-content\/uploads\/2025\/12\/viennacall168-1-130x73.jpg 130w, https:\/\/smago.de\/ws2\/wp-content\/uploads\/2025\/12\/viennacall168-1-791x445.jpg 791w, https:\/\/smago.de\/ws2\/wp-content\/uploads\/2025\/12\/viennacall168-1-870x489.jpg 870w, https:\/\/smago.de\/ws2\/wp-content\/uploads\/2025\/12\/viennacall168-1-292x164.jpg 292w, https:\/\/smago.de\/ws2\/wp-content\/uploads\/2025\/12\/viennacall168-1-435x245.jpg 435w, https:\/\/smago.de\/ws2\/wp-content\/uploads\/2025\/12\/viennacall168-1-895x503.jpg 895w\" sizes=\"(max-width: 800px) 100vw, 800px\" \/><figcaption id=\"caption-attachment-252535\" class=\"wp-caption-text\"><em>Im Bild: Philip Piller, Tamara Flores, David Kurt, Julia Steen, Reverend Stomp, Lena Schaur, Kayla Krystin, Frevd, Cosm\u00f3, Anna-Sophie, Bamlak Werner, Nikotin.<\/em><\/p>\n<p><em>Foto: ORF \/ Klaus Titzer<\/em><\/figcaption><\/figure>\n","protected":false},"excerpt":{"rendered":"<p>Live-Show zum nationalen ESC-Vorentscheid am 20.02.2026 um 20.15 Uhr in ORF 1 und auf ORF ON!<\/p>\n","protected":false},"author":2,"featured_media":252535,"comment_status":"open","ping_status":"closed","sticky":false,"template":"","format":"standard","meta":{"_FSMCFIC_featured_image_caption":"","_FSMCFIC_featured_image_nocaption":"","_FSMCFIC_featured_image_hide":""},"categories":[27,39,128],"tags":[85],"acf":[],"_links":{"self":[{"href":"https:\/\/smago.de\/ws2\/wp-json\/wp\/v2\/posts\/252533"}],"collection":[{"href":"https:\/\/smago.de\/ws2\/wp-json\/wp\/v2\/posts"}],"about":[{"href":"https:\/\/smago.de\/ws2\/wp-json\/wp\/v2\/types\/post"}],"author":[{"embeddable":true,"href":"https:\/\/smago.de\/ws2\/wp-json\/wp\/v2\/users\/2"}],"replies":[{"embeddable":true,"href":"https:\/\/smago.de\/ws2\/wp-json\/wp\/v2\/comments?post=252533"}],"version-history":[{"count":1,"href":"https:\/\/smago.de\/ws2\/wp-json\/wp\/v2\/posts\/252533\/revisions"}],"predecessor-version":[{"id":252536,"href":"https:\/\/smago.de\/ws2\/wp-json\/wp\/v2\/posts\/252533\/revisions\/252536"}],"wp:featuredmedia":[{"embeddable":true,"href":"https:\/\/smago.de\/ws2\/wp-json\/wp\/v2\/media\/252535"}],"wp:attachment":[{"href":"https:\/\/smago.de\/ws2\/wp-json\/wp\/v2\/media?parent=252533"}],"wp:term":[{"taxonomy":"category","embeddable":true,"href":"https:\/\/smago.de\/ws2\/wp-json\/wp\/v2\/categories?post=252533"},{"taxonomy":"post_tag","embeddable":true,"href":"https:\/\/smago.de\/ws2\/wp-json\/wp\/v2\/tags?post=252533"}],"curies":[{"name":"wp","href":"https:\/\/api.w.org\/{rel}","templated":true}]}}