{"id":252526,"date":"2025-12-16T00:00:56","date_gmt":"2025-12-15T23:00:56","guid":{"rendered":"https:\/\/smago.de\/ws2\/?p=252526"},"modified":"2025-12-15T11:05:39","modified_gmt":"2025-12-15T10:05:39","slug":"inka-bause-heute-16-12-2025-rtl-bauer-sucht-frau-brotduft-erste-kuesse-und-grosse-gefuehle-auf-den-hoefen","status":"publish","type":"post","link":"https:\/\/smago.de\/ws2\/ost-schlager\/inka-bause-heute-16-12-2025-rtl-bauer-sucht-frau-brotduft-erste-kuesse-und-grosse-gefuehle-auf-den-hoefen\/","title":{"rendered":"INKA BAUSE <br>Heute (16.12.2025), RTL: &#8222;Bauer sucht Frau&#8220;: Brotduft, erste K\u00fcsse und gro\u00dfe Gef\u00fchle auf den H\u00f6fen!"},"content":{"rendered":"<p>20:15 Uhr &#8211; 22:30 Uhr!<br \/>\n<!--more--><\/p>\n<p>&nbsp;<\/p>\n<p>&nbsp;<\/p>\n<p>&nbsp;<\/p>\n<p style=\"text-align: justify;\">Schafhalter Michael erlebt mit Julia (27, Erzieherin) einen Moment zum Verlieben: W\u00e4hrend er, wie so oft, bei der Arbeit ist, bereitet sie heimlich Brotteig vor. Gemeinsam schieben sie das Brot dann in den Holzofen. Der Duft erf\u00fcllt den Hof, Michael ist ber\u00fchrt von Julias \u00dcberraschung und von dem Gef\u00fchl, pl\u00f6tzlich eine Frau in seinem Alltag zu haben. Julia w\u00fcnscht sich mehr gemeinsame Zeit, doch Michael ringt mit sich: \u201eIch habe das so in mir drin, und es braucht lange, bis man mich umkrempeln kann.\u201c<\/p>\n<p style=\"text-align: justify;\">Auf dem Gnadenhof von Simone (55) br\u00f6ckelt ihre harte Schale. Gegen\u00fcber Frank (58) erkl\u00e4rt sie, warum sie manchmal so abweisend wirkt: Der Druck, die Verantwortung, die Tiere, all das l\u00e4sst wenig Raum f\u00fcr echte N\u00e4he. \u201eIch brauche Zeit und bitte gib mir die Zeit\u201c, sagt sie leise. F\u00fcr Frank ist genau das keine Frage: \u201eIch habe wirklich Gef\u00fchle f\u00fcr sie und es werden t\u00e4glich mehr.\u201c Und dann der entscheidende Schritt: Simone l\u00e4sst ihn zum ersten Mal ihr Haus betreten, f\u00fcr Frank das Zeichen, dass sie ihr Herz langsam \u00f6ffnet.<\/p>\n<p style=\"text-align: justify;\">Bei Christopher (31) und Pauline (25) neigt sich eine traumhafte Hofwoche dem Ende. Christopher strahlt: \u201eIch bin gerade in diesem Moment wunschlos gl\u00fccklich. Eine Sache w\u00fcrde ich vielleicht \u00e4ndern: Ich h\u00e4tte mich lieber schon zwei Jahre fr\u00fcher beworben, dann h\u00e4tte ich nicht ganz so lang auf die Pauline warten m\u00fcssen!\u201c<\/p>\n<p style=\"text-align: justify;\">Auch bei Daniel (34) und Jennifer (26) entsteht etwas Besonderes. Beim Spaziergang durch den Wald und auf dem Hochsitz sprechen sie offen \u00fcber ihre Gef\u00fchle. Daniel: \u201eBei Jenny habe ich wirklich das Gef\u00fchl, wir passen gut zusammen. Sie lockt mich aus der Reserve und tut mir einfach gut.\u201c Eine innige Umarmung besiegelt die Halbzeit der Hofwoche.<\/p>\n<p style=\"text-align: justify;\">Nebenerwerbsbauer und Gefl\u00fcgelhalter J\u00f6rg (57) nimmt Kirstin (55, Verwaltungsangestellte) mit ans Meer. Auf der Wattwanderung \u00f6ffnet sich die alleinerziehende Mutter und erz\u00e4hlt vom pl\u00f6tzlichen Tod des Vaters ihrer Kinder. J\u00f6rg h\u00f6rt zu, zeigt Verst\u00e4ndnis, doch die Schmetterlinge bleiben aus. Bei einem Picknick nach einer Radtour spricht er ehrlich aus, was er f\u00fchlt \u2013 oder eben nicht: \u201eEs ist leider nicht der Funke bei mir \u00fcbergesprungen.\u201c<\/p>\n<p style=\"text-align: justify;\">Auch auf den anderen H\u00f6fen knistert es: Ackerbauer Bastian (25) und Kerrin (28) haben mit seinen Freunden Spa\u00df auf der Kartbahn. Land- und Forstwirt Michi (22) und Valentina (23) kommen sich immer n\u00e4her und teilen ihren ersten Kuss.<\/p>\n<p style=\"text-align: justify;\">Ackerbauer Friedrich und Laura bauen gemeinsam ein Insektenhotel. \u201eDas ist der erste Schritt, sich was gemeinsam aufzubauen\u201c, scherzt Laura. \u201eJa, unser erstes Haus\u201c, erg\u00e4nzt Friedrich. Es bleibt nicht beim Spa\u00df: Der erste Kuss f\u00fchlt sich f\u00fcr beide warm und vertraut an. Zum Abschluss \u00fcberrascht Friedrich Laura mit einem Rundflug \u00fcber seine Heimat. \u201eDas Sch\u00f6nste an dem ganzen Flug war, Laura so strahlen zu sehen\u201c, sagt er. F\u00fcr Laura geht damit ein Traum in Erf\u00fcllung \u2013 und f\u00fcr Friedrich steht fest: \u201eIch w\u00fcrde mich wirklich freuen, wenn wir uns weitersehen und weiter kennenlernen. Ich m\u00f6chte das unbedingt und kann mir nichts Sch\u00f6neres vorstellen.\u201c<\/p>\n","protected":false},"excerpt":{"rendered":"<p>20:15 Uhr &#8211; 22:30 Uhr!<\/p>\n","protected":false},"author":2,"featured_media":252527,"comment_status":"open","ping_status":"closed","sticky":false,"template":"","format":"standard","meta":{"_FSMCFIC_featured_image_caption":"","_FSMCFIC_featured_image_nocaption":"","_FSMCFIC_featured_image_hide":""},"categories":[25,128],"tags":[622],"acf":[],"_links":{"self":[{"href":"https:\/\/smago.de\/ws2\/wp-json\/wp\/v2\/posts\/252526"}],"collection":[{"href":"https:\/\/smago.de\/ws2\/wp-json\/wp\/v2\/posts"}],"about":[{"href":"https:\/\/smago.de\/ws2\/wp-json\/wp\/v2\/types\/post"}],"author":[{"embeddable":true,"href":"https:\/\/smago.de\/ws2\/wp-json\/wp\/v2\/users\/2"}],"replies":[{"embeddable":true,"href":"https:\/\/smago.de\/ws2\/wp-json\/wp\/v2\/comments?post=252526"}],"version-history":[{"count":2,"href":"https:\/\/smago.de\/ws2\/wp-json\/wp\/v2\/posts\/252526\/revisions"}],"predecessor-version":[{"id":252529,"href":"https:\/\/smago.de\/ws2\/wp-json\/wp\/v2\/posts\/252526\/revisions\/252529"}],"wp:featuredmedia":[{"embeddable":true,"href":"https:\/\/smago.de\/ws2\/wp-json\/wp\/v2\/media\/252527"}],"wp:attachment":[{"href":"https:\/\/smago.de\/ws2\/wp-json\/wp\/v2\/media?parent=252526"}],"wp:term":[{"taxonomy":"category","embeddable":true,"href":"https:\/\/smago.de\/ws2\/wp-json\/wp\/v2\/categories?post=252526"},{"taxonomy":"post_tag","embeddable":true,"href":"https:\/\/smago.de\/ws2\/wp-json\/wp\/v2\/tags?post=252526"}],"curies":[{"name":"wp","href":"https:\/\/api.w.org\/{rel}","templated":true}]}}