{"id":252523,"date":"2025-12-16T00:00:27","date_gmt":"2025-12-15T23:00:27","guid":{"rendered":"https:\/\/smago.de\/ws2\/?p=252523"},"modified":"2025-12-15T10:22:19","modified_gmt":"2025-12-15T09:22:19","slug":"daniel-johnson-laura-mark-natalie-holzner-heute-16-12-2025-fuer-br-schlager-am-sternstunden-stand-auf-dem-nuernberger-christkindlesmarkt","status":"publish","type":"post","link":"https:\/\/smago.de\/ws2\/top\/daniel-johnson-laura-mark-natalie-holzner-heute-16-12-2025-fuer-br-schlager-am-sternstunden-stand-auf-dem-nuernberger-christkindlesmarkt\/","title":{"rendered":"DANIEL JOHNSON, LAURA &#038; MARK, NATALIE HOLZNER <br>Heute (16.12.2025) f\u00fcr BR Schlager am &#8222;Sternstunden&#8220;-Stand auf dem N\u00fcrnberger Christkindlesmarkt!"},"content":{"rendered":"<p>BR Schlager auch in diesem Jahr wieder mit stimmgewaltiger Unterst\u00fctzung f\u00fcr den guten Zweck!<!--more--><\/p>\n<p>&nbsp;<\/p>\n<p>&nbsp;<\/p>\n<p style=\"text-align: justify;\">\n<div class=\"detail_paragraph\" style=\"text-align: justify;\">\n<p class=\"copytext\">Am Dienstag, 16. Dezember, engagiert sich die digitale Schlagerwelle BR Schlager am Sternstunden-Stand. Das Team ist den ganzen Tag \u00fcber vor Ort, mit dabei sind u. a. die Moderatorin <strong>Susanne Kruse<\/strong> sowie die Moderatoren <strong>J\u00fcrgen Lassauer<\/strong>, <strong>Harry Blaha<\/strong>, <strong>Markus Wagner<\/strong> und <strong>Andr\u00e9 Sultan-Sade<\/strong>, die sich auf den Austausch mit den Besucherinnen und Besuchern freuen.<\/p>\n<\/div>\n<div class=\"detail_paragraph\" style=\"text-align: justify;\">\n<p class=\"copytext\">Unterst\u00fctzung erh\u00e4lt BR Schlager dabei erneut aus der Schlagerwelt: S\u00e4nger <strong>Daniel Johnson<\/strong> wird von 13:30 bis 15:30 Uhr am Stand sein, <strong>Laura &amp; Mark<\/strong> schlie\u00dfen sich von 14:30 bis 16:30 Uhr an, und <strong>Natalie Holzner<\/strong> unterst\u00fctzt das Sternstunden-Team am Abend von 19:00 bis 21:00 Uhr.<\/p>\n<\/div>\n<div class=\"detail_paragraph\" style=\"text-align: justify;\"><\/div>\n","protected":false},"excerpt":{"rendered":"<p>BR Schlager auch in diesem Jahr wieder mit stimmgewaltiger Unterst\u00fctzung f\u00fcr den guten Zweck!<\/p>\n","protected":false},"author":2,"featured_media":252524,"comment_status":"open","ping_status":"closed","sticky":false,"template":"","format":"standard","meta":{"_FSMCFIC_featured_image_caption":"","_FSMCFIC_featured_image_nocaption":"","_FSMCFIC_featured_image_hide":""},"categories":[39],"tags":[2373,2250,2294,229],"acf":[],"_links":{"self":[{"href":"https:\/\/smago.de\/ws2\/wp-json\/wp\/v2\/posts\/252523"}],"collection":[{"href":"https:\/\/smago.de\/ws2\/wp-json\/wp\/v2\/posts"}],"about":[{"href":"https:\/\/smago.de\/ws2\/wp-json\/wp\/v2\/types\/post"}],"author":[{"embeddable":true,"href":"https:\/\/smago.de\/ws2\/wp-json\/wp\/v2\/users\/2"}],"replies":[{"embeddable":true,"href":"https:\/\/smago.de\/ws2\/wp-json\/wp\/v2\/comments?post=252523"}],"version-history":[{"count":1,"href":"https:\/\/smago.de\/ws2\/wp-json\/wp\/v2\/posts\/252523\/revisions"}],"predecessor-version":[{"id":252525,"href":"https:\/\/smago.de\/ws2\/wp-json\/wp\/v2\/posts\/252523\/revisions\/252525"}],"wp:featuredmedia":[{"embeddable":true,"href":"https:\/\/smago.de\/ws2\/wp-json\/wp\/v2\/media\/252524"}],"wp:attachment":[{"href":"https:\/\/smago.de\/ws2\/wp-json\/wp\/v2\/media?parent=252523"}],"wp:term":[{"taxonomy":"category","embeddable":true,"href":"https:\/\/smago.de\/ws2\/wp-json\/wp\/v2\/categories?post=252523"},{"taxonomy":"post_tag","embeddable":true,"href":"https:\/\/smago.de\/ws2\/wp-json\/wp\/v2\/tags?post=252523"}],"curies":[{"name":"wp","href":"https:\/\/api.w.org\/{rel}","templated":true}]}}