{"id":252519,"date":"2025-12-16T00:00:27","date_gmt":"2025-12-15T23:00:27","guid":{"rendered":"https:\/\/smago.de\/ws2\/?p=252519"},"modified":"2025-12-15T10:15:45","modified_gmt":"2025-12-15T09:15:45","slug":"eloy-de-jong-vincent-gross-joey-heindle-anni-perka-anna-carina-woitschack-u-a-br-schlager-fuer-sternstunden-von-40-stars-handsignierte-gitarre-fuer-5-100-eur-versteigert","status":"publish","type":"post","link":"https:\/\/smago.de\/ws2\/pop-schlager\/eloy-de-jong-vincent-gross-joey-heindle-anni-perka-anna-carina-woitschack-u-a-br-schlager-fuer-sternstunden-von-40-stars-handsignierte-gitarre-fuer-5-100-eur-versteigert\/","title":{"rendered":"ELOY DE JONG, VINCENT GROSS, JOEY HEINDLE, ANNI PERKA, ANNA-CARINA WOITSCHACK u.a. <br>BR Schlager f\u00fcr &#8222;Sternstunden&#8220;: von 40 Stars handsignierte Gitarre f\u00fcr 5.100 EUR versteigert!"},"content":{"rendered":"<p style=\"text-align: justify;\">Den Zuschlag bekam ein echter Eloy de Jong-Fan mit eigenem Fanclub &#8230;:<br \/>\n<!--more--><\/p>\n<p style=\"text-align: justify;\">\n<h1 class=\"detail_headline\" style=\"text-align: justify;\"><\/h1>\n<p style=\"text-align: justify;\">\n<p style=\"text-align: justify;\">\n<p style=\"text-align: justify;\">Sie ist ein Einzelst\u00fcck und ein begehrtes Sammlerobjekt: 40 Schlager Stars haben sich auf der exklusiven BR Schlager-Gitarre verewigt. F\u00fcr 5.100 Euro hat sie eine echte Liebhaberin ersteigert. Der Erl\u00f6s geht komplett an &#8222;Sternstunden&#8220; \u2013 an Kinder in Not.<\/p>\n<p style=\"text-align: justify;\">\n<p style=\"text-align: justify;\">***<\/p>\n<div class=\"detail_paragraph\" style=\"text-align: justify;\">\n<p class=\"copytext\">Es war spannend. Es steigerte sich zun\u00e4chst ein bisschen z\u00f6gerlich \u2013 aber dann nahm sie Fahrt auf: Die Versteigerung der handsignierten Sammler-Gitarre. Am Ende hat sie eine echte Liebhaberin aus M\u00fcnchen f\u00fcr 5.100 Euro ersteigert, und das Team von BR Schlager freut sich sehr, dass Manuela Babel das wunderbare St\u00fcck auf der Sternstunden-Gala in N\u00fcrnberg pers\u00f6nlich \u00fcberreicht werden konnte. Sie ist ein echter Eloy de Jong-Fan mit eigenem Fanclub und freut sich, dass sie der Gitarre auch mit seiner Unterschrift bald einen tollen Platz in ihrer Wohnung geben kann.<\/p>\n<\/div>\n<div class=\"detail_paragraph\" style=\"text-align: justify;\">\n<h2><\/h2>\n<h2><\/h2>\n<h2><\/h2>\n<h2><em>&#8222;Eine Sternstunden-Aktion, die uns am Herzen liegt&#8220;<\/em><\/h2>\n<\/div>\n<div class=\"detail_paragraph\" style=\"text-align: justify;\">\n<div class=\"clearFix\"><\/div>\n<div class=\"picturebox\">\n<div class=\"pb_content\"><\/div>\n<\/div>\n<p class=\"copytext\"><em>Diese A(u)ktion liegt dem Team von BR Schlager und vielen K\u00fcnstlerinnen und K\u00fcnstlern sehr am Herzen. 40 Stars haben sich auf der Gitarre verewigt, der Erl\u00f6s geht an die Benefiz-Aktion &#8222;Sternstunden&#8220;. Mit der Hilfsaktion f\u00fcr Sternstunden werden kranke, behinderte oder in Not geratene Kinder auf der ganzen Welt unterst\u00fctzt. Die Spendengelder kommen zu 100% ohne Abz\u00fcge Hilfsprojekten zu Gute.<\/em><\/p>\n<\/div>\n<div class=\"detail_paragraph\" style=\"text-align: justify;\"><em>Die Gitarre ist ein ganz besonderer Schatz. Viele Monate hat BR Schlager Schlagerk\u00fcnstler auf der Gitarre unterschreiben lassen, zahlreiche Stars haben mitgemacht. Auf der Gitarre sind unter anderem die Autogramme von Ross Antony, Beatrice Egli, Andy Borg, Nino de Angelo, Michelle, Michael Holm, Vincent Gross, und vielen anderen mehr. Insgesamt haben sich 40 Stars verewigt. Also ein richtiges Unikat und Sammlerst\u00fcck.<\/em><\/div>\n<div><\/div>\n<div><\/div>\n<div><\/div>\n<div><\/div>\n<div class=\"detail_paragraph\" style=\"text-align: justify;\">\n<h2>Folgende Stars haben unterschrieben:<\/h2>\n<p>&nbsp;<\/p>\n<\/div>\n<div class=\"detail_paragraph\" style=\"text-align: justify;\">\n<div class=\"listingbox\">\n<ul class=\"lb_content\">\n<li>Ross Antony<\/li>\n<li>Oli.P<\/li>\n<li>Andy Borg<\/li>\n<li>Christin Stark<\/li>\n<li>G\u00fcnther Sigl<\/li>\n<li>Joey Heindle<\/li>\n<li>Nino de Angelo<\/li>\n<li>Eric Philippi<\/li>\n<li>Pia Malo<\/li>\n<li>Marie Reim<\/li>\n<li>Julian Reim<\/li>\n<li>Michelle<\/li>\n<li>voXXclub<\/li>\n<li>Laura Wilde<\/li>\n<li>Claudia Jung<\/li>\n<li>Saskia Leppin<\/li>\n<li>Simone<\/li>\n<li>Eloy de Jong<\/li>\n<li>Daniele Daverna<\/li>\n<li>Jonathan Zelter<\/li>\n<li>Kevin Neon<\/li>\n<li>Kevin Brain Smith<\/li>\n<li>Mitch Keller<\/li>\n<li>Christian Franke<\/li>\n<li>Melanie Payer<\/li>\n<li>Dschinghis Khan<\/li>\n<li>Bernhard Brink<\/li>\n<li>Anita Hofmann<\/li>\n<li>Wind<\/li>\n<li>Michael Holm<\/li>\n<li>Sonia Liebing<\/li>\n<li>Patrick Lindner<\/li>\n<li>Vincent Gross<\/li>\n<li>Anna-Carina Woitschack<\/li>\n<li>Daniel Sommer<\/li>\n<li>Hansi Hinterseer<\/li>\n<li>Natalie Holzner<\/li>\n<li>Beatrice Egli<\/li>\n<li>Anni Perka<\/li>\n<li>Misha Kovar<\/li>\n<\/ul>\n<\/div>\n<\/div>\n<p>&nbsp;<\/p>\n<p>&nbsp;<\/p>\n<p>&nbsp;<\/p>\n<div class=\"detail_paragraph\" style=\"text-align: justify;\">\n<h2>Aktion hilft Kindern in Not<\/h2>\n<\/div>\n<div class=\"detail_paragraph\" style=\"text-align: justify;\">\n<div class=\"clearall\"><\/div>\n<div class=\"box box_standard\n\"><\/p>\n<div class=\"box_foot\"><\/div>\n<\/div>\n<\/div>\n<div class=\"detail_paragraph\" style=\"text-align: justify;\">\n<p class=\"copytext\">Mit der Aktion beteiligte sich BR Schlager an der Benefiz-Aktion &#8222;Sternstunden&#8220;. Und neben der einzigarten Gitarre \u2013 einem echten Unikat \u2013 gab es f\u00fcr das h\u00f6chste Gebot auch Karten f\u00fcr f\u00fcr <a class=\"link_external\" title=\"br.de [neues Fenster]\" href=\"https:\/\/www.br.de\/unternehmen\/inhalt\/public-value\/sternstunden\/sternstunden-gala-2025-kuenstler-100.html\" rel=\"external\">Sternstunden-Gala am 12. Dezember in N\u00fcrnberg<\/a>.<\/p>\n<\/div>\n<p>&nbsp;<\/p>\n<p>&nbsp;<\/p>\n<div class=\"detail_paragraph\" style=\"text-align: justify;\">\n<h2>H\u00f6chstgebot vom vergangenen Jahr (2024) \u00fcbetroffen<\/h2>\n<\/div>\n<div class=\"detail_paragraph\">\n<div class=\"clearFix\" style=\"text-align: justify;\"><\/div>\n<p class=\"copytext\" style=\"text-align: justify;\">Bereits im vergangenen Jahr haben wir eine handsignierte Gitarre versteigert. <a class=\"link_external\" title=\"br.de [neues Fenster]\" href=\"https:\/\/www.br.de\/radio\/br-schlager\/inhalt\/spezial\/gitarre-versteigerung-2024-100.html\" rel=\"external\">Werner Schoppmeier aus Ingolstadt hatte mit 4.222 \u20ac am meisten geboten und bekam die Gitarre von S\u00e4nger Max Mutzke \u00fcberreicht<\/a>.<\/p>\n<\/div>\n<p>&nbsp;<\/p>\n<figure id=\"attachment_252520\" aria-describedby=\"caption-attachment-252520\" style=\"width: 419px\" class=\"wp-caption alignnone\"><img decoding=\"async\" loading=\"lazy\" class=\"size-full wp-image-252520\" src=\"https:\/\/smago.de\/ws2\/wp-content\/uploads\/2025\/12\/br-schlager-gitarre_BR-Schlager.jpeg\" alt=\"\" width=\"419\" height=\"558\" srcset=\"https:\/\/smago.de\/ws2\/wp-content\/uploads\/2025\/12\/br-schlager-gitarre_BR-Schlager.jpeg 419w, https:\/\/smago.de\/ws2\/wp-content\/uploads\/2025\/12\/br-schlager-gitarre_BR-Schlager-392x522.jpeg 392w, https:\/\/smago.de\/ws2\/wp-content\/uploads\/2025\/12\/br-schlager-gitarre_BR-Schlager-113x150.jpeg 113w, https:\/\/smago.de\/ws2\/wp-content\/uploads\/2025\/12\/br-schlager-gitarre_BR-Schlager-204x272.jpeg 204w, https:\/\/smago.de\/ws2\/wp-content\/uploads\/2025\/12\/br-schlager-gitarre_BR-Schlager-98x130.jpeg 98w, https:\/\/smago.de\/ws2\/wp-content\/uploads\/2025\/12\/br-schlager-gitarre_BR-Schlager-334x445.jpeg 334w, https:\/\/smago.de\/ws2\/wp-content\/uploads\/2025\/12\/br-schlager-gitarre_BR-Schlager-143x190.jpeg 143w, https:\/\/smago.de\/ws2\/wp-content\/uploads\/2025\/12\/br-schlager-gitarre_BR-Schlager-218x290.jpeg 218w\" sizes=\"(max-width: 419px) 100vw, 419px\" \/><figcaption id=\"caption-attachment-252520\" class=\"wp-caption-text\"><em>Foto-Credit: BR Schlager \/ Benjamin Richter<\/em><\/figcaption><\/figure>\n","protected":false},"excerpt":{"rendered":"<p>Den Zuschlag bekam ein echter Eloy de Jong-Fan mit eigenem Fanclub &#8230;:<\/p>\n","protected":false},"author":2,"featured_media":252521,"comment_status":"open","ping_status":"closed","sticky":false,"template":"","format":"standard","meta":{"_FSMCFIC_featured_image_caption":"","_FSMCFIC_featured_image_nocaption":"","_FSMCFIC_featured_image_hide":""},"categories":[28,29,39],"tags":[2373,1860,153],"acf":[],"_links":{"self":[{"href":"https:\/\/smago.de\/ws2\/wp-json\/wp\/v2\/posts\/252519"}],"collection":[{"href":"https:\/\/smago.de\/ws2\/wp-json\/wp\/v2\/posts"}],"about":[{"href":"https:\/\/smago.de\/ws2\/wp-json\/wp\/v2\/types\/post"}],"author":[{"embeddable":true,"href":"https:\/\/smago.de\/ws2\/wp-json\/wp\/v2\/users\/2"}],"replies":[{"embeddable":true,"href":"https:\/\/smago.de\/ws2\/wp-json\/wp\/v2\/comments?post=252519"}],"version-history":[{"count":1,"href":"https:\/\/smago.de\/ws2\/wp-json\/wp\/v2\/posts\/252519\/revisions"}],"predecessor-version":[{"id":252522,"href":"https:\/\/smago.de\/ws2\/wp-json\/wp\/v2\/posts\/252519\/revisions\/252522"}],"wp:featuredmedia":[{"embeddable":true,"href":"https:\/\/smago.de\/ws2\/wp-json\/wp\/v2\/media\/252521"}],"wp:attachment":[{"href":"https:\/\/smago.de\/ws2\/wp-json\/wp\/v2\/media?parent=252519"}],"wp:term":[{"taxonomy":"category","embeddable":true,"href":"https:\/\/smago.de\/ws2\/wp-json\/wp\/v2\/categories?post=252519"},{"taxonomy":"post_tag","embeddable":true,"href":"https:\/\/smago.de\/ws2\/wp-json\/wp\/v2\/tags?post=252519"}],"curies":[{"name":"wp","href":"https:\/\/api.w.org\/{rel}","templated":true}]}}