{"id":252511,"date":"2025-12-14T12:04:21","date_gmt":"2025-12-14T11:04:21","guid":{"rendered":"https:\/\/smago.de\/ws2\/?p=252511"},"modified":"2025-12-14T12:06:38","modified_gmt":"2025-12-14T11:06:38","slug":"rosa-weiss-rosa-weiss-stellt-ihre-musik-vor-heute-14-12-2025-im-brf2-kuenstlertreff","status":"publish","type":"post","link":"https:\/\/smago.de\/ws2\/pop-schlager\/rosa-weiss-rosa-weiss-stellt-ihre-musik-vor-heute-14-12-2025-im-brf2-kuenstlertreff\/","title":{"rendered":"ROSA WEISS <br>Rosa Weiss stellt ihre Musik vor \u2013 heute (14.12.2025) im BRF2-&#8222;K\u00fcnstlertreff&#8220;!"},"content":{"rendered":"<p>Unbedingt einschalten !!!<br \/>\n<!--more--><\/p>\n<p>&nbsp;<\/p>\n<p>&nbsp;<\/p>\n<p style=\"text-align: justify;\">Gro\u00dfe Freude bei ROSA WEISS:<\/p>\n<p>&nbsp;<\/p>\n<p>&nbsp;<\/p>\n<div class=\"xdj266r x14z9mp xat24cr x1lziwak x1vvkbs x126k92a\" style=\"text-align: justify;\">\n<div dir=\"auto\">\n<p><em>I<\/em><em>ch w\u00fcnsche euch von Herzen einen wundervollen dritten Advent! <span class=\"html-span xexx8yu xyri2b x18d9i69 x1c1uobl x1hl2dhg x16tdsg8 x1vvkbs x3nfvp2 x1j61x8r x1fcty0u xdj266r xat24cr xm2jcoa x1mpyi22 xxymvpz xlup9mm x1kky2od\"><img decoding=\"async\" loading=\"lazy\" class=\"xz74otr x15mokao x1ga7v0g x16uus16 xbiv7yw\" src=\"https:\/\/static.xx.fbcdn.net\/images\/emoji.php\/v9\/t1c\/2\/16\/1f56f.png\" alt=\"&#xfe0f;\" width=\"16\" height=\"16\" \/><\/span><span class=\"html-span xexx8yu xyri2b x18d9i69 x1c1uobl x1hl2dhg x16tdsg8 x1vvkbs x3nfvp2 x1j61x8r x1fcty0u xdj266r xat24cr xm2jcoa x1mpyi22 xxymvpz xlup9mm x1kky2od\"><img decoding=\"async\" loading=\"lazy\" class=\"xz74otr x15mokao x1ga7v0g x16uus16 xbiv7yw\" src=\"https:\/\/static.xx.fbcdn.net\/images\/emoji.php\/v9\/t1c\/2\/16\/1f56f.png\" alt=\"&#xfe0f;\" width=\"16\" height=\"16\" \/><\/span><span class=\"html-span xexx8yu xyri2b x18d9i69 x1c1uobl x1hl2dhg x16tdsg8 x1vvkbs x3nfvp2 x1j61x8r x1fcty0u xdj266r xat24cr xm2jcoa x1mpyi22 xxymvpz xlup9mm x1kky2od\"><img decoding=\"async\" loading=\"lazy\" class=\"xz74otr x15mokao x1ga7v0g x16uus16 xbiv7yw\" src=\"https:\/\/static.xx.fbcdn.net\/images\/emoji.php\/v9\/t1c\/2\/16\/1f56f.png\" alt=\"&#xfe0f;\" width=\"16\" height=\"16\" \/><\/span><span class=\"html-span xexx8yu xyri2b x18d9i69 x1c1uobl x1hl2dhg x16tdsg8 x1vvkbs x3nfvp2 x1j61x8r x1fcty0u xdj266r xat24cr xm2jcoa x1mpyi22 xxymvpz xlup9mm x1kky2od\"><img decoding=\"async\" loading=\"lazy\" class=\"xz74otr x15mokao x1ga7v0g x16uus16 xbiv7yw\" src=\"https:\/\/static.xx.fbcdn.net\/images\/emoji.php\/v9\/t27\/2\/16\/1f385.png\" alt=\"\" width=\"16\" height=\"16\" \/><\/span><span class=\"html-span xexx8yu xyri2b x18d9i69 x1c1uobl x1hl2dhg x16tdsg8 x1vvkbs x3nfvp2 x1j61x8r x1fcty0u xdj266r xat24cr xm2jcoa x1mpyi22 xxymvpz xlup9mm x1kky2od\"><img decoding=\"async\" loading=\"lazy\" class=\"xz74otr x15mokao x1ga7v0g x16uus16 xbiv7yw\" src=\"https:\/\/static.xx.fbcdn.net\/images\/emoji.php\/v9\/ta6\/2\/16\/1f384.png\" alt=\"\" width=\"16\" height=\"16\" \/><\/span><\/em><\/p>\n<p>&nbsp;<\/p>\n<\/div>\n<\/div>\n<div class=\"x14z9mp xat24cr x1lziwak x1vvkbs xtlvy1s x126k92a\" style=\"text-align: justify;\">\n<div dir=\"auto\">\n<p><em>Heute darf ich endlich die Aufl\u00f6sung mit euch teilen: Der belgische Rundfunk BRF2 hat mich zu einem Interview eingeladen. Im Format \u201eK\u00fcnstlertreff\u201c sprechen wir in einer Stunde \u00fcber meinen musikalischen Werdegang sowie \u00fcber meine aktuelle Musik. <span class=\"html-span xexx8yu xyri2b x18d9i69 x1c1uobl x1hl2dhg x16tdsg8 x1vvkbs x3nfvp2 x1j61x8r x1fcty0u xdj266r xat24cr xm2jcoa x1mpyi22 xxymvpz xlup9mm x1kky2od\"><img decoding=\"async\" loading=\"lazy\" class=\"xz74otr x15mokao x1ga7v0g x16uus16 xbiv7yw\" src=\"https:\/\/static.xx.fbcdn.net\/images\/emoji.php\/v9\/tbe\/2\/16\/1f3b6.png\" alt=\"\" width=\"16\" height=\"16\" \/><\/span><span class=\"html-span xexx8yu xyri2b x18d9i69 x1c1uobl x1hl2dhg x16tdsg8 x1vvkbs x3nfvp2 x1j61x8r x1fcty0u xdj266r xat24cr xm2jcoa x1mpyi22 xxymvpz xlup9mm x1kky2od\"><img decoding=\"async\" loading=\"lazy\" class=\"xz74otr x15mokao x1ga7v0g x16uus16 xbiv7yw\" src=\"https:\/\/static.xx.fbcdn.net\/images\/emoji.php\/v9\/t38\/2\/16\/1fa77.png\" alt=\"\" width=\"16\" height=\"16\" \/><\/span><span class=\"html-span xexx8yu xyri2b x18d9i69 x1c1uobl x1hl2dhg x16tdsg8 x1vvkbs x3nfvp2 x1j61x8r x1fcty0u xdj266r xat24cr xm2jcoa x1mpyi22 xxymvpz xlup9mm x1kky2od\"><img decoding=\"async\" loading=\"lazy\" class=\"xz74otr x15mokao x1ga7v0g x16uus16 xbiv7yw\" src=\"https:\/\/static.xx.fbcdn.net\/images\/emoji.php\/v9\/t64\/2\/16\/1f90d.png\" alt=\"\" width=\"16\" height=\"16\" \/><\/span><\/em><\/p>\n<p>&nbsp;<\/p>\n<\/div>\n<\/div>\n<div class=\"x14z9mp xat24cr x1lziwak x1vvkbs xtlvy1s x126k92a\" style=\"text-align: justify;\">\n<div dir=\"auto\"><em>Dieses Jahr war gepr\u00e4gt von zahlreichen Projekten, intensiver Arbeit und wertvollen Erfahrungen. Daf\u00fcr m\u00f6chte ich mich aufrichtig bei all jenen bedanken, die mich auf meinem Weg begleitet, unterst\u00fctzt und an mich geglaubt haben. Eure Unterst\u00fctzung bedeutet mir sehr viel! <span class=\"html-span xexx8yu xyri2b x18d9i69 x1c1uobl x1hl2dhg x16tdsg8 x1vvkbs x3nfvp2 x1j61x8r x1fcty0u xdj266r xat24cr xm2jcoa x1mpyi22 xxymvpz xlup9mm x1kky2od\"><img decoding=\"async\" loading=\"lazy\" class=\"xz74otr x15mokao x1ga7v0g x16uus16 xbiv7yw\" src=\"https:\/\/static.xx.fbcdn.net\/images\/emoji.php\/v9\/t14\/2\/16\/1f618.png\" alt=\"\" width=\"16\" height=\"16\" \/><\/span><span class=\"html-span xexx8yu xyri2b x18d9i69 x1c1uobl x1hl2dhg x16tdsg8 x1vvkbs x3nfvp2 x1j61x8r x1fcty0u xdj266r xat24cr xm2jcoa x1mpyi22 xxymvpz xlup9mm x1kky2od\"><img decoding=\"async\" loading=\"lazy\" class=\"xz74otr x15mokao x1ga7v0g x16uus16 xbiv7yw\" src=\"https:\/\/static.xx.fbcdn.net\/images\/emoji.php\/v9\/t38\/2\/16\/1fa77.png\" alt=\"\" width=\"16\" height=\"16\" \/><\/span><span class=\"html-span xexx8yu xyri2b x18d9i69 x1c1uobl x1hl2dhg x16tdsg8 x1vvkbs x3nfvp2 x1j61x8r x1fcty0u xdj266r xat24cr xm2jcoa x1mpyi22 xxymvpz xlup9mm x1kky2od\"><img decoding=\"async\" loading=\"lazy\" class=\"xz74otr x15mokao x1ga7v0g x16uus16 xbiv7yw\" src=\"https:\/\/static.xx.fbcdn.net\/images\/emoji.php\/v9\/t64\/2\/16\/1f90d.png\" alt=\"\" width=\"16\" height=\"16\" \/><\/span><\/em><\/div>\n<\/div>\n<div class=\"x14z9mp xat24cr x1lziwak x1vvkbs xtlvy1s x126k92a\" style=\"text-align: justify;\">\n<div dir=\"auto\"><em>Mit gro\u00dfer Vorfreude blicke ich auf das kommende Jahr. Eine Zeit der Transformation, des Wachstums und neuer musikalischer Wege liegt vor mir.<\/em><\/div>\n<\/div>\n<div class=\"x14z9mp xat24cr x1lziwak x1vvkbs xtlvy1s x126k92a\" style=\"text-align: justify;\">\n<div dir=\"auto\"><em>Ich w\u00fcnsche euch allen einen besinnlichen, freudvollen dritten Advent. Feiert diesen Tag, genie\u00dft die Zeit und schaltet <\/em><em>gerne ein:<\/em><\/p>\n<\/div>\n<\/div>\n<div class=\"x14z9mp xat24cr x1lziwak x1vvkbs xtlvy1s x126k92a\" style=\"text-align: justify;\">\n<div dir=\"auto\"><em><span class=\"html-span xexx8yu xyri2b x18d9i69 x1c1uobl x1hl2dhg x16tdsg8 x1vvkbs x3nfvp2 x1j61x8r x1fcty0u xdj266r xat24cr xm2jcoa x1mpyi22 xxymvpz xlup9mm x1kky2od\"><img decoding=\"async\" loading=\"lazy\" class=\"xz74otr x15mokao x1ga7v0g x16uus16 xbiv7yw\" src=\"https:\/\/static.xx.fbcdn.net\/images\/emoji.php\/v9\/t47\/2\/16\/1f550.png\" alt=\"\" width=\"16\" height=\"16\" \/><\/span> Heute um 13:00 Uhr beginnt die Sendung, die auch im Anschluss weiter ausgestrahlt wird.<\/em><\/div>\n<\/div>\n<div class=\"x14z9mp xat24cr x1lziwak x1vvkbs xtlvy1s x126k92a\" style=\"text-align: justify;\">\n<div dir=\"auto\"><em><span class=\"html-span xexx8yu xyri2b x18d9i69 x1c1uobl x1hl2dhg x16tdsg8 x1vvkbs x3nfvp2 x1j61x8r x1fcty0u xdj266r xat24cr xm2jcoa x1mpyi22 xxymvpz xlup9mm x1kky2od\"><br \/>\n<img decoding=\"async\" loading=\"lazy\" class=\"xz74otr x15mokao x1ga7v0g x16uus16 xbiv7yw\" src=\"https:\/\/static.xx.fbcdn.net\/images\/emoji.php\/v9\/t52\/2\/16\/1f517.png\" alt=\"\" width=\"16\" height=\"16\" \/><\/span> Den Link zur Sendung findet ihr hier: <span class=\"html-span xdj266r x14z9mp xat24cr x1lziwak xexx8yu xyri2b x18d9i69 x1c1uobl x1hl2dhg x16tdsg8 x1vvkbs\"><a class=\"x1i10hfl xjbqb8w x1ejq31n x18oe1m7 x1sy0etr xstzfhl x972fbf x10w94by x1qhh985 x14e42zd x9f619 x1ypdohk xt0psk2 x3ct3a4 xdj266r x14z9mp xat24cr x1lziwak xexx8yu xyri2b x18d9i69 x1c1uobl x16tdsg8 x1hl2dhg xggy1nq x1a2a7pz xkrqix3 x1sur9pj x1fey0fg x1s688f\" tabindex=\"0\" role=\"link\" href=\"https:\/\/2.brf.be\/sendungen\/kuenstlertreff\/1151832\/?fbclid=IwZXh0bgNhZW0CMTAAYnJpZBExRFZkcXA0RnprM2cxRDZTMXNydGMGYXBwX2lkEDIyMjAzOTE3ODgyMDA4OTIAAR6bXkrjXLSdF9VSi90KXhMaQ1ppk_pE1nwitaZvXfhuewXbxe15cVBU5LPRDQ_aem_8io_ys7lBr4LA8E0snGdqQ\" target=\"_blank\" rel=\"nofollow noopener noreferrer\">https:\/\/2.brf.be\/sendungen\/kuenstlertreff\/1151832\/<\/a><\/span><\/em><\/div>\n<\/div>\n<div class=\"x14z9mp xat24cr x1lziwak x1vvkbs xtlvy1s x126k92a\" style=\"text-align: justify;\">\n<div dir=\"auto\"><em>Danke f\u00fcr eure Verbundenheit und euer Vertrauen!<\/em><\/div>\n<\/div>\n<div class=\"x14z9mp xat24cr x1lziwak x1vvkbs xtlvy1s x126k92a\" style=\"text-align: justify;\">\n<div dir=\"auto\"><em>F\u00fchlt euch alle geherzt! <span class=\"html-span xexx8yu xyri2b x18d9i69 x1c1uobl x1hl2dhg x16tdsg8 x1vvkbs x3nfvp2 x1j61x8r x1fcty0u xdj266r xat24cr xm2jcoa x1mpyi22 xxymvpz xlup9mm x1kky2od\"><img decoding=\"async\" loading=\"lazy\" class=\"xz74otr x15mokao x1ga7v0g x16uus16 xbiv7yw\" src=\"https:\/\/static.xx.fbcdn.net\/images\/emoji.php\/v9\/tb6\/2\/16\/1f49d.png\" alt=\"\" width=\"16\" height=\"16\" \/><\/span><\/em><\/div>\n<\/div>\n<div class=\"x14z9mp xat24cr x1lziwak x1vvkbs xtlvy1s x126k92a\">\n<div dir=\"auto\" style=\"text-align: justify;\">\n<p><em>Eure Rosa Weiss <span class=\"html-span xexx8yu xyri2b x18d9i69 x1c1uobl x1hl2dhg x16tdsg8 x1vvkbs x3nfvp2 x1j61x8r x1fcty0u xdj266r xat24cr xm2jcoa x1mpyi22 xxymvpz xlup9mm x1kky2od\"><img decoding=\"async\" loading=\"lazy\" class=\"xz74otr x15mokao x1ga7v0g x16uus16 xbiv7yw\" src=\"https:\/\/static.xx.fbcdn.net\/images\/emoji.php\/v9\/t38\/2\/16\/1fa77.png\" alt=\"\" width=\"16\" height=\"16\" \/><\/span><\/em><\/p>\n<p>&nbsp;<\/p>\n<\/div>\n<\/div>\n<p>&nbsp;<\/p>\n<p>***<\/p>\n<p>&nbsp;<\/p>\n<p>&nbsp;<\/p>\n<p style=\"text-align: justify;\">Rosa Weiss ist S\u00e4ngerin und Songwriterin. Um unabh\u00e4ngig zu sein, gr\u00fcndete sie ihr eigenes Label, um die deutsche Schlagerlandschaft zu erobern. Ihr Markenzeichen ist vertr\u00e4umter Popschlager.<\/p>\n<p class=\"p1\" style=\"text-align: justify;\">Rosa Weiss ist eine S\u00e4ngerin, die sich ohne gro\u00dfe Plattenfirma im R\u00fccken aufgemacht hat, die Schlagerwelt zu erobern: So wurde sie bereits 2023 vom MDR in der Sendung Schlager des Monats beschrieben. Und genau das ist ihr gelungen.<\/p>\n<p class=\"p1\" style=\"text-align: justify;\">Als unabh\u00e4ngige S\u00e4ngerin, Songwriterin und Labelgr\u00fcnderin steht Rosa Weiss f\u00fcr einen neuen, authentischen Weg im Popschlager. Sie schreibt all ihre Lieder selbst und arbeitet mit einem renommierten Produzententeam zusammen. Das Ergebnis ist ein unverwechselbarer Sound.<\/p>\n<p class=\"m-size-14 size-18\" style=\"text-align: justify;\"><span class=\"m-font-size-14 font-size-18\">Der Durchbruch kam im Jahr 2023. Der Song &#8222;Sonnenw\u00e4rme&#8220; erreichte Platz sieben der offiziellen deutschen Radio-Charts und Platz 37 der Jahrescharts 2023. Weitere Titel wie &#8222;Regenbogen&#8220;, &#8222;Sommerregen&#8220;\u00a0 und &#8222;Dieses Gef\u00fchl mit dir&#8220; fanden ebenfalls ihren Weg in die Charts und ber\u00fchrten viele Menschen. Seitdem ist sie in der deutschsprachigen Schlagerwelt angekommen.<\/span><\/p>\n<p class=\"m-size-14 size-18\" style=\"text-align: justify;\"><span class=\"m-font-size-14 font-size-18\">Ein besonders sch\u00f6ner Moment war f\u00fcr Rosa Weiss die Auszeichnung als Newcomerin des Monats in der Zeitschrift &#8222;Meine Melodie&#8220; im Januar 2024. F\u00fcr sie ist das der Beweis, dass Tr\u00e4ume wahr werden k\u00f6nnen \u2013 auch unabh\u00e4ngig, mit eigener Stimme und klarer Vision.<\/span><\/p>\n<p style=\"text-align: justify;\">Jetzt zur Weihnachtszeit hat Rosa ein Weihnachtslied ver\u00f6ffentlicht: &#8222;Ich w\u00fcnsche mir von dir zur Weihnacht&#8220; ist ein gef\u00fchlvoller und warmherziger Song \u00fcber das, was an den Festtagen wirklich z\u00e4hlt: gemeinsame Zeit und Liebe. In sanften Worten und zarten Melodien erz\u00e4hlt das Lied von der Sehnsucht nach N\u00e4he, dem Warten auf den geliebten Menschen und der Freude des Wiedersehens im Kerzenschein. Ein Lied, das an Weihnachten zum Innehalten einl\u00e4dt. Es wurde von Simon Allert und Rosa Weiss komponiert und von Simon Allert produziert. Den Chor \u00fcbernahm Billy King.<\/p>\n<p>Rosa Weiss &#8211; <a href=\"https:\/\/www.rosaweiss.com\/\" target=\"_blank\" rel=\"noopener\">Homepage<\/a>\u00a0 \u00a0&#8222;Ich w\u00fcnsche mir von Dir zur Weihnacht&#8220; auf <a href=\"https:\/\/www.youtube.com\/watch?v=AbQtDdgBHXs\" target=\"_blank\" rel=\"noopener\">YouTube<\/a><\/p>\n<div class=\"gtavplayerbox\">\n<div id=\"gtavpl993633\" class=\"gtavplayeraudio\"><\/div>\n<\/div>\n<h3><\/h3>\n<h3><\/h3>\n<h3>Sendetermine<\/h3>\n<p>&nbsp;<\/p>\n<p>Sonntag, 14. Dezember: 13:00 &#8211; 14:00 Uhr<br \/>\nSamstag, 20. Dezember: 10:00 &#8211; 11:00 Uhr<\/p>\n<p>&nbsp;<\/p>\n<p>&nbsp;<\/p>\n<p>Alle Infos rund um Sendetermine, G\u00e4ste und Interviews finden Sie auch auf <a href=\"https:\/\/www.facebook.com\/BRF2.Eupen\/\" target=\"_blank\" rel=\"noopener noreferrer\">BRF2-Facebook<\/a>!<\/p>\n<p>&nbsp;<\/p>\n<p>&nbsp;<\/p>\n<p><iframe loading=\"lazy\" style=\"border: none; overflow: hidden;\" src=\"https:\/\/www.facebook.com\/plugins\/video.php?height=476&amp;href=https%3A%2F%2Fwww.facebook.com%2Freel%2F1354104319097942%2F&amp;show_text=false&amp;width=267&amp;t=0\" width=\"267\" height=\"476\" frameborder=\"0\" scrolling=\"no\" allowfullscreen=\"allowfullscreen\"><\/iframe><\/p>\n<p>&nbsp;<\/p>\n","protected":false},"excerpt":{"rendered":"<p>Unbedingt einschalten !!!<\/p>\n","protected":false},"author":2,"featured_media":252512,"comment_status":"open","ping_status":"closed","sticky":false,"template":"","format":"standard","meta":{"_FSMCFIC_featured_image_caption":"","_FSMCFIC_featured_image_nocaption":"","_FSMCFIC_featured_image_hide":""},"categories":[28],"tags":[2851],"acf":[],"_links":{"self":[{"href":"https:\/\/smago.de\/ws2\/wp-json\/wp\/v2\/posts\/252511"}],"collection":[{"href":"https:\/\/smago.de\/ws2\/wp-json\/wp\/v2\/posts"}],"about":[{"href":"https:\/\/smago.de\/ws2\/wp-json\/wp\/v2\/types\/post"}],"author":[{"embeddable":true,"href":"https:\/\/smago.de\/ws2\/wp-json\/wp\/v2\/users\/2"}],"replies":[{"embeddable":true,"href":"https:\/\/smago.de\/ws2\/wp-json\/wp\/v2\/comments?post=252511"}],"version-history":[{"count":3,"href":"https:\/\/smago.de\/ws2\/wp-json\/wp\/v2\/posts\/252511\/revisions"}],"predecessor-version":[{"id":252515,"href":"https:\/\/smago.de\/ws2\/wp-json\/wp\/v2\/posts\/252511\/revisions\/252515"}],"wp:featuredmedia":[{"embeddable":true,"href":"https:\/\/smago.de\/ws2\/wp-json\/wp\/v2\/media\/252512"}],"wp:attachment":[{"href":"https:\/\/smago.de\/ws2\/wp-json\/wp\/v2\/media?parent=252511"}],"wp:term":[{"taxonomy":"category","embeddable":true,"href":"https:\/\/smago.de\/ws2\/wp-json\/wp\/v2\/categories?post=252511"},{"taxonomy":"post_tag","embeddable":true,"href":"https:\/\/smago.de\/ws2\/wp-json\/wp\/v2\/tags?post=252511"}],"curies":[{"name":"wp","href":"https:\/\/api.w.org\/{rel}","templated":true}]}}