{"id":252508,"date":"2025-12-14T11:54:09","date_gmt":"2025-12-14T10:54:09","guid":{"rendered":"https:\/\/smago.de\/ws2\/?p=252508"},"modified":"2025-12-14T12:30:13","modified_gmt":"2025-12-14T11:30:13","slug":"ballermann-award-am-15-maerz-steigt-der-ballermann-award-2026","status":"publish","type":"post","link":"https:\/\/smago.de\/ws2\/party-schlager\/ballermann-award-am-15-maerz-steigt-der-ballermann-award-2026\/","title":{"rendered":"&#8222;BALLERMANN\u00ae AWARD&#8220; <br>Am 15. M\u00e4rz steigt der &#8222;Ballermann\u00ae Award 2026&#8220;!"},"content":{"rendered":"<p>Und zwar wie gesagt im legend\u00e4ren Willinger Brauhaus!<!--more--><\/p>\n<p>&nbsp;<\/p>\n<p>&nbsp;<\/p>\n<p style=\"font-weight: 400; text-align: justify;\"><em>Der Glanz der Partyszene erstrahlt erneut: Im legend\u00e4ren Willinger Brauhaus wird am Sonntag, 15.M\u00e4rz 2026 der Ballermann\u00ae Award 2026 verliehen \u2013 jener begehrte Party-Oscar, der seit 18 Jahren zu den bedeutendsten Ehrungen der Branche z\u00e4hlt. Hier trifft sich die Elite: herausragende K\u00fcnstler, charismatische Moderatoren, kreative Branchenk\u00f6pfe und f\u00fchrende Medienpartner, um die besonderen Leistungen der Szene geb\u00fchrend zu w\u00fcrdigen (<a href=\"http:\/\/www.ballermann-award.de\/\">www.ballermann-award.de<\/a>).<\/em><\/p>\n<p><em>Wir laden Sie herzlich ein, aktiv Teil dieses exklusiven Moments zu werden. Reichen Sie uns bitte Ihre Vorschl\u00e4ge f\u00fcr K\u00fcnstler, Moderatoren oder Medienschaffende ein, die aus Ihrer Sicht einen besonderen Beitrag zur Partykultur geleistet haben. Senden Sie uns bitte Ihre Empfehlungen per E-Mail \u2013 unser Team pr\u00fcft anschlie\u00dfend sorgf\u00e4ltig, ob der nominierte Kandidat als Preistr\u00e4ger infrage kommt oder f\u00fcr das begleitende Rahmenprogramm glamourvoll eingesetzt werden k\u00f6nnte.<\/em><\/p>\n<p><em>Wir w\u00fcrden uns sehr freuen, gemeinsam mit Ihnen den Ballermann\u00aeAward 2026 zu einem strahlenden H\u00f6hepunkt des Jahres zu machen.<\/em><\/p>\n<p style=\"font-weight: 400; text-align: justify;\"><em>Der BALLERMANN AWARD wird durch unseren Medienpartner BALLERMANN\u00aeRADIO \u00fcber DAB+ bundesweit mit Vorberichten, K\u00fcnstlervorstellungen und -interviews etc. intensiv begleitet.<\/em><\/p>\n<p>&nbsp;<\/p>\n<p>&nbsp;<\/p>\n<figure id=\"attachment_252509\" aria-describedby=\"caption-attachment-252509\" style=\"width: 442px\" class=\"wp-caption alignnone\"><img decoding=\"async\" loading=\"lazy\" class=\"size-full wp-image-252509\" src=\"https:\/\/smago.de\/ws2\/wp-content\/uploads\/2025\/12\/Bild-14.12.25-um-11.53.jpg\" alt=\"\" width=\"442\" height=\"173\" srcset=\"https:\/\/smago.de\/ws2\/wp-content\/uploads\/2025\/12\/Bild-14.12.25-um-11.53.jpg 442w, https:\/\/smago.de\/ws2\/wp-content\/uploads\/2025\/12\/Bild-14.12.25-um-11.53-292x114.jpg 292w, https:\/\/smago.de\/ws2\/wp-content\/uploads\/2025\/12\/Bild-14.12.25-um-11.53-392x153.jpg 392w, https:\/\/smago.de\/ws2\/wp-content\/uploads\/2025\/12\/Bild-14.12.25-um-11.53-130x51.jpg 130w, https:\/\/smago.de\/ws2\/wp-content\/uploads\/2025\/12\/Bild-14.12.25-um-11.53-435x170.jpg 435w\" sizes=\"(max-width: 442px) 100vw, 442px\" \/><figcaption id=\"caption-attachment-252509\" class=\"wp-caption-text\"><em>Foto-Credit: A. Engelhardt-Markenkonzepte GmbH<\/em><\/figcaption><\/figure>\n","protected":false},"excerpt":{"rendered":"<p>Und zwar wie gesagt im legend\u00e4ren Willinger Brauhaus!<\/p>\n","protected":false},"author":2,"featured_media":252509,"comment_status":"open","ping_status":"closed","sticky":false,"template":"","format":"standard","meta":{"_FSMCFIC_featured_image_caption":"","_FSMCFIC_featured_image_nocaption":"","_FSMCFIC_featured_image_hide":""},"categories":[26],"tags":[1411],"acf":[],"_links":{"self":[{"href":"https:\/\/smago.de\/ws2\/wp-json\/wp\/v2\/posts\/252508"}],"collection":[{"href":"https:\/\/smago.de\/ws2\/wp-json\/wp\/v2\/posts"}],"about":[{"href":"https:\/\/smago.de\/ws2\/wp-json\/wp\/v2\/types\/post"}],"author":[{"embeddable":true,"href":"https:\/\/smago.de\/ws2\/wp-json\/wp\/v2\/users\/2"}],"replies":[{"embeddable":true,"href":"https:\/\/smago.de\/ws2\/wp-json\/wp\/v2\/comments?post=252508"}],"version-history":[{"count":2,"href":"https:\/\/smago.de\/ws2\/wp-json\/wp\/v2\/posts\/252508\/revisions"}],"predecessor-version":[{"id":252516,"href":"https:\/\/smago.de\/ws2\/wp-json\/wp\/v2\/posts\/252508\/revisions\/252516"}],"wp:featuredmedia":[{"embeddable":true,"href":"https:\/\/smago.de\/ws2\/wp-json\/wp\/v2\/media\/252509"}],"wp:attachment":[{"href":"https:\/\/smago.de\/ws2\/wp-json\/wp\/v2\/media?parent=252508"}],"wp:term":[{"taxonomy":"category","embeddable":true,"href":"https:\/\/smago.de\/ws2\/wp-json\/wp\/v2\/categories?post=252508"},{"taxonomy":"post_tag","embeddable":true,"href":"https:\/\/smago.de\/ws2\/wp-json\/wp\/v2\/tags?post=252508"}],"curies":[{"name":"wp","href":"https:\/\/api.w.org\/{rel}","templated":true}]}}