{"id":252495,"date":"2025-12-14T00:01:04","date_gmt":"2025-12-13T23:01:04","guid":{"rendered":"https:\/\/smago.de\/ws2\/?p=252495"},"modified":"2025-12-14T12:38:11","modified_gmt":"2025-12-14T11:38:11","slug":"heino-smago-konzert-bericht-deutsche-weihnacht-mit-heino-in-bad-oeynhausen-am-tag-seines-87-geburtstags","status":"publish","type":"post","link":"https:\/\/smago.de\/ws2\/volksmusik\/heino-smago-konzert-bericht-deutsche-weihnacht-mit-heino-in-bad-oeynhausen-am-tag-seines-87-geburtstags\/","title":{"rendered":"HEINO <br>smago! Konzert-Bericht: &#8222;Deutsche Weihnacht&#8220; mit HEINO in Bad Oeynhausen \u2013 am Tag seines 87. Geburtstags!"},"content":{"rendered":"<p style=\"text-align: justify;\">Begleitet wurde Heino von Franz Lambert und seinem Traumorchester sowie von seinen bezaubernden Chor-Engel(inne)n!<!--more--><\/p>\n<p style=\"text-align: justify;\">\n<p style=\"text-align: justify;\">\n<p style=\"text-align: justify;\">\n<p style=\"text-align: justify;\">Bei HEINO ist es mittlerweile zur Tradition geworden, dass er am 13.12., seinem Geburtstag, auf der B\u00fchne feiert. (Und auch mit 87 Jahren steht er WIE EINE EINS auf der B\u00fchne &#8230;)<\/p>\n<p style=\"text-align: justify;\">Diesmal trat Heino an seinem Ehrentag in der Ev.-Luth. Kirchengemeinde Eidinghausen-Dehme in Bad Oeynhausen auf.\u00a0Pfarrer Wolfgang Edler, also quasi der &#8222;Hausherr&#8220; begr\u00fc\u00dfte die Zuschauerinnen und Zuschauer, die um die \u20ac 70,00 bezahlt hatten, am 13.12.2025 um kurz nach 17:00 Uhr u. a. mit den Worten: &#8222;Wir stimmen uns ein in den 3. Advent morgen&#8220; und w\u00fcnschte ihnen &#8222;alles Gute&#8220; und &#8222;einen sch\u00f6nen Abend&#8220;.<\/p>\n<p style=\"text-align: justify;\">Aufgrund des enormen Erfolgs seiner &#8222;Made in Germany&#8220; Tour haben in Heinos Terminkalender nur noch ZWEI Termine f\u00fcr sein Kirchenmusik-Programm Ende 2025 Platz gefunden, die unter dem Motto &#8222;Deutsche Weihnacht&#8220; standen. Als &#8222;Stargast&#8220; diente Franz Lambert mit seinem WERSI Orgel Traumorchester. Franz Lambert war bei allen 215 Kirchenkonzert-Terminen von Heino mit dabei, wie Heinos Manager Helmut Werner gleich verraten sollte. Franz Lambert besorgte den Anfang \u2014 mit &#8222;Freude, sch\u00f6ner G\u00f6tterfunken&#8220;. Apropos G\u00f6tterfunke: In der doch sehr verwinkelten Kirche waren die Besucherinnen und Besucher &#8222;kreuzf\u00f6rmig&#8220; platziert. Der Friedhof (&#8222;Dehme&#8220;) liegt im \u00dcbrigen auch gleich direkt an dem Kirchen-Areal &#8230;<\/p>\n<p style=\"text-align: justify;\">Vor zwei Jahren erst war Heino mit seinem Kirchenkonzert-Programm in Bad Oeynhausen zu Gast gewesen. Sie seien &#8222;sehr, sehr herzlich aufgenommen worden hier&#8220;, sagte Franz Lambert, der in seiner bisherigen Laufbahn 107 (!) Alben ver\u00f6ffentlicht hat. Bevor Heino die B\u00fchne betrat, sangen seine bezaubernden Chor-Engel(innen) Angelika &#8222;Angie&#8220; Henschen und Gaby Goldberg den Leonard Cohen Klassiker &#8222;Hallelujah&#8220;. Helmut Werner, der Manager von Heino, sprach dann noch einige einleitende Worte. Er freute sich, dass das &#8222;Kirchenhaus wieder voll&#8220; war.<\/p>\n<p style=\"text-align: justify;\">Dann war es soweit: Der Jubilar wurde mit &#8222;Zum Geburtstag viel Gl\u00fcck&#8220;, gespielt von Franz Lambert, geb\u00fchrend empfangen.<\/p>\n<p style=\"text-align: justify;\">Heino begann diesmal mit &#8222;Es ist nie zu sp\u00e4t f\u00fcr ein neues Leben&#8220;. Er k\u00fcndigt<em>e &#8222;eine Reise mehr oder weniger in die Vergangenheit&#8220;<\/em> an. Mit &#8222;allgegenw\u00e4rtigen Melodien&#8220;. <em>&#8222;Leider werden sie heutzutage viel zu wenig gesungen&#8220;.<\/em> Darunter zum Beispiel &#8222;Die Himmel r\u00fchmen&#8220; und auch &#8222;Ave verum corpus&#8220; von Wolfgang Amadeus Mozart. Mozart soll das St\u00fcck im Juni 1791 kurz vor dem Fronleichnamsfest in Baden bei Wien vollendet haben. (Am 05.12.1791 starb das Musikgenie \u2013 im Alter von nur 35 Jahren.<\/p>\n<p style=\"text-align: justify;\">Nach &#8222;Ich bete an die Macht der Liebe&#8220; sang Heino einen Titel, den er vor Beginn seiner gro\u00dfen Karriere <em>&#8222;auf Hochzeiten gesungen&#8220;<\/em> hat: &#8222;So nimm denn meine H\u00e4nde&#8220;. Dieses evangelische geistliche Lied (Komponist: Friedrich Silcher) wurde bereits 1843 zum ersten Mal (mit einem anderen Text) ver\u00f6ffentlicht. Die Textfassung von Julie Hausmann, die bis heute Bestand hat, wurde jedoch erst 1862 erstmals gedruckt.<\/p>\n<p style=\"text-align: justify;\">Kaum jemand wei\u00df, dass der durch Heintje und Heino zum Schlager gewordene Titel &#8222;Wenn du noch eine Mutter hast&#8220; auf ein Gedicht von Friedrich Wilhelm Kaulisch, der von 1827 und 1881 lebte, zur\u00fcckgeht. Mit &#8222;Frieden auf Ewigkeit&#8220; folgte ein Song &#8222;neueren Datums&#8220;. Vielmehr feiert dieser Heino-Titel in diesem Jahr sein 25-j\u00e4hriges Jubil\u00e4um. Der Text stammt aus der Feder von \u2013 und jetzt wird es interessant &#8230;: \u2013 Stefan Georg Fuchs. Und Stefan Fuchs ist u. a. der kreative Kopf und Macher der Sendung &#8222;Schlager-Spa\u00df mit Andy Borg&#8220; &#8230; Seinen mutma\u00dflich gr\u00f6\u00dften Erfolg als Textdichter konnte Stefan Fuchs mit dem Titel &#8222;Mein bester Freund&#8220; (Willi Seitz und seine Freunde) landen. Und zwar im Verbund mit keinem Geringeren als Heino (Kramm), der diesen Song unter dem Pseudonym &#8222;Gio Bilk&#8220; auch produziert hatte.<\/p>\n<p style=\"text-align: justify;\">Zu &#8222;Teure Heimat&#8220; wurde kr\u00e4ftig mitgesungen.<\/p>\n<p style=\"text-align: justify;\">Im Rahmen der anschlie\u00dfenden Pause konnte sich das aus drei Generationen bestehende Publikum ein bisschen st\u00e4rken.<\/p>\n<p style=\"text-align: justify;\">Im zweiten Teil bat Franz Lambert um ein bisschen &#8222;Geduld&#8220;, &#8222;dann kommt Heino wieder&#8220;. Der 77-j\u00e4hrige Organist und Weltruf k\u00fcndigte seine l\u00e4ngst legend\u00e4r gewordene &#8222;Dornenv\u00f6gel-Rhapsodie&#8220; an. &#8222;Sie dauert sieben Minuten \u2013 bitte nicht einschlafen&#8220;, sinnierte er.<\/p>\n<p style=\"text-align: justify;\">Helmut Werner betrat noch einmal die B\u00fchne \u2013 auch, um sich bei dem Publikum f\u00fcr die Aufmerksamkeit und Wertsch\u00e4tzung gegen\u00fcber seinem K\u00fcnstler und dem deutschen Liedgut zu bedanken. Es muss also erst ein \u00d6sterreicher daherkommen, um sich f\u00fcr den Erhalt des deutschen Volkslieds einzusetzen. Wie gut, dass es Helmut Werner gibt !!! In &#8222;Der blaue Enzian \u2013 Das offizielle Heino-Magazin&#8220; (Ausgabe 4; \u20ac 10,00) redet Helmut Werner auch zu diesem Thema Klartext. So, wie man es von ihm gewohnt ist.<\/p>\n<p style=\"text-align: justify;\">Heino setzte sein Programm fort mit den Titeln &#8222;Hohe Tannen&#8220;, &#8222;Kein sch\u00f6ner Land&#8220;, das &#8222;Schwalbenlied (Mutterl, unter Dach &#8230;)&#8220; \u2013 laut Heino<em> &#8222;ein Lied, das man heute gar nicht mehr h\u00f6rt&#8220;,<\/em> und zudem das Lieblingslied von Franz Lambert, &#8222;Das einsame Gl\u00f6cklein&#8220; (Heinos Lieblingslied), auch als &#8222;Kleine Annabell&#8220; von Ronny oder &#8222;Der Zar und das M\u00e4dchen (Besser frei wie ein Vogel zu leben, als im goldenen K\u00e4fig zu sein)&#8220; von Mireille Mathieu bekannt, &#8222;Schlafe, mein Prinzchen&#8220;<em> (&#8222;das Lieblingslied meiner Mutter&#8220;, <\/em>Franziska Kramm<em>)<\/em>, &#8222;Guten Abend, gut&#8216; Nacht&#8220; und &#8222;Stella Regina&#8220; <em>(&#8222;ein neues Weihnachtslied&#8220;)<\/em>.<\/p>\n<p style=\"text-align: justify;\">Es folgte ein erstes Weihnachtslieder-Medley, bestehend aus &#8222;S\u00fc\u00dfer die Glocken nie klingen&#8220;, &#8222;O Tannenbaum&#8220;, &#8222;O du Fr\u00f6hliche&#8220; und &#8222;Es ist ein Ros entsprungen&#8220;, bevor Heino den kleinen Trommler-Jungen, den &#8222;Little Drummer Boy&#8220; besang, nat\u00fcrlich in deutscher Sprache. Gleiches gilt f\u00fcr den Bing Crosby-Klassiker &#8222;White Christmas&#8220;, &#8222;Wei\u00dfe Weihnacht&#8220;.<\/p>\n<p style=\"text-align: justify;\">Das zweite Weihnachtslieder-Potpourri wartete mit den Hit-Klassikern &#8222;Kommet ihr Hirten&#8220;, &#8222;Am Weihnachtsbaum die Lichter brennen&#8220;, &#8222;Kling Gl\u00f6ckchen, klingeling&#8220; auf &#8222;Fr\u00f6hliche Weihnacht \u00fcberall&#8220; auf.<\/p>\n<p style=\"text-align: justify;\">Das Programm endete mit den &#8222;Abendglocken&#8220; und dem &#8222;Ave Maria&#8220; von Franz Schubert.<\/p>\n<p style=\"text-align: justify;\">Das hei\u00dft &#8230; noch nicht ganz &#8230; Denn: Franz Lambert stimmte auf seiner WERSI Orgel noch einmal &#8222;Zum Geburtstag viel Gl\u00fcck&#8220; (und dann auch noch &#8222;Hoch soll er leben&#8220;) an.<\/p>\n<p style=\"text-align: justify;\">Und f\u00fcrwahr wollen wir ihn \u2013 und das nicht nur an seinem Geburtstag \u2013 hochleben lassen &#8230;, unseren HEINO.<\/p>\n<p style=\"text-align: justify;\">\n","protected":false},"excerpt":{"rendered":"<p>Begleitet wurde Heino von Franz Lambert und seinem Traumorchester sowie von seinen bezaubernden Chor-Engel(inne)n!<\/p>\n","protected":false},"author":2,"featured_media":252496,"comment_status":"open","ping_status":"closed","sticky":false,"template":"","format":"standard","meta":{"_FSMCFIC_featured_image_caption":"","_FSMCFIC_featured_image_nocaption":"","_FSMCFIC_featured_image_hide":""},"categories":[39,30],"tags":[565],"acf":[],"_links":{"self":[{"href":"https:\/\/smago.de\/ws2\/wp-json\/wp\/v2\/posts\/252495"}],"collection":[{"href":"https:\/\/smago.de\/ws2\/wp-json\/wp\/v2\/posts"}],"about":[{"href":"https:\/\/smago.de\/ws2\/wp-json\/wp\/v2\/types\/post"}],"author":[{"embeddable":true,"href":"https:\/\/smago.de\/ws2\/wp-json\/wp\/v2\/users\/2"}],"replies":[{"embeddable":true,"href":"https:\/\/smago.de\/ws2\/wp-json\/wp\/v2\/comments?post=252495"}],"version-history":[{"count":6,"href":"https:\/\/smago.de\/ws2\/wp-json\/wp\/v2\/posts\/252495\/revisions"}],"predecessor-version":[{"id":252517,"href":"https:\/\/smago.de\/ws2\/wp-json\/wp\/v2\/posts\/252495\/revisions\/252517"}],"wp:featuredmedia":[{"embeddable":true,"href":"https:\/\/smago.de\/ws2\/wp-json\/wp\/v2\/media\/252496"}],"wp:attachment":[{"href":"https:\/\/smago.de\/ws2\/wp-json\/wp\/v2\/media?parent=252495"}],"wp:term":[{"taxonomy":"category","embeddable":true,"href":"https:\/\/smago.de\/ws2\/wp-json\/wp\/v2\/categories?post=252495"},{"taxonomy":"post_tag","embeddable":true,"href":"https:\/\/smago.de\/ws2\/wp-json\/wp\/v2\/tags?post=252495"}],"curies":[{"name":"wp","href":"https:\/\/api.w.org\/{rel}","templated":true}]}}