{"id":252490,"date":"2025-12-14T00:00:02","date_gmt":"2025-12-13T23:00:02","guid":{"rendered":"https:\/\/smago.de\/ws2\/?p=252490"},"modified":"2025-12-13T22:40:36","modified_gmt":"2025-12-13T21:40:36","slug":"christin-stark-praesentiert-die-schlagerhitparade-heute-nacht-14-15-12-2025-im-mdr-fernsehen","status":"publish","type":"post","link":"https:\/\/smago.de\/ws2\/pop-schlager\/christin-stark-praesentiert-die-schlagerhitparade-heute-nacht-14-15-12-2025-im-mdr-fernsehen\/","title":{"rendered":"CHRISTIN STARK pr\u00e4sentiert &#8230;: <br>&#8222;Die Schlagerhitparade&#8220; \u2013 heute Nacht (!; 14.\/15.12.2025) im MDR Fernsehen!"},"content":{"rendered":"<p>01:30 Uhr (!) &#8211; 03:00 Uhr (!) G\u00e4ste: Bernhard Brink sowie Vincent Gross!<br \/>\n<!--more--><\/p>\n<p>&nbsp;<\/p>\n<p style=\"text-align: justify;\">\n<p style=\"text-align: justify;\">Seit M\u00e4rz 2025 gab es &#8222;Die Schlagerhitparade&#8220; im MDR Fernsehen. Pr\u00e4sentiert wurden darin aktuelle und angesagte Schlager, die am h\u00e4ufigsten gespielten monatlichen Schlager-H\u00f6rfunkhits aus den Airplaycharts und das Beste aus der ARD-Schlagerhitparade. Diese wurde seit Anfang Januar 2025 w\u00f6chentlich von den H\u00f6rern der ARD-Schlagerwellen bestimmt.<\/p>\n<p>Pr\u00e4sentiert wurde &#8222;Die Schlagerhitparade&#8220; von Christin Stark, der Power-Frau des deutschen Schlagers. Gastgeberin und Moderatorin Christin Stark steht f\u00fcr den modernen, rockigen Schlager. In ihren Sendungen blickte auf die ganz frischen Hits der Szene, die legend\u00e4ren Hitparaden-Oldies und besonders gern auf die besten Newcomer der Branche. Die Rubrik &#8222;Stark und Neu&#8220; war stets ein fester Bestandteil der Sendung. Diese gab jungen Schlagertalenten und musikalischen Neuentdeckungen die Chance, sich vor einem gro\u00dfen Publikum zu pr\u00e4sentieren.<\/p>\n<p>Die &#8222;Schlagerhitparade&#8220; gibt es auch diesmal noch einmal vorab in der ARD-Mediathek.<\/p>\n<p>Bernhard Brink und Vincent Gross werden in der letzten Sendung im Studio zu Gast sein.<\/p>\n<p>Die Erstausstrahlung erfolgt allen Ernstes heute Nacht (14:\/15.12.2025) zwischen 01:30 Uhr &#8211; 03:00 Uhr im MDR Fernsehen.<\/p>\n","protected":false},"excerpt":{"rendered":"<p>01:30 Uhr (!) &#8211; 03:00 Uhr (!) G\u00e4ste: Bernhard Brink sowie Vincent Gross!<\/p>\n","protected":false},"author":2,"featured_media":252492,"comment_status":"open","ping_status":"closed","sticky":false,"template":"","format":"standard","meta":{"_FSMCFIC_featured_image_caption":"","_FSMCFIC_featured_image_nocaption":"","_FSMCFIC_featured_image_hide":""},"categories":[28,29,39,128],"tags":[584,119,329,51],"acf":[],"_links":{"self":[{"href":"https:\/\/smago.de\/ws2\/wp-json\/wp\/v2\/posts\/252490"}],"collection":[{"href":"https:\/\/smago.de\/ws2\/wp-json\/wp\/v2\/posts"}],"about":[{"href":"https:\/\/smago.de\/ws2\/wp-json\/wp\/v2\/types\/post"}],"author":[{"embeddable":true,"href":"https:\/\/smago.de\/ws2\/wp-json\/wp\/v2\/users\/2"}],"replies":[{"embeddable":true,"href":"https:\/\/smago.de\/ws2\/wp-json\/wp\/v2\/comments?post=252490"}],"version-history":[{"count":1,"href":"https:\/\/smago.de\/ws2\/wp-json\/wp\/v2\/posts\/252490\/revisions"}],"predecessor-version":[{"id":252493,"href":"https:\/\/smago.de\/ws2\/wp-json\/wp\/v2\/posts\/252490\/revisions\/252493"}],"wp:featuredmedia":[{"embeddable":true,"href":"https:\/\/smago.de\/ws2\/wp-json\/wp\/v2\/media\/252492"}],"wp:attachment":[{"href":"https:\/\/smago.de\/ws2\/wp-json\/wp\/v2\/media?parent=252490"}],"wp:term":[{"taxonomy":"category","embeddable":true,"href":"https:\/\/smago.de\/ws2\/wp-json\/wp\/v2\/categories?post=252490"},{"taxonomy":"post_tag","embeddable":true,"href":"https:\/\/smago.de\/ws2\/wp-json\/wp\/v2\/tags?post=252490"}],"curies":[{"name":"wp","href":"https:\/\/api.w.org\/{rel}","templated":true}]}}