{"id":252477,"date":"2025-12-14T00:00:15","date_gmt":"2025-12-13T23:00:15","guid":{"rendered":"https:\/\/smago.de\/ws2\/?p=252477"},"modified":"2025-12-13T13:10:05","modified_gmt":"2025-12-13T12:10:05","slug":"dan-daniell-sein-neuer-song-erzaehl-mir-von-einst-ist-nostalgie-pur","status":"publish","type":"post","link":"https:\/\/smago.de\/ws2\/pop-schlager\/dan-daniell-sein-neuer-song-erzaehl-mir-von-einst-ist-nostalgie-pur\/","title":{"rendered":"DAN DANIELL <br>Sein neuer Song &#8222;Erz\u00e4hl mir von einst&#8220; ist Nostalgie pur!"},"content":{"rendered":"<p style=\"text-align: justify;\">Einen besonderen Platz in diesem (Song-)R\u00fcckblick nehmen die Lieder von Juliane Werding ein &#8230;:<!--more--><\/p>\n<p style=\"text-align: justify;\">\n<p style=\"text-align: justify;\">\n<p class=\"p1\" style=\"text-align: justify;\">Mit \u201eErz\u00e4hl mir von einst\u201c ver\u00f6ffentlicht DAN DANIELL ein einzigartiges\u00a0musikalisches<span class=\"Apple-converted-space\">\u00a0 <\/span>Projekt, das einen sehr\u00a0 pers\u00f6nlichen R\u00fcckblick auf seine Jugendjahre bietet. Auf seine unverwechselbare Weise erinnert sich der K\u00fcnstler<span class=\"Apple-converted-space\">\u00a0 <\/span>an<span class=\"Apple-converted-space\">\u00a0 <\/span>jene<span class=\"Apple-converted-space\">\u00a0 <\/span>Hits, die ihn damals besonders gepr\u00e4gt haben und<span class=\"Apple-converted-space\">\u00a0<\/span>zu<span class=\"Apple-converted-space\">\u00a0<\/span>seinen Favoriten z\u00e4hlten.<\/p>\n<p class=\"p1\" style=\"text-align: justify;\">Einen besonderen Platz in diesem R\u00fcckblick nehmen die Lieder von Juliane Werding ein. Sie haben Dan Daniell in den unterschiedlichsten Lebenssituationen begleitet, ihm Mut zugesprochen und ihn durch s\u00e4mtliche Stimmungslagen getragen.<\/p>\n<p class=\"p1\" style=\"text-align: justify;\">Mit diesem Titel teilt der K\u00fcnstler nun diese Erinnerungen und Emotionen mit seinem Publikum \u2013 eine musikalische Reise, die ber\u00fchrt und inspiriert.<\/p>\n<p class=\"p1\" style=\"text-align: justify;\">F\u00fcr alle, die Musik als Spiegel der eigenen Vergangenheit erleben, ist<\/p>\n<p class=\"p1\" style=\"text-align: justify;\">\u201eErz\u00e4hl mir von einst\u201c ein bewegender Ausflug in die Klangwelt von Dan Daniells Jugend.<\/p>\n<p>&nbsp;<\/p>\n<p>&nbsp;<\/p>\n<p><img decoding=\"async\" loading=\"lazy\" class=\"alignnone size-large wp-image-252479\" src=\"https:\/\/smago.de\/ws2\/wp-content\/uploads\/2025\/12\/DAN-DANIELL_ERZAeHL-MIR-VON-EINST_KONTOR-1-800x800.jpg\" alt=\"\" width=\"800\" height=\"800\" srcset=\"https:\/\/smago.de\/ws2\/wp-content\/uploads\/2025\/12\/DAN-DANIELL_ERZAeHL-MIR-VON-EINST_KONTOR-1-800x800.jpg 800w, https:\/\/smago.de\/ws2\/wp-content\/uploads\/2025\/12\/DAN-DANIELL_ERZAeHL-MIR-VON-EINST_KONTOR-1-522x522.jpg 522w, https:\/\/smago.de\/ws2\/wp-content\/uploads\/2025\/12\/DAN-DANIELL_ERZAeHL-MIR-VON-EINST_KONTOR-1-150x150.jpg 150w, https:\/\/smago.de\/ws2\/wp-content\/uploads\/2025\/12\/DAN-DANIELL_ERZAeHL-MIR-VON-EINST_KONTOR-1-768x768.jpg 768w, https:\/\/smago.de\/ws2\/wp-content\/uploads\/2025\/12\/DAN-DANIELL_ERZAeHL-MIR-VON-EINST_KONTOR-1-1536x1536.jpg 1536w, https:\/\/smago.de\/ws2\/wp-content\/uploads\/2025\/12\/DAN-DANIELL_ERZAeHL-MIR-VON-EINST_KONTOR-1-2048x2048.jpg 2048w, https:\/\/smago.de\/ws2\/wp-content\/uploads\/2025\/12\/DAN-DANIELL_ERZAeHL-MIR-VON-EINST_KONTOR-1-272x272.jpg 272w, https:\/\/smago.de\/ws2\/wp-content\/uploads\/2025\/12\/DAN-DANIELL_ERZAeHL-MIR-VON-EINST_KONTOR-1-600x600.jpg 600w, https:\/\/smago.de\/ws2\/wp-content\/uploads\/2025\/12\/DAN-DANIELL_ERZAeHL-MIR-VON-EINST_KONTOR-1-130x130.jpg 130w, https:\/\/smago.de\/ws2\/wp-content\/uploads\/2025\/12\/DAN-DANIELL_ERZAeHL-MIR-VON-EINST_KONTOR-1-445x445.jpg 445w, https:\/\/smago.de\/ws2\/wp-content\/uploads\/2025\/12\/DAN-DANIELL_ERZAeHL-MIR-VON-EINST_KONTOR-1-190x190.jpg 190w, https:\/\/smago.de\/ws2\/wp-content\/uploads\/2025\/12\/DAN-DANIELL_ERZAeHL-MIR-VON-EINST_KONTOR-1-290x290.jpg 290w\" sizes=\"(max-width: 800px) 100vw, 800px\" \/><\/p>\n","protected":false},"excerpt":{"rendered":"<p>Einen besonderen Platz in diesem (Song-)R\u00fcckblick nehmen die Lieder von Juliane Werding ein &#8230;:<\/p>\n","protected":false},"author":2,"featured_media":252480,"comment_status":"open","ping_status":"closed","sticky":false,"template":"","format":"standard","meta":{"_FSMCFIC_featured_image_caption":"","_FSMCFIC_featured_image_nocaption":"","_FSMCFIC_featured_image_hide":""},"categories":[28],"tags":[3096],"acf":[],"_links":{"self":[{"href":"https:\/\/smago.de\/ws2\/wp-json\/wp\/v2\/posts\/252477"}],"collection":[{"href":"https:\/\/smago.de\/ws2\/wp-json\/wp\/v2\/posts"}],"about":[{"href":"https:\/\/smago.de\/ws2\/wp-json\/wp\/v2\/types\/post"}],"author":[{"embeddable":true,"href":"https:\/\/smago.de\/ws2\/wp-json\/wp\/v2\/users\/2"}],"replies":[{"embeddable":true,"href":"https:\/\/smago.de\/ws2\/wp-json\/wp\/v2\/comments?post=252477"}],"version-history":[{"count":1,"href":"https:\/\/smago.de\/ws2\/wp-json\/wp\/v2\/posts\/252477\/revisions"}],"predecessor-version":[{"id":252481,"href":"https:\/\/smago.de\/ws2\/wp-json\/wp\/v2\/posts\/252477\/revisions\/252481"}],"wp:featuredmedia":[{"embeddable":true,"href":"https:\/\/smago.de\/ws2\/wp-json\/wp\/v2\/media\/252480"}],"wp:attachment":[{"href":"https:\/\/smago.de\/ws2\/wp-json\/wp\/v2\/media?parent=252477"}],"wp:term":[{"taxonomy":"category","embeddable":true,"href":"https:\/\/smago.de\/ws2\/wp-json\/wp\/v2\/categories?post=252477"},{"taxonomy":"post_tag","embeddable":true,"href":"https:\/\/smago.de\/ws2\/wp-json\/wp\/v2\/tags?post=252477"}],"curies":[{"name":"wp","href":"https:\/\/api.w.org\/{rel}","templated":true}]}}