{"id":252461,"date":"2025-12-12T23:59:46","date_gmt":"2025-12-12T22:59:46","guid":{"rendered":"https:\/\/smago.de\/ws2\/?p=252461"},"modified":"2025-12-12T17:38:09","modified_gmt":"2025-12-12T16:38:09","slug":"fehlfarben-fehlfarben-33-tage-in-ketten-erscheint-als-limitierte-braune-vinyl-2lp-exklusiver-signierter-artprint","status":"publish","type":"post","link":"https:\/\/smago.de\/ws2\/ndw\/fehlfarben-fehlfarben-33-tage-in-ketten-erscheint-als-limitierte-braune-vinyl-2lp-exklusiver-signierter-artprint\/","title":{"rendered":"FEHLFARBEN <br>Fehlfarben \u2013 \u201c33 Tage in Ketten\u201d erscheint als limitierte braune Vinyl 2LP + Exklusiver Signierter Artprint!"},"content":{"rendered":"<p style=\"text-align: justify;\">Feuilleton-Autor Marc Hairapetian steuert zudem aktualisierte und exklusive Liner Notes bei!<br \/>\n<!--more--><\/p>\n<p style=\"text-align: justify;\">\n<div class=\"_3Y0Lj\" style=\"text-align: justify;\">\nDas zweite Werk eines K\u00fcnstlers hat in der \u00f6ffentlichen Kritik meist einen besonders schweren Stand. Die Vorschusslorbeeren, die beim Deb\u00fct noch gro\u00dfz\u00fcgig verteilt werden, sind schnell aufgebraucht. So erging es auch der zweiten Fehlfarben-LP bei ihrer Ver\u00f6ffentlichung im Herbst 1981. Zu sehr wurde \u201e33 Tage in Ketten\u201c an dem \u00dcberalbum \u201eMonarchie und Alltag\u201c gemessen.<\/p>\n<\/div>\n<div class=\"_3Y0Lj\" style=\"text-align: justify;\">Bei \u201e33 Tage in Ketten\u201c war der charismatische Shouter Peter Hein nicht mehr dabei. Kurz vor einer geplanten Deutschlandtour im Fr\u00fchjahr 1981 hatte er der Band den R\u00fccken gekehrt, weil er mit dem Erfolgsdruck nicht fertig wurde. Gitarrist Thomas Schwebel, der bei \u201eMonarchie und Alltag\u201c noch die Texte mit Peter Hein zusammen schrieb, \u00fcbernahm schlie\u00dflich das schwere Amt des Frontmanns. Das im Sommer 1981 in den K\u00f6lner EMI-Studios eingespielte Album ist wesentlich h\u00e4rter und aufw\u00fchlender als \u201eMonarchie und Alltag\u201c. Beim wuchtigen Opener \u201eTanz mit dem Herzen\u201c trommelt der 2023 verstorbene Uwe Bauer, der ohnehin nie ein Freund leiser T\u00f6ne war, wie ein junger Gott, w\u00e4hrend Bass (Michael Kemner) und Gitarre (Uwe Jahnke) marschieren.<\/p>\n<\/div>\n<div class=\"_3Y0Lj\" style=\"text-align: justify;\">F\u00fcr die strikt limitierte 2LP-Reissue in braunem Vinyl konnte neben raren B-Seiten auch das komplett unver\u00f6ffentlichte St\u00fcck \u201eWarten auf\u201c sowie bislang ebenfalls noch nie geh\u00f6rte Live-Aufnahmen von einem 81er-Gig bei Radio Bremen gesichert werden. Feuilleton-Autor Marc Hairapetian steuert zudem aktualisierte und exklusive Liner Notes bei.<\/div>\n","protected":false},"excerpt":{"rendered":"<p>Feuilleton-Autor Marc Hairapetian steuert zudem aktualisierte und exklusive Liner Notes bei!<\/p>\n","protected":false},"author":2,"featured_media":252462,"comment_status":"open","ping_status":"closed","sticky":false,"template":"","format":"standard","meta":{"_FSMCFIC_featured_image_caption":"","_FSMCFIC_featured_image_nocaption":"","_FSMCFIC_featured_image_hide":""},"categories":[22],"tags":[1448],"acf":[],"_links":{"self":[{"href":"https:\/\/smago.de\/ws2\/wp-json\/wp\/v2\/posts\/252461"}],"collection":[{"href":"https:\/\/smago.de\/ws2\/wp-json\/wp\/v2\/posts"}],"about":[{"href":"https:\/\/smago.de\/ws2\/wp-json\/wp\/v2\/types\/post"}],"author":[{"embeddable":true,"href":"https:\/\/smago.de\/ws2\/wp-json\/wp\/v2\/users\/2"}],"replies":[{"embeddable":true,"href":"https:\/\/smago.de\/ws2\/wp-json\/wp\/v2\/comments?post=252461"}],"version-history":[{"count":1,"href":"https:\/\/smago.de\/ws2\/wp-json\/wp\/v2\/posts\/252461\/revisions"}],"predecessor-version":[{"id":252463,"href":"https:\/\/smago.de\/ws2\/wp-json\/wp\/v2\/posts\/252461\/revisions\/252463"}],"wp:featuredmedia":[{"embeddable":true,"href":"https:\/\/smago.de\/ws2\/wp-json\/wp\/v2\/media\/252462"}],"wp:attachment":[{"href":"https:\/\/smago.de\/ws2\/wp-json\/wp\/v2\/media?parent=252461"}],"wp:term":[{"taxonomy":"category","embeddable":true,"href":"https:\/\/smago.de\/ws2\/wp-json\/wp\/v2\/categories?post=252461"},{"taxonomy":"post_tag","embeddable":true,"href":"https:\/\/smago.de\/ws2\/wp-json\/wp\/v2\/tags?post=252461"}],"curies":[{"name":"wp","href":"https:\/\/api.w.org\/{rel}","templated":true}]}}