{"id":252444,"date":"2025-12-12T10:43:29","date_gmt":"2025-12-12T09:43:29","guid":{"rendered":"https:\/\/smago.de\/ws2\/?p=252444"},"modified":"2025-12-12T10:43:29","modified_gmt":"2025-12-12T09:43:29","slug":"oswald-sattler-am-23-01-2026-kommt-sein-neues-album-flammende-berge","status":"publish","type":"post","link":"https:\/\/smago.de\/ws2\/volksmusik\/oswald-sattler-am-23-01-2026-kommt-sein-neues-album-flammende-berge\/","title":{"rendered":"OSWALD SATTLER <br>Am 23.01.2026 kommt sein neues Album &#8222;Flammende Berge&#8220;!"},"content":{"rendered":"<p style=\"text-align: justify;\">Zw\u00f6lf (darunter elf neue) Titel verbinden gro\u00dfe Emotionen mit der Sch\u00f6nheit der Berge und der Tiefe menschlicher Gef\u00fchle!<!--more--><\/p>\n<p style=\"text-align: justify;\">\n<p style=\"text-align: justify;\">\n<p style=\"text-align: justify;\">Wenn man an die gro\u00dfen Stimmen der Volksmusik denkt, f\u00e4llt unweigerlich der Name <strong>OSWALD SATTLER<\/strong>\u00a0Der S\u00fcdtiroler S\u00e4nger hat mit seiner warmen, charaktervollen Stimme Generationen von Menschen ber\u00fchrt \u2013 mit Liedern, die von Heimat, Glauben, Liebe und innerer St\u00e4rke erz\u00e4hlen. In der Sendung <em>\u201eLegenden der Volksmusik \u2013 Oswald Sattler\u201c<\/em>, moderiert von Hans J\u00f6chler, blickt der K\u00fcnstler auf eine au\u00dfergew\u00f6hnliche Karriere zur\u00fcck, die ihn vom Gr\u00fcndungsmitglied der Kastelruther Spatzen bis hin zum gefeierten Solisten f\u00fchrte.<\/p>\n<p style=\"text-align: justify;\">Geboren und aufgewachsen in Kastelruth, inmitten der gewaltigen Kulisse der Dolomiten, wurde Oswald Sattler die Musik beinahe in die Wiege gelegt. In der Familie wurde seit jeher gesungen und musiziert, und obwohl er sich anfangs lieber im Hintergrund hielt, war sein Weg bald vorgezeichnet. 1975 gr\u00fcndete er gemeinsam mit seinen Geschwistern und Freunden die Gruppe, die Volksmusikgeschichte schreiben sollte: die<strong> Kastelruther Spatzen<\/strong>.<\/p>\n<p style=\"text-align: justify;\">18 Jahre lang pr\u00e4gte er den unverwechselbaren Klang der Formation, sammelte mit ihr Gold- und Platin-Auszeichnungen, zwei Siege beim Grand Prix der Volksmusik, mehrere Spitzenpl\u00e4tze bei der ZDF-Hitparade und zwei Goldene Stimmgabeln. 1993 schlug er ein neues Kapitel auf und startete seine Solokarriere \u2013 mit erstaunlichem Erfolg. Seine Lieder wurden zu Spiegelbildern seiner Seele: ehrlich, bodenst\u00e4ndig, naturverbunden und tief gl\u00e4ubig. Neben seiner T\u00e4tigkeit als S\u00e4nger bewirtschaftet Oswald Sattler bis heute einen Hof in S\u00fcdtirol, gemeinsam mit seiner Frau Alma und den S\u00f6hnen Daniel und Ivan. Diese Verwurzelung im echten Leben verleiht seiner Musik jene Glaubw\u00fcrdigkeit, die so viele Menschen sch\u00e4tzen.<\/p>\n<p style=\"text-align: justify;\">Mit dem neuen Album <strong>\u201eFlammende Berge\u201c<\/strong> kehrt Oswald Sattler 2026 eindrucksvoll zur\u00fcck. Zw\u00f6lf neue Titel verbinden gro\u00dfe Emotionen mit der Sch\u00f6nheit der Berge und der Tiefe menschlicher Gef\u00fchle. Gleich das Titellied entfacht ein musikalisches Feuer aus Leidenschaft und Freiheitsgef\u00fchl \u2013 eine Hymne auf die majest\u00e4tische Kraft der Alpen. Auch der Titel <strong>\u201eDie Alpen\u201c<\/strong> zeichnet in poetischen Bildern ein Panorama von Stein und Licht \u2013 ein Liebesbekenntnis an die Natur und die Heimat.<\/p>\n<p style=\"text-align: justify;\">Viele Lieder des Albums erz\u00e4hlen kleine Lebensgeschichten, wie sie nur Oswald Sattler zu singen vermag. In <strong>\u201eMein altes Heimathaus\u201c<\/strong> erinnert er an die Werte und Traditionen fr\u00fcherer Zeiten \u2013 an den Duft von Holz, an das Feuer im Kamin und an die Geborgenheit einer Kindheit, in der das Haus noch Mittelpunkt des Lebens war.<\/p>\n<p style=\"text-align: justify;\">Romantisch und zugleich tragisch zeigt sich <strong>\u201eLiebe auf Zeit\u201c<\/strong>, die Geschichte einer Jugendliebe, die gesellschaftlichen Zw\u00e4ngen trotzt und doch vom Schicksal \u00fcberholt wird \u2013 eine Ballade \u00fcber Treue und den Zauber vergangener Gef\u00fchle. Ebenso gef\u00fchlvoll erklingt <strong>\u201eSanta Maria\u201c<\/strong>, in dem eine einzige Nacht zur Erinnerung f\u00fcrs Leben wird \u2013 ein Lied voller Melancholie und W\u00e4rme.<\/p>\n<p style=\"text-align: justify;\">Doch Oswald Sattler w\u00e4re nicht er selbst, wenn er sich nicht auch den stillen, nachdenklichen Themen widmen w\u00fcrde. <strong>\u201eFrieden im Herzen\u201c<\/strong>, ein ber\u00fchrendes Duett mit <strong>Andrea Wirth<\/strong>, ist eine eindringliche Botschaft f\u00fcr Menschlichkeit und Zusammenhalt. In einer Welt, die von Hektik und Oberfl\u00e4chlichkeit gepr\u00e4gt ist, rufen ihre beiden Stimmen dazu auf, im Inneren zur Ruhe zu kommen, Vergebung zu \u00fcben und die Liebe \u00fcber alles zu stellen.<\/p>\n<p style=\"text-align: justify;\">Eine besondere Note tr\u00e4gt auch das Lied <strong>\u201eDie Rose aus dem Eis\u201c<\/strong>. Es erz\u00e4hlt eine Geschichte \u00fcber Verg\u00e4nglichkeit, Neuanfang und die Mahnung der Natur. Wenn die Sonne den Gletscher k\u00fcsst und die Rose nach Jahrtausenden wieder erbl\u00fcht, erinnert sie uns daran, wie zerbrechlich und zugleich best\u00e4ndig das Leben ist.<\/p>\n<p style=\"text-align: justify;\">Inhaltlich spannt das Album einen weiten Bogen \u2013 von ergreifenden Geschichten \u00fcber Liebe und Verlust bis hin zu Botschaften von Hoffnung, Demut und Frieden. Jeder Titel tr\u00e4gt die unverwechselbare Handschrift von Oswald Sattler: schlichte Melodien, gro\u00dfe Emotionen und Texte, die den Zuh\u00f6rer zum Nachdenken anregen. In seinen Liedern erkennt man den Bauern, den Familienmenschen, den gl\u00e4ubigen Christen \u2013 und den K\u00fcnstler, der es versteht, das Einfache gro\u00df zu machen.<\/p>\n<p style=\"text-align: justify;\">Mit dem neuen Album beweist Oswald Sattler einmal mehr, dass Volksmusik weit mehr sein kann als Unterhaltung \u2013 sie kann ber\u00fchren, verbinden und Trost spenden. Seine Stimme hat jene seltene W\u00e4rme, die Menschen erreicht, ohne laut zu sein. Vielleicht liegt darin sein Geheimnis: in der Kraft der leisen Worte.<\/p>\n<p style=\"text-align: justify;\">Das neue Album <strong>\u201eFlammende Berge\u201c<\/strong> erscheint am <strong>16. Januar 2026<\/strong> und markiert einen bedeutenden Meilenstein im k\u00fcnstlerischen Schaffen Oswald Sattlers. Nur zwei Tage sp\u00e4ter pr\u00e4sentiert Melodie TV am <strong>18. Januar 2026 um 20:15 Uhr<\/strong> das gro\u00dfe Fernsehportrait <em>\u201eLegenden der Volksmusik \u2013 Oswald Sattler\u201c<\/em>, das Einblicke in sein Leben, seine Musik und die Entstehung des neuen Albums gew\u00e4hrt.<\/p>\n<p>&nbsp;<\/p>\n<p>&nbsp;<\/p>\n<p><img decoding=\"async\" loading=\"lazy\" class=\"alignnone size-medium wp-image-252446\" src=\"https:\/\/smago.de\/ws2\/wp-content\/uploads\/2025\/12\/Oswald-Sattler-Rueckseite-522x448.jpg\" alt=\"\" width=\"522\" height=\"448\" srcset=\"https:\/\/smago.de\/ws2\/wp-content\/uploads\/2025\/12\/Oswald-Sattler-Rueckseite-522x448.jpg 522w, https:\/\/smago.de\/ws2\/wp-content\/uploads\/2025\/12\/Oswald-Sattler-Rueckseite-800x687.jpg 800w, https:\/\/smago.de\/ws2\/wp-content\/uploads\/2025\/12\/Oswald-Sattler-Rueckseite-175x150.jpg 175w, https:\/\/smago.de\/ws2\/wp-content\/uploads\/2025\/12\/Oswald-Sattler-Rueckseite-768x660.jpg 768w, https:\/\/smago.de\/ws2\/wp-content\/uploads\/2025\/12\/Oswald-Sattler-Rueckseite-317x272.jpg 317w, https:\/\/smago.de\/ws2\/wp-content\/uploads\/2025\/12\/Oswald-Sattler-Rueckseite-698x600.jpg 698w, https:\/\/smago.de\/ws2\/wp-content\/uploads\/2025\/12\/Oswald-Sattler-Rueckseite-130x112.jpg 130w, https:\/\/smago.de\/ws2\/wp-content\/uploads\/2025\/12\/Oswald-Sattler-Rueckseite-518x445.jpg 518w, https:\/\/smago.de\/ws2\/wp-content\/uploads\/2025\/12\/Oswald-Sattler-Rueckseite-608x522.jpg 608w, https:\/\/smago.de\/ws2\/wp-content\/uploads\/2025\/12\/Oswald-Sattler-Rueckseite-221x190.jpg 221w, https:\/\/smago.de\/ws2\/wp-content\/uploads\/2025\/12\/Oswald-Sattler-Rueckseite-338x290.jpg 338w, https:\/\/smago.de\/ws2\/wp-content\/uploads\/2025\/12\/Oswald-Sattler-Rueckseite.jpg 986w\" sizes=\"(max-width: 522px) 100vw, 522px\" \/><\/p>\n","protected":false},"excerpt":{"rendered":"<p>Zw\u00f6lf (darunter elf neue) Titel verbinden gro\u00dfe Emotionen mit der Sch\u00f6nheit der Berge und der Tiefe menschlicher Gef\u00fchle!<\/p>\n","protected":false},"author":2,"featured_media":252447,"comment_status":"open","ping_status":"closed","sticky":false,"template":"","format":"standard","meta":{"_FSMCFIC_featured_image_caption":"","_FSMCFIC_featured_image_nocaption":"","_FSMCFIC_featured_image_hide":""},"categories":[30],"tags":[1701],"acf":[],"_links":{"self":[{"href":"https:\/\/smago.de\/ws2\/wp-json\/wp\/v2\/posts\/252444"}],"collection":[{"href":"https:\/\/smago.de\/ws2\/wp-json\/wp\/v2\/posts"}],"about":[{"href":"https:\/\/smago.de\/ws2\/wp-json\/wp\/v2\/types\/post"}],"author":[{"embeddable":true,"href":"https:\/\/smago.de\/ws2\/wp-json\/wp\/v2\/users\/2"}],"replies":[{"embeddable":true,"href":"https:\/\/smago.de\/ws2\/wp-json\/wp\/v2\/comments?post=252444"}],"version-history":[{"count":1,"href":"https:\/\/smago.de\/ws2\/wp-json\/wp\/v2\/posts\/252444\/revisions"}],"predecessor-version":[{"id":252448,"href":"https:\/\/smago.de\/ws2\/wp-json\/wp\/v2\/posts\/252444\/revisions\/252448"}],"wp:featuredmedia":[{"embeddable":true,"href":"https:\/\/smago.de\/ws2\/wp-json\/wp\/v2\/media\/252447"}],"wp:attachment":[{"href":"https:\/\/smago.de\/ws2\/wp-json\/wp\/v2\/media?parent=252444"}],"wp:term":[{"taxonomy":"category","embeddable":true,"href":"https:\/\/smago.de\/ws2\/wp-json\/wp\/v2\/categories?post=252444"},{"taxonomy":"post_tag","embeddable":true,"href":"https:\/\/smago.de\/ws2\/wp-json\/wp\/v2\/tags?post=252444"}],"curies":[{"name":"wp","href":"https:\/\/api.w.org\/{rel}","templated":true}]}}