{"id":252401,"date":"2025-12-12T07:40:55","date_gmt":"2025-12-12T06:40:55","guid":{"rendered":"https:\/\/smago.de\/ws2\/?p=252401"},"modified":"2025-12-12T07:40:55","modified_gmt":"2025-12-12T06:40:55","slug":"eurovision-song-contest-eurovision-song-contest-das-deutsche-finale-2026-am-28-februar-live-in-der-ard","status":"publish","type":"post","link":"https:\/\/smago.de\/ws2\/pop\/eurovision-song-contest-eurovision-song-contest-das-deutsche-finale-2026-am-28-februar-live-in-der-ard\/","title":{"rendered":"&#8222;EUROVISION SONG CONTEST&#8220; <br>&#8222;Eurovision Song Contest &#8211; Das Deutsche Finale 2026&#8220; \u2013 am 28. Februar live in der ARD!"},"content":{"rendered":"<p>Wer singt im Jubil\u00e4umsjahr in Wien?<!--more--><\/p>\n<p>&nbsp;<\/p>\n<p>&nbsp;<\/p>\n<p>&nbsp;<\/p>\n<p>70 Jahre Hits und magische Momente: Der Eurovision Song Contest begeistert und verbindet seit sieben Jahrzehnten Millionen von Menschen in ganz Europa und weit dar\u00fcber hinaus. Welcher Act Deutschland bei der Jubil\u00e4umsausgabe des gr\u00f6\u00dften Musikwettbewerbs der Welt im Mai in Wien vertreten darf, entscheidet sich am\u00a0<b>Samstag, 28. Februar &#8211; live um 20:15 Uhr im Ersten und in der ARD Mediathek bei &#8222;Eurovision Song Contest &#8211; Das Deutsche Finale 2026&#8220;.<\/b><\/p>\n<p>Eine Show voller \u00dcberraschungen und musikalischer Highlights: Welche Solo-K\u00fcnstler:innen und Bands beim deutschen Vorentscheid antreten, wird durch einen internen Auswahlprozess ermittelt, dessen H\u00f6hepunkt die gro\u00dfe Live-Show\u00a0<b>&#8222;Eurovision Song Contest &#8211; Das Deutsche Finale 2026&#8220;<\/b>\u00a0ist. Teil des mehrstufigen Verfahrens waren auch Songwriting-Camps des SWR, in denen Artists mit international renommierten Songwritern und Producern gemeinsam Songs f\u00fcr den ESC entwickelt haben. Eine engere Auswahl von Songs und Acts wurde anschlie\u00dfend von Expert:innen aus der Musikbranche sowie einer internationalen Jury und Publikumsjuror:innen eingesch\u00e4tzt und bewertet. Die vielversprechendsten Acts kommen im Finale auf die gro\u00dfe B\u00fchne.<\/p>\n<p>Erstmals verantwortet<b>\u00a0Tina Sikorski\u00a0<\/b>als\u00a0<b>Head of Delegation<\/b>\u00a0beim SWR, dem neuen ARD-Federf\u00fchrer, die\u00a0<b>k\u00fcnstlerische und organisatorische Koordination der deutschen Eurovision Song Contest-Teilnahme.<\/b>\u00a0Die ausgewiesene Branchenkennerin, die vorher u.a. an der Popakademie Baden-W\u00fcrttemberg und als Gesch\u00e4ftsf\u00fchrerin der Initiative Musik t\u00e4tig war, sagt:\u00a0<i>&#8222;Musik ist eine Sprache, die wir alle verstehen. Seit 70 Jahren zeigt uns der ESC, wie kraftvoll und magisch diese Verbindung sein kann, aber auch, wie kontrovers immer wieder um Themen gerungen wird. Ich freue mich sehr, dass wir mit der ARD den musikalischen Funken weitertragen. Beim deutschen ESC-Finale werden wir gro\u00dfartige Performances sehen und den perfekten Act finden, der Deutschland beim 70. Eurovision Song Contest leuchten l\u00e4sst.&#8220;<\/i><\/p>\n<p>Details zur Ausrichtung von\u00a0<b>&#8222;Eurovision Song Contest &#8211; Das Deutsche Finale 2026&#8220;\u00a0<\/b>sowie die teilnehmenden Acts uwerden im Januar bekanntgegeben.<\/p>\n<p>Federf\u00fchrend f\u00fcr die ARD beim deutschen ESC-Finale und der \u00dcbertragung des Eurovision Song Contest ist der SWR in Zusammenarbeit mit BR und HR.<\/p>\n<p>&nbsp;<\/p>\n<p>&nbsp;<\/p>\n<p>&nbsp;<\/p>\n<p><b>Weitere Infos unter <\/b><a class=\"uri-ext outbound\" href=\"https:\/\/www.eurovision.de\/\" target=\"_blank\" rel=\"noopener\">https:\/\/www.eurovision.de\/<\/a>!<\/p>\n<p>&nbsp;<\/p>\n<p>&nbsp;<\/p>\n<p><b>Social Media:<\/b><\/p>\n<p>&nbsp;<\/p>\n<p><strong>Instagram:\u00a0<\/strong><a class=\"uri-ext outbound\" href=\"https:\/\/www.instagram.com\/eurovision_de\/\" target=\"_blank\" rel=\"noopener\">https:\/\/www.instagram.com\/eurovision_de\/<\/a><\/p>\n<p><strong>YouTube:<\/strong> <a class=\"uri-ext outbound\" href=\"https:\/\/www.youtube.com\/user\/esc\" target=\"_blank\" rel=\"noopener\">https:\/\/www.youtube.com\/user\/esc<\/a><\/p>\n<p><strong>TikTok:<\/strong> <a class=\"uri-ext outbound\" href=\"https:\/\/www.tiktok.com\/@eurovision_de\" target=\"_blank\" rel=\"noopener\">https:\/\/www.tiktok.com\/@eurovision_de<\/a><\/p>\n<p><strong>Facebook:<\/strong>\u00a0<a class=\"uri-ext outbound\" href=\"https:\/\/www.facebook.com\/EurovisionDE\" target=\"_blank\" rel=\"noopener\">https:\/\/www.facebook.com\/EurovisionDE<\/a><\/p>\n<div class=\"story-sharing story-sharing-items action-toolbar\"><\/div>\n<div class=\"story-media-item\"><\/div>\n<div><\/div>\n<div>\n<figure id=\"attachment_252402\" aria-describedby=\"caption-attachment-252402\" style=\"width: 800px\" class=\"wp-caption alignnone\"><img decoding=\"async\" loading=\"lazy\" class=\"size-large wp-image-252402\" src=\"https:\/\/smago.de\/ws2\/wp-content\/uploads\/2025\/12\/1_Logo_ESC_70_Jahre-800x450.jpg\" alt=\"\" width=\"800\" height=\"450\" srcset=\"https:\/\/smago.de\/ws2\/wp-content\/uploads\/2025\/12\/1_Logo_ESC_70_Jahre-800x450.jpg 800w, https:\/\/smago.de\/ws2\/wp-content\/uploads\/2025\/12\/1_Logo_ESC_70_Jahre-522x294.jpg 522w, https:\/\/smago.de\/ws2\/wp-content\/uploads\/2025\/12\/1_Logo_ESC_70_Jahre-267x150.jpg 267w, https:\/\/smago.de\/ws2\/wp-content\/uploads\/2025\/12\/1_Logo_ESC_70_Jahre-768x432.jpg 768w, https:\/\/smago.de\/ws2\/wp-content\/uploads\/2025\/12\/1_Logo_ESC_70_Jahre-392x221.jpg 392w, https:\/\/smago.de\/ws2\/wp-content\/uploads\/2025\/12\/1_Logo_ESC_70_Jahre-130x73.jpg 130w, https:\/\/smago.de\/ws2\/wp-content\/uploads\/2025\/12\/1_Logo_ESC_70_Jahre-791x445.jpg 791w, https:\/\/smago.de\/ws2\/wp-content\/uploads\/2025\/12\/1_Logo_ESC_70_Jahre-870x489.jpg 870w, https:\/\/smago.de\/ws2\/wp-content\/uploads\/2025\/12\/1_Logo_ESC_70_Jahre-292x164.jpg 292w, https:\/\/smago.de\/ws2\/wp-content\/uploads\/2025\/12\/1_Logo_ESC_70_Jahre-435x245.jpg 435w, https:\/\/smago.de\/ws2\/wp-content\/uploads\/2025\/12\/1_Logo_ESC_70_Jahre-895x503.jpg 895w, https:\/\/smago.de\/ws2\/wp-content\/uploads\/2025\/12\/1_Logo_ESC_70_Jahre.jpg 960w\" sizes=\"(max-width: 800px) 100vw, 800px\" \/><figcaption id=\"caption-attachment-252402\" class=\"wp-caption-text\"><em>Foto-Credit: SWR \/ Patricia Neligan<\/em><\/figcaption><\/figure>\n<\/div>\n","protected":false},"excerpt":{"rendered":"<p>Wer singt im Jubil\u00e4umsjahr in Wien?<\/p>\n","protected":false},"author":2,"featured_media":252402,"comment_status":"open","ping_status":"closed","sticky":false,"template":"","format":"standard","meta":{"_FSMCFIC_featured_image_caption":"","_FSMCFIC_featured_image_nocaption":"","_FSMCFIC_featured_image_hide":""},"categories":[27,29,39,128],"tags":[85],"acf":[],"_links":{"self":[{"href":"https:\/\/smago.de\/ws2\/wp-json\/wp\/v2\/posts\/252401"}],"collection":[{"href":"https:\/\/smago.de\/ws2\/wp-json\/wp\/v2\/posts"}],"about":[{"href":"https:\/\/smago.de\/ws2\/wp-json\/wp\/v2\/types\/post"}],"author":[{"embeddable":true,"href":"https:\/\/smago.de\/ws2\/wp-json\/wp\/v2\/users\/2"}],"replies":[{"embeddable":true,"href":"https:\/\/smago.de\/ws2\/wp-json\/wp\/v2\/comments?post=252401"}],"version-history":[{"count":1,"href":"https:\/\/smago.de\/ws2\/wp-json\/wp\/v2\/posts\/252401\/revisions"}],"predecessor-version":[{"id":252403,"href":"https:\/\/smago.de\/ws2\/wp-json\/wp\/v2\/posts\/252401\/revisions\/252403"}],"wp:featuredmedia":[{"embeddable":true,"href":"https:\/\/smago.de\/ws2\/wp-json\/wp\/v2\/media\/252402"}],"wp:attachment":[{"href":"https:\/\/smago.de\/ws2\/wp-json\/wp\/v2\/media?parent=252401"}],"wp:term":[{"taxonomy":"category","embeddable":true,"href":"https:\/\/smago.de\/ws2\/wp-json\/wp\/v2\/categories?post=252401"},{"taxonomy":"post_tag","embeddable":true,"href":"https:\/\/smago.de\/ws2\/wp-json\/wp\/v2\/tags?post=252401"}],"curies":[{"name":"wp","href":"https:\/\/api.w.org\/{rel}","templated":true}]}}