{"id":252360,"date":"2025-12-12T00:00:03","date_gmt":"2025-12-11T23:00:03","guid":{"rendered":"https:\/\/smago.de\/ws2\/?p=252360"},"modified":"2025-12-12T07:34:55","modified_gmt":"2025-12-12T06:34:55","slug":"francine-jordi-u-a-heute-12-12-br-fernsehen-sternstunden-gala-2025","status":"publish","type":"post","link":"https:\/\/smago.de\/ws2\/pop-schlager\/francine-jordi-u-a-heute-12-12-br-fernsehen-sternstunden-gala-2025\/","title":{"rendered":"FRANCINE JORDI u.a. <br>Heute, 12.12., BR Fernsehen: &#8222;Sternstunden-Gala 2025&#8220;!"},"content":{"rendered":"<p style=\"text-align: justify;\">20:15 Uhr &#8211; 23:15 Uhr! Moderation: Sandra Rie\u00df und Volker Hei\u00dfmann!<!--more--><\/p>\n<p>&nbsp;<\/p>\n<p>&nbsp;<\/p>\n<p class=\"copytext\" style=\"text-align: justify;\">F\u00fcr die glanzvolle &#8222;Sternstunden-Gala&#8220; gibt es auch in diesem Jahr ein gro\u00dfes Aufgebot namhafter K\u00fcnstlerinnen und K\u00fcnstler. Mit dabei auf der Gala-B\u00fchne sind unter anderen: die Pop-Ikone Vanessa Mai, der Singer-Songwriter Iggi Kelly, die Schweizer Schlagers\u00e4ngerin Francine Jordi, die bayerische Gypsy-Band Django 3000, die Volksmusikgruppe Geschwister Strasser und der Unterstufenchor der Wilhelm-L\u00f6he-Schule in N\u00fcrnberg. Au\u00dferdem wird der beliebte Chor der bayerischen Spitzenpolitiker wieder ein Weihnachtslied f\u00fcr Kinder in Not singen. F\u00fcr viel Spa\u00df sorgt wie immer das fr\u00e4nkische Komiker-Duo Hei\u00dfmann &amp; Rassau und auch das N\u00fcrnberger Christkind wird zu Besuch in die Gala kommen.<\/p>\n<p class=\"copytext\" style=\"text-align: justify;\">Um zu zeigen, wie vielf\u00e4ltig die Kinder-Hilfsprojekte sind, die der Verein &#8222;Sternstunden&#8220; unterst\u00fctzt, werden verschiedene Initiativen vorgestellt, unter anderem:<\/p>\n<p class=\"copytext\" style=\"text-align: justify;\">Die World Childhood Foundation, die von K\u00f6nigin Silvia von Schweden gegr\u00fcndet wurde, bietet mit den Childhood-H\u00e4usern Kindern und Jugendlichen, die Opfer bzw. Zeugen von sexualisierter, k\u00f6rperlicher und psychischer Gewalt wurden, kinderfreundliche, multidisziplin\u00e4re und ambulante Anlaufstellen. Nach Bayerns erstem Childhood-Haus in M\u00fcnchen kann mithilfe von &#8222;Sternstunden&#8220; nun auch eines in W\u00fcrzburg realisiert werden.<\/p>\n<p class=\"copytext\" style=\"text-align: justify;\">Der Verein zur F\u00f6rderung der Behandlung Brandverletzter setzt sich daf\u00fcr ein, dass vor allem schwerstbrandverletzte Kinder umfassend behandelt werden k\u00f6nnen. Die Kinder im Alter von drei bis 14 Jahren stammen aus unterschiedlichen Regionen, insbesondere aus Kriegs- und Krisengebieten.<\/p>\n<p class=\"copytext\" style=\"text-align: justify;\">Vorgestellt wird au\u00dferdem die Lebenshilfe Ostallg\u00e4u. Mithilfe von &#8222;Sternstunden&#8220; kann der Verein den Neubau einer interdisziplin\u00e4ren Fr\u00fchf\u00f6rderstelle in F\u00fcssen realisieren.<\/p>\n<p class=\"copytext\" style=\"text-align: justify;\">Seit 1993 setzt sich die Hilfsaktion &#8222;Sternstunden&#8220; mit dem Bayerischen Rundfunk f\u00fcr kranke, behinderte und Not leidende Kinder in Bayern, Deutschland und auf der ganzen Welt ein. Mehr als 429 Millionen Euro haben die Zuschauerinnen und Zuschauer, Zuh\u00f6rerinnen und Zuh\u00f6rer des BR seitdem gespendet und damit 4.172 Hilfsprojekte unterst\u00fctzt. Jedes Jahr im Dezember widmet der Bayerische Rundfunk einen ganzen Tag lang sein Programm den &#8222;Sternstunden&#8220;. Auf allen H\u00f6rfunk-Wellen, im BR Fernsehen und online wird \u00fcber &#8222;Sternstunden&#8220;-Projekte berichtet und zu Spenden aufgerufen. Die &#8222;Sternstunden&#8220;-Gala markiert den H\u00f6hepunkt des &#8222;Sternstunden&#8220;-Tages.<\/p>\n<p>&nbsp;<\/p>\n<p>&nbsp;<\/p>\n<figure id=\"attachment_252398\" aria-describedby=\"caption-attachment-252398\" style=\"width: 800px\" class=\"wp-caption alignnone\"><img decoding=\"async\" loading=\"lazy\" class=\"size-large wp-image-252398\" src=\"https:\/\/smago.de\/ws2\/wp-content\/uploads\/2025\/12\/1_Sternstunden_2025-5-800x448.jpg\" alt=\"\" width=\"800\" height=\"448\" srcset=\"https:\/\/smago.de\/ws2\/wp-content\/uploads\/2025\/12\/1_Sternstunden_2025-5-800x448.jpg 800w, https:\/\/smago.de\/ws2\/wp-content\/uploads\/2025\/12\/1_Sternstunden_2025-5-522x292.jpg 522w, https:\/\/smago.de\/ws2\/wp-content\/uploads\/2025\/12\/1_Sternstunden_2025-5-268x150.jpg 268w, https:\/\/smago.de\/ws2\/wp-content\/uploads\/2025\/12\/1_Sternstunden_2025-5-768x430.jpg 768w, https:\/\/smago.de\/ws2\/wp-content\/uploads\/2025\/12\/1_Sternstunden_2025-5-1536x860.jpg 1536w, https:\/\/smago.de\/ws2\/wp-content\/uploads\/2025\/12\/1_Sternstunden_2025-5-2048x1147.jpg 2048w, https:\/\/smago.de\/ws2\/wp-content\/uploads\/2025\/12\/1_Sternstunden_2025-5-392x220.jpg 392w, https:\/\/smago.de\/ws2\/wp-content\/uploads\/2025\/12\/1_Sternstunden_2025-5-130x73.jpg 130w, https:\/\/smago.de\/ws2\/wp-content\/uploads\/2025\/12\/1_Sternstunden_2025-5-794x445.jpg 794w, https:\/\/smago.de\/ws2\/wp-content\/uploads\/2025\/12\/1_Sternstunden_2025-5-870x487.jpg 870w, https:\/\/smago.de\/ws2\/wp-content\/uploads\/2025\/12\/1_Sternstunden_2025-5-292x164.jpg 292w, https:\/\/smago.de\/ws2\/wp-content\/uploads\/2025\/12\/1_Sternstunden_2025-5-435x244.jpg 435w\" sizes=\"(max-width: 800px) 100vw, 800px\" \/><figcaption id=\"caption-attachment-252398\" class=\"wp-caption-text\"><em>Ob f\u00fcr behinderte, arme oder erkrankte Kinder: Die Projekte, die von &#8222;Sternstunden&#8220; unterst\u00fctzt werden, sind ebenso vielf\u00e4ltig wie die Ideen der privaten oder prominenten Helfer, die sich daf\u00fcr einsetzen.<\/em><\/p>\n<p><em>\u00a9 BR\/iStock.com\/stock.adobe.com\/JazzIRT\/real444\/KY\/Montage: BR<\/em><\/figcaption><\/figure>\n","protected":false},"excerpt":{"rendered":"<p>20:15 Uhr &#8211; 23:15 Uhr! Moderation: Sandra Rie\u00df und Volker Hei\u00dfmann!<\/p>\n","protected":false},"author":2,"featured_media":252398,"comment_status":"open","ping_status":"closed","sticky":false,"template":"","format":"standard","meta":{"_FSMCFIC_featured_image_caption":"","_FSMCFIC_featured_image_nocaption":"","_FSMCFIC_featured_image_hide":""},"categories":[28,128],"tags":[1860],"acf":[],"_links":{"self":[{"href":"https:\/\/smago.de\/ws2\/wp-json\/wp\/v2\/posts\/252360"}],"collection":[{"href":"https:\/\/smago.de\/ws2\/wp-json\/wp\/v2\/posts"}],"about":[{"href":"https:\/\/smago.de\/ws2\/wp-json\/wp\/v2\/types\/post"}],"author":[{"embeddable":true,"href":"https:\/\/smago.de\/ws2\/wp-json\/wp\/v2\/users\/2"}],"replies":[{"embeddable":true,"href":"https:\/\/smago.de\/ws2\/wp-json\/wp\/v2\/comments?post=252360"}],"version-history":[{"count":4,"href":"https:\/\/smago.de\/ws2\/wp-json\/wp\/v2\/posts\/252360\/revisions"}],"predecessor-version":[{"id":252400,"href":"https:\/\/smago.de\/ws2\/wp-json\/wp\/v2\/posts\/252360\/revisions\/252400"}],"wp:featuredmedia":[{"embeddable":true,"href":"https:\/\/smago.de\/ws2\/wp-json\/wp\/v2\/media\/252398"}],"wp:attachment":[{"href":"https:\/\/smago.de\/ws2\/wp-json\/wp\/v2\/media?parent=252360"}],"wp:term":[{"taxonomy":"category","embeddable":true,"href":"https:\/\/smago.de\/ws2\/wp-json\/wp\/v2\/categories?post=252360"},{"taxonomy":"post_tag","embeddable":true,"href":"https:\/\/smago.de\/ws2\/wp-json\/wp\/v2\/tags?post=252360"}],"curies":[{"name":"wp","href":"https:\/\/api.w.org\/{rel}","templated":true}]}}