{"id":252355,"date":"2025-12-12T00:00:21","date_gmt":"2025-12-11T23:00:21","guid":{"rendered":"https:\/\/smago.de\/ws2\/?p=252355"},"modified":"2025-12-11T14:44:08","modified_gmt":"2025-12-11T13:44:08","slug":"ramon-roselly-u-a-heute-12-12-2025-in-der-mdr-talkshow-riverboat-zu-gast","status":"publish","type":"post","link":"https:\/\/smago.de\/ws2\/schlager\/ramon-roselly-u-a-heute-12-12-2025-in-der-mdr-talkshow-riverboat-zu-gast\/","title":{"rendered":"RAMON ROSELLY u.a. <br>Heute (12.12.2025) in der MDR-Talkshow &#8222;Riverboat&#8220; zu Gast!"},"content":{"rendered":"<p style=\"text-align: justify;\">MDR Fernsehen, 22:00 Uhr &#8211; 00:10 Uhr (Wh.: Sa.\/So., 13.\/14.12., 00:55 Uhr &#8211; 03:05 Uhr)! Moderation: Kim Fisher und Joachim Llambi!<br \/>\n<!--more--><\/p>\n<p>&nbsp;<\/p>\n<p>&nbsp;<\/p>\n<p>&nbsp;<\/p>\n<p>&nbsp;<\/p>\n<p><strong>Die G\u00e4ste am 12.12.2025 &#8230;:<\/strong><\/p>\n<div class=\"con conBroadcastPreText\" style=\"text-align: justify;\">\n<div class=\"modCon\">\n<div class=\"mod modA\">\n<div class=\"boxCon\">\n<div class=\"box\">\n<p>&nbsp;<\/p>\n<p>&nbsp;<\/p>\n<p class=\"einleitung \">* Gaby Dohm, Fernsehlegende<br \/>\n* Heino Ferch, Schauspieler und Kinostar<br \/>\n* Martin R\u00fctter, Hundeprofi, Hundetrainer und Hundeversteher<br \/>\n* Dr. Margot K\u00e4\u00dfmann, Deutschlands bekannteste Theologin<br \/>\n* Ramon Roselly, Schlagers\u00e4nger<br \/>\n* MDR-Kinderchor<br \/>\n* Elisabeth Kreutzkamm-Aum\u00fcller, Dresdner Stollenb\u00e4ckerin<\/p>\n<\/div>\n<\/div>\n<\/div>\n<\/div>\n<\/div>\n<p>&nbsp;<\/p>\n<p>&nbsp;<\/p>\n<p>&nbsp;<\/p>\n<p>&nbsp;<\/p>\n<div class=\"con\">\n<div class=\"modCon\">\n<div class=\"mod modA\">\n<div class=\"boxCon\">\n<div class=\"box cssBroadcastContentInfos\" style=\"text-align: justify;\"><strong>* Gaby Dohm, Fernsehlegende<\/p>\n<p><\/strong><\/div>\n<div><\/div>\n<div class=\"box cssBroadcastContentInfos\" style=\"text-align: justify;\">Gaby Dohm, geboren 1943 in Salzburg und aufgewachsen in Berlin, stammt aus einer Schauspielerfamilie. Ihr Vater, der Schauspieler Will Dohm, verstarb fr\u00fch, ihre Mutter war die bekannte Schauspielerin Heli Finkenzeller. Nach ihrer Ausbildung stand Gaby Dohmauf renommierten deutschen Theater-B\u00fchnen, wo sie in Klassikern von Shakespeare, Tschechow und Moli\u00e8re \u00fcberzeugte. Einem Millionenpublikum wurde sie als Schwester Christa in der ZDF-Kultserie &#8222;Die Schwarzwaldklinik\u201c bekannt \u2013 eine Rolle, die sie in den 1980er-Jahren zur beliebtesten TV-Krankenschwester Deutschlands machte. Sp\u00e4ter zeigte sie in &#8222;Um Himmels Willen&#8220; als Oberin Baronin von Beilheim ihr Talent f\u00fcr resolute, humorvolle Frauenfiguren. Auch im &#8222;Polizeiruf 110&#8220; und vielen anderen Produktionen bewies sie immer wieder ihr Gesp\u00fcr f\u00fcr starke Charaktere. Heute lebt die 82-J\u00e4hrige mit ihrem Lebensgef\u00e4hrten Peter Deutsch in M\u00fcnchen. Sie ist stolze Gro\u00dfmutter von drei Enkeln &#8211; und dreht immer noch!<\/div>\n<\/div>\n<\/div>\n<\/div>\n<\/div>\n<div><\/div>\n<div><\/div>\n<div><\/div>\n<div><\/div>\n<div class=\"box cssBroadcastContentInfos\" style=\"text-align: justify;\">\n<p><strong>* Heino Ferch, Schauspieler und Kinostar<\/p>\n<p><\/strong><\/p>\n<\/div>\n<div class=\"box cssBroadcastContentInfos\" style=\"text-align: justify;\">\n<p>Als Kind schlief er bei den Elefanten, wenn der Zirkus in der Stadt gastierte. Als Jugendlicher eroberte er als Kunstturner die Hallen und als Akrobat die B\u00fchnen. Der Weg auf die Bretter, die die Welt bedeuten, war verkn\u00fcpft mit waghalsigen Stunts \u2013 und gro\u00dfer Leidenschaft. Aufgewachsen als Sohn eines Seemanns in Bremerhaven, z\u00e4hlt Heino Ferch heute zu den markantesten Gesichtern des deutschen Films, vielfach ausgezeichnet und unverwechselbar in seiner Pr\u00e4senz. Doch seine Liebe zur Akrobatik und zum Zirkus hat ihn nie losgelassen.<\/p>\n<\/div>\n<div><\/div>\n<div><\/div>\n<div><\/div>\n<div class=\"box cssBroadcastContentInfos\" style=\"text-align: justify;\">\n<p><strong>* Martin R\u00fctter, Der Hundeprofi<\/p>\n<p><\/strong><\/p>\n<\/div>\n<div class=\"box cssBroadcastContentInfos\" style=\"text-align: justify;\">\n<p>The Dogfather, Hundekanzler, Hundepapst &#8211; Martin R\u00fctter ist Deutschlands bekanntester Hundeexperte. Vor 30 Jahren gr\u00fcndete er seine erste Hundeschule, seit 25 Jahren begeistert er mit seiner B\u00fchnenshow voller Geschichten um Hund und Mensch gespickt mit Humor, Tragik und voller Fachwissen. Zu seinem R\u00fctter-Imperium geh\u00f6ren \u00fcber 150 eigene Hundeschulen, die nach seiner lizenzierten Methode sehr erfolgreich arbeiten. Engagiert tritt er unerm\u00fcdlich f\u00fcr den Tierschutz ein, spricht stets Klartext zu Welpen-Handel, tierischen Weihnachtsw\u00fcnschen und warum er f\u00fcr einen Hundef\u00fchrerschein &#8211; vor dem Hundekauf &#8211; pl\u00e4diert.<\/p>\n<\/div>\n<div><\/div>\n<div><\/div>\n<div class=\"box cssBroadcastContentInfos\" style=\"text-align: justify;\">\n<p><strong>* Dr. Margot K\u00e4\u00dfmann, Deutschlands bekannteste Theologin<\/strong><\/p>\n<\/div>\n<div><\/div>\n<div class=\"box cssBroadcastContentInfos\" style=\"text-align: justify;\">\n<p>Margot K\u00e4\u00dfmann war Bisch\u00f6fin, Ratsvorsitzende der Evangelischen Kirche und ist bis heute eine der klarsten Stimmen des Glaubens. Im Riverboat erz\u00e4hlt sie von ihrem neuen Buch &#8222;Die Botschaft vom Frieden&#8220;, in dem sie die Weihnachtsgeschichte aus Sicht der Personen erz\u00e4hlt, die sie damals nach alten \u00dcberlieferungen erlebt haben sollen. Sie spricht \u00fcber Kindheitserinnerungen, G\u00e4nse-S\u00fclze und den Moment, an dem f\u00fcr sie wirklich Weihnachten ist \u2013 wenn es still wird und die Kerzen brennen.<\/p>\n<\/div>\n<div><\/div>\n<div><\/div>\n<div><\/div>\n<div class=\"box cssBroadcastContentInfos\" style=\"text-align: justify;\"><strong>* Ramon Roselly, Schlagers\u00e4nger<\/p>\n<p><\/strong><\/div>\n<div><\/div>\n<div class=\"box cssBroadcastContentInfos\" style=\"text-align: justify;\">Er gewann 2020 &#8222;Deutschland sucht den Superstar&#8220; und wurde \u00fcber Nacht zum Publikumsliebling. Doch Ramon Roselly ist trotz Goldener Schallplatte und voller B\u00fchnen ein Mann geblieben, der im Wohnwagen lebt und Familie \u00fcber alles stellt. Aufgewachsen im Zirkus, steht er heute mit beiden Beinen fest auf dem Boden und mit dem Herzen in der Manege des Lebens. Jetzt meldet sich der charmante S\u00e4nger mit seinem neuen Album &#8222;Weihnachten wie damals&#8220; zur\u00fcck, einer liebevollen Hommage an Kindheit, Familie und das Gef\u00fchl von zu Hause.<\/div>\n<div><\/div>\n<div><\/div>\n<div>\n<\/div>\n<div class=\"box cssBroadcastContentInfos\" style=\"text-align: justify;\">\n<p><strong>* MDR-Kinderchor<\/p>\n<p><\/strong><\/p>\n<\/div>\n<div class=\"box cssBroadcastContentInfos\" style=\"text-align: justify;\">\n<p>Der MDR-Kinderchor wird bald 80 Jahre und bleibt doch ein Ensemble, was mit seinen 3-bis 18-j\u00e4hrigen Mitgliedern immer jung bleibt. In der Adventszeit ist der Chor besonders viel unterwegs und ein Lied darf bei keinem Auftritt fehlen: &#8222;Sind die Lichter angez\u00fcndet&#8220;. Einst extra f\u00fcr diesen Chor komponiert wird der Weihnachtsklassiker live im Riverboat zum 75. Jubil\u00e4um pr\u00e4sentiert. Der k\u00fcnstlerische Leiter Alexander Schmitt gibt in dem einzigen Kinderchor, in der Tr\u00e4gerschaft der ARD, den Ton an. Der ehemalige Chorknabe leitet den Chor seit 2018 mit vielen frischen Ideen, neuem Repertoire und gro\u00dfem Engagement.<\/p>\n<\/div>\n<div><\/div>\n<div><\/div>\n<div><\/div>\n<div class=\"box cssBroadcastContentInfos\" style=\"text-align: justify;\">\n<p><strong>* Elisabeth Kreutzkamm-Aum\u00fcller, Dresdner Stollenb\u00e4ckerin<\/strong><\/p>\n<\/div>\n<div><\/div>\n<div class=\"box cssBroadcastContentInfos\" style=\"text-align: justify;\">Seit 200 Jahren duftet es ab Ende September bei Familie Kreutzkamm nach Weihnachten, Butter und guter Laune. Ein traditionsreicher Handwerksbetrieb, eine bewegte Familiengeschichte, die von sechs Generationen in zwei Heimaten erz\u00e4hlt: Konditorenkunst aus Dresden und M\u00fcnchen. Fr\u00fcher von Heinrich Heine und Erich K\u00e4stner geliebt, heute in die ganze Welt verschickt. Elisabeth Kreutzkamm-Aum\u00fcller f\u00fchrt das Unternehmen, das als das \u00e4lteste Familienunternehmen Dresdens gilt &#8211; und bewahrt damit ein St\u00fcck Stadtgeschichte. Ihr Dresdner Christstollen ist ber\u00fchmt, die Eierschecke unschlagbar.<\/div>\n<div class=\"box\">\n<div class=\"linklist\" style=\"text-align: justify;\"><\/div>\n<\/div>\n","protected":false},"excerpt":{"rendered":"<p>MDR Fernsehen, 22:00 Uhr &#8211; 00:10 Uhr (Wh.: Sa.\/So., 13.\/14.12., 00:55 Uhr &#8211; 03:05 Uhr)! Moderation: Kim Fisher und Joachim<\/p>\n","protected":false},"author":2,"featured_media":230982,"comment_status":"open","ping_status":"closed","sticky":false,"template":"","format":"standard","meta":{"_FSMCFIC_featured_image_caption":"","_FSMCFIC_featured_image_nocaption":"","_FSMCFIC_featured_image_hide":""},"categories":[29,128],"tags":[131],"acf":[],"_links":{"self":[{"href":"https:\/\/smago.de\/ws2\/wp-json\/wp\/v2\/posts\/252355"}],"collection":[{"href":"https:\/\/smago.de\/ws2\/wp-json\/wp\/v2\/posts"}],"about":[{"href":"https:\/\/smago.de\/ws2\/wp-json\/wp\/v2\/types\/post"}],"author":[{"embeddable":true,"href":"https:\/\/smago.de\/ws2\/wp-json\/wp\/v2\/users\/2"}],"replies":[{"embeddable":true,"href":"https:\/\/smago.de\/ws2\/wp-json\/wp\/v2\/comments?post=252355"}],"version-history":[{"count":3,"href":"https:\/\/smago.de\/ws2\/wp-json\/wp\/v2\/posts\/252355\/revisions"}],"predecessor-version":[{"id":252358,"href":"https:\/\/smago.de\/ws2\/wp-json\/wp\/v2\/posts\/252355\/revisions\/252358"}],"wp:featuredmedia":[{"embeddable":true,"href":"https:\/\/smago.de\/ws2\/wp-json\/wp\/v2\/media\/230982"}],"wp:attachment":[{"href":"https:\/\/smago.de\/ws2\/wp-json\/wp\/v2\/media?parent=252355"}],"wp:term":[{"taxonomy":"category","embeddable":true,"href":"https:\/\/smago.de\/ws2\/wp-json\/wp\/v2\/categories?post=252355"},{"taxonomy":"post_tag","embeddable":true,"href":"https:\/\/smago.de\/ws2\/wp-json\/wp\/v2\/tags?post=252355"}],"curies":[{"name":"wp","href":"https:\/\/api.w.org\/{rel}","templated":true}]}}