{"id":252330,"date":"2025-12-12T00:00:32","date_gmt":"2025-12-11T23:00:32","guid":{"rendered":"https:\/\/smago.de\/ws2\/?p=252330"},"modified":"2025-12-11T12:56:32","modified_gmt":"2025-12-11T11:56:32","slug":"beatrice-egli-u-a-heute-12-12-2025-in-der-sendung-koelner-treff-zu-gast","status":"publish","type":"post","link":"https:\/\/smago.de\/ws2\/schlager\/beatrice-egli-u-a-heute-12-12-2025-in-der-sendung-koelner-treff-zu-gast\/","title":{"rendered":"BEATRICE EGLI u.a. <br>Heute (12.12.2025) in der Sendung &#8222;K\u00f6lner Treff&#8220; zu Gast!"},"content":{"rendered":"<p style=\"text-align: justify;\">WDR Fernsehen, 22:00 Uhr &#8211; 00:00 Uhr (Wh. in der Nacht auf Sa., 13.12., 00:45 Uhr &#8211; 02:45 Uhr)! Moderation: Susan Link und Micky Beisenherz!<!--more--><\/p>\n<p>&nbsp;<\/p>\n<p>&nbsp;<\/p>\n<p>&nbsp;<\/p>\n<p>&nbsp;<\/p>\n<p style=\"text-align: justify;\"><strong>Beatrice Egli<\/strong><\/p>\n<p>&nbsp;<\/p>\n<p style=\"text-align: justify;\">Sie steht f\u00fcr Schlager, Lebensfreude und die Schweiz. Seit Beatrice Egli 2013 bei &#8222;Deutschland sucht den Superstar&#8220; in K\u00f6ln gewann, schwimmt sie auf einer Erfolgswelle. Jetzt hat sie neue Musik am Start und eine Weihnachtsausgabe ihrer &#8222;Beatrice Egli Show&#8220;. Ihre einfache Herkunft hat die ausgebildete Friseurin nie vergessen. Sie wuchs in einer Metzgersfamilie mit drei Br\u00fcdern auf, denen sie nun einen Song gewidmet hat. Die Br\u00fcder sind ihre Herzensmenschen, eine Schwester hat sie nie vermisst. &#8222;Wir sind die vier Kids auf dem R\u00fccksitz&#8220; &#8211; so ihre Erinnerungen an die Kindheit.<\/p>\n<p>&nbsp;<\/p>\n<p>&nbsp;<\/p>\n<p>&nbsp;<\/p>\n<p style=\"text-align: justify;\"><strong>Monica Lierhaus &amp; Thomas Floethe<\/strong><\/p>\n<p>&nbsp;<\/p>\n<p style=\"text-align: justify;\">Die bekannte Sportjournalistin und der Handballtrainer lenken die Aufmerksamkeit auf ein Thema, das bewegt, Mut macht und zeigt, wie eine inklusive Zukunft gelingen kann: Thomas Floethe hat 2025 ein einmaliges Projekt ins Leben gerufen: die erste inklusive C-Lizenz-Trainerausbildung in Deutschland. Seine Inklusionsmannschaft beim SC Krefeld 05 zeigt seit 2023 eindrucksvoll, wie gemeinsamer Sport funktioniert. Unterst\u00fctzt wird das Projekt von Monica Lierhaus, die als Inklusionsberaterin ihre Stimme und Erfahrung nutzt, um Initiativen sichtbar zu machen. Lierhaus kennt die Herausforderungen eines Lebens mit Einschr\u00e4nkungen aus eigener Erfahrung und setzt sich deshalb seit Jahren f\u00fcr Inklusion ein.<\/p>\n<p>&nbsp;<\/p>\n<p>&nbsp;<\/p>\n<p>&nbsp;<\/p>\n<p style=\"text-align: justify;\"><strong>Ann-Katrin Berger<\/strong><\/p>\n<p>&nbsp;<\/p>\n<p style=\"text-align: justify;\">Zweimal besiegte sie den Krebs, zweimal wurde sie zu Deutschlands Fu\u00dfballerin des Jahres gew\u00e4hlt &#8211; und bei der EM 2025 ging ihre Parade gegen Frankreich als eine der spektakul\u00e4rsten \u00fcberhaupt in die Turniergeschichte ein. Schon mit vier Jahren stand sie auf dem Platz, weil ihr Vater eine Bambini-Gruppe gr\u00fcndete und sie zu jedem Training mitnahm. Von dieser fr\u00fchen Leidenschaft getragen, entwickelte sie sich zur Weltklasse-Torh\u00fcterin &#8211; und eroberte ihren Platz im DFB-Tor. Heute spricht die 35-J\u00e4hrige dar\u00fcber, wie sie mit Unsicherheiten umzugehen gelernt hat und weshalb ausgerechnet das Tor f\u00fcr sie zu einem Ort der Ruhe und Stabilit\u00e4t wurde.<\/p>\n<p>&nbsp;<\/p>\n<p>&nbsp;<\/p>\n<p>&nbsp;<\/p>\n<p style=\"text-align: justify;\"><strong>Mario Barth<\/strong><\/p>\n<p>&nbsp;<\/p>\n<p style=\"text-align: justify;\">Aktuell steht der Comedian mit seinem aktuellen Programm in den Startl\u00f6chern f\u00fcr einen neuen Rekordversuch: 2026 will Mario Barth erneut gro\u00dfe Arenen f\u00fcllen und sein Live-Publikum auf die unglaubliche Marke von 10(!) Mio. Zuschauern bringen &#8211; ein Wert, den kein deutscher Comedian bisher erreicht hat! Der Erfolg seiner Anekdoten rund um das t\u00e4gliche Beziehungschaos rei\u00dft nicht ab. Warum er nicht m\u00fcde wird, sich mit Geschlechterrollen auseinanderzusetzen und woran er merkt, dass auch er langsam \u00e4lter wird, verr\u00e4t der 53j\u00e4hrige im &#8222;K\u00f6lner Treff&#8220;.<\/p>\n<p>&nbsp;<\/p>\n<p>&nbsp;<\/p>\n<p>&nbsp;<\/p>\n<p style=\"text-align: justify;\"><strong>Albi Roebke<\/strong><\/p>\n<p>&nbsp;<\/p>\n<p style=\"text-align: justify;\">Wenn der Notfallseelsorger aus Bonn gerufen wird, ist oft das Schlimmste passiert. Seit 25 Jahren begleitet der evangelische Pfarrer als Koordinator der Notfallseelsorge Bonn\/Rhein-Sieg Menschen in den ersten Stunden nach Unf\u00e4llen, Naturkatastrophen oder Gewaltverbrechen. Roebke wei\u00df, was Menschen im Schock brauchen &#8211; und was nicht. Nach der Flutkatastrophe im Ahrtal 2021 z.B. war er ebenso vor Ort, wie nach dem Archiveinsturz vor \u00fcber 15 Jahren in K\u00f6ln. 2015 wurde er selbst zum Betroffenen: Bei einem Autounfall verlor er seine Eltern und seinen Bruder. Albi Roebke wei\u00df, wie es ist, wenn pl\u00f6tzlich alles anders ist und das eigene Fundament ins Wanken ger\u00e4t.<\/p>\n<p>&nbsp;<\/p>\n<p>&nbsp;<\/p>\n<p>&nbsp;<\/p>\n<p style=\"text-align: justify;\"><strong>Birgit Burkhardt<\/strong><\/p>\n<p>&nbsp;<\/p>\n<p style=\"text-align: justify;\">Sie ist nicht nur Kinderonkologin an der Uniklinik M\u00fcnster, sondern auch begeisterte Stand-Up-Paddlerin. Vor diesem Hintergrund hat Birgit Burkhardt den Verein &#8222;SUP Challenge&#8220; gegr\u00fcndet und ist schon so manchen Kilometer gepaddelt. Unter anderem ging es f\u00fcr sie schon von M\u00fcnster bis an die Nordsee, immer auch mit dem Ziel, Spenden f\u00fcr gute Zwecke zu sammeln. Die Challenge in diesem Jahr f\u00fchrt sie und ihre Mitstreiter nun zum WDR 2 Weihnachtswunder nach Essen! Am 13.12. startet die Tour auf dem Dortmund-Ems-Kanal in M\u00fcnster und f\u00fchrt die Paddler:innen \u00fcber die Fl\u00fcsse bis nach Essen, wo sie am Glashaus des WDR2 Weihnachtswunders dann ihre Spenden \u00fcbergeben wollen.<\/p>\n","protected":false},"excerpt":{"rendered":"<p>WDR Fernsehen, 22:00 Uhr &#8211; 00:00 Uhr (Wh. in der Nacht auf Sa., 13.12., 00:45 Uhr &#8211; 02:45 Uhr)! Moderation:<\/p>\n","protected":false},"author":2,"featured_media":251953,"comment_status":"open","ping_status":"closed","sticky":false,"template":"","format":"standard","meta":{"_FSMCFIC_featured_image_caption":"","_FSMCFIC_featured_image_nocaption":"","_FSMCFIC_featured_image_hide":""},"categories":[29,128],"tags":[129],"acf":[],"_links":{"self":[{"href":"https:\/\/smago.de\/ws2\/wp-json\/wp\/v2\/posts\/252330"}],"collection":[{"href":"https:\/\/smago.de\/ws2\/wp-json\/wp\/v2\/posts"}],"about":[{"href":"https:\/\/smago.de\/ws2\/wp-json\/wp\/v2\/types\/post"}],"author":[{"embeddable":true,"href":"https:\/\/smago.de\/ws2\/wp-json\/wp\/v2\/users\/2"}],"replies":[{"embeddable":true,"href":"https:\/\/smago.de\/ws2\/wp-json\/wp\/v2\/comments?post=252330"}],"version-history":[{"count":3,"href":"https:\/\/smago.de\/ws2\/wp-json\/wp\/v2\/posts\/252330\/revisions"}],"predecessor-version":[{"id":252334,"href":"https:\/\/smago.de\/ws2\/wp-json\/wp\/v2\/posts\/252330\/revisions\/252334"}],"wp:featuredmedia":[{"embeddable":true,"href":"https:\/\/smago.de\/ws2\/wp-json\/wp\/v2\/media\/251953"}],"wp:attachment":[{"href":"https:\/\/smago.de\/ws2\/wp-json\/wp\/v2\/media?parent=252330"}],"wp:term":[{"taxonomy":"category","embeddable":true,"href":"https:\/\/smago.de\/ws2\/wp-json\/wp\/v2\/categories?post=252330"},{"taxonomy":"post_tag","embeddable":true,"href":"https:\/\/smago.de\/ws2\/wp-json\/wp\/v2\/tags?post=252330"}],"curies":[{"name":"wp","href":"https:\/\/api.w.org\/{rel}","templated":true}]}}