{"id":252326,"date":"2025-12-11T12:38:59","date_gmt":"2025-12-11T11:38:59","guid":{"rendered":"https:\/\/smago.de\/ws2\/?p=252326"},"modified":"2025-12-11T12:38:59","modified_gmt":"2025-12-11T11:38:59","slug":"beatrice-egli-die-beatrice-egli-show-am-20-12-2025-im-ersten","status":"publish","type":"post","link":"https:\/\/smago.de\/ws2\/schlager\/beatrice-egli-die-beatrice-egli-show-am-20-12-2025-im-ersten\/","title":{"rendered":"BEATRICE EGLI <br>\u201eDie Beatrice Egli Show\u201c \u2013 am 20.12.2025 im Ersten!"},"content":{"rendered":"<p style=\"text-align: justify;\">Neue Ausgabe der Samstagabend-Show mit Gastgeberin Beatrice Egli kurz vor Weihnachten! &#8222;<em>Die Show geht zu Herzen.&#8220;<\/em> (Beatrice Egli) <!--more--><\/p>\n<p style=\"text-align: justify;\">\n<p style=\"text-align: justify;\">\n<p style=\"text-align: justify;\"><strong>\u00a0<\/strong><\/p>\n<p style=\"text-align: justify;\">Musik, gute Laune, Emotionen, \u00dcberraschungen, menschliche Begegnungen, Gespr\u00e4che mit Tiefgang und Geschichten, die lange nachhallen: Beatrice Egli und der S\u00fcdwestrundfunk (SWR) freuen sich am Samstag vor Weihnachten auf eine neue Ausgabe von \u201eDie Beatrice Egli Show\u201c. Sie wird ausgestrahlt am Samstag, 20. Dezember 2025, um 20:15 Uhr, im Ersten und ist auch in der <a href=\"https:\/\/www.ardmediathek.de\/sendung\/die-beatrice-egli-show\/Y3JpZDovL3N3ci5kZS9zZGIvc3RJZC8xNjEz\">ARD Mediathek<\/a> zu sehen.<\/p>\n<p style=\"text-align: justify;\">Im Mittelpunkt steht ein pers\u00f6nlicher und emotionaler R\u00fcckblick auf das musikalische Jahr 2025. Gemeinsam mit ihren G\u00e4sten feiert Beatrice Egli die Songs und Momente, die dieses Jahr musikalisch gepr\u00e4gt haben \u2013 und l\u00e4sst das Publikum die Highlights noch einmal erleben. Gleichzeitig widmet sich die Show Menschen und Geschichten, die Hoffnung machen. \u201eWir werden gemeinsam Wunder erleben. Denn: Ja, wir glauben an Wunder\u201c, sagt Beatrice Egli \u00fcber ihre gro\u00dfe Samstagabend-Show.<\/p>\n<p style=\"text-align: justify;\">Musikalische G\u00e4ste sind unter anderem Maite Kelly, Ben Zucker, Kerstin Ott und Chris Norman.<\/p>\n<p style=\"text-align: justify;\"><strong>\u00a0<\/strong><\/p>\n<p>&nbsp;<\/p>\n<p>&nbsp;<\/p>\n<p style=\"text-align: justify;\"><strong>Beatrice Egli: \u201eDiese Show geht zu Herzen\u201c<\/strong><\/p>\n<p>&nbsp;<\/p>\n<p style=\"text-align: justify;\"><em>\u201eIch freue mich sehr auf diese Show, sie ist etwas ganz Besonderes. Denn wir wollen den Menschen einen Samstagabend voller Liebe, Freude und Emotionen schenken\u201c,<\/em> betont Beatrice Egli. <em>\u201eDiese Show, so kurz vor Weihnachten, geht besonders zu Herzen.\u201c<\/em><\/p>\n<p style=\"text-align: justify;\"><strong>\u00a0<\/strong><\/p>\n<p>&nbsp;<\/p>\n<p>&nbsp;<\/p>\n<p style=\"text-align: justify;\"><strong>Musik von Santiano, Dick Brave, Ella Endlich, Oimara und vielen anderen<\/strong><\/p>\n<p>&nbsp;<\/p>\n<p style=\"text-align: justify;\">\u201eDie Beatrice Egli Show\u201c steht f\u00fcr musikalische Vielfalt und generations\u00fcbergreifende Unterhaltung. Auf der B\u00fchne stehen etablierte Stars ebenso wie spannende Newcomer:innen. So feiert Dick Brave sein B\u00fchnen-Comeback. Mit dabei sind auch Santiano, Heinz Rudolf Kunze und Annett Louisan, 2themoonbeats <em>(<\/em>Julia Lindholm und Linda Hesse), Francine Jordi, Ella Endlich und Oimara (\u201eWackelkontakt\u201c). Hinzu kommen Pietro Basile, Sophia, Nele Wilke, der Schweizer S\u00e4nger Trauffer sowie der Kinder- und Jugendchor Alsterfr\u00f6sche aus Hamburg.<\/p>\n<p style=\"text-align: justify;\">\n<p>&nbsp;<\/p>\n<p>&nbsp;<\/p>\n<p style=\"text-align: justify;\"><strong>Ein pers\u00f6nlicher Blick auf die Highlights des Jahres<\/strong><\/p>\n<p>&nbsp;<\/p>\n<p style=\"text-align: justify;\"><em>\u201eWir blicken gemeinsam zur\u00fcck auf ein ereignisreiches und spannendes Jahr 2025. Wir feiern die gr\u00f6\u00dften Hits und die bewegendsten Momente. Und wir treffen Menschen, die Gro\u00dfes leisten\u201c,<\/em> sagt Beatrice Egli. Neben den musikalischen H\u00f6hepunkten erz\u00e4hlt die Show zahlreiche kleine Wundergeschichten: Geschichten von Menschen, die Mut machen, Hoffnung schenken oder \u00fcber sich hinausgewachsen sind. Menschen, die ein Wunder erlebt haben \u2013 oder selbst eines m\u00f6glich gemacht haben.<\/p>\n<p style=\"text-align: justify;\">\n<p>&nbsp;<\/p>\n<p>&nbsp;<\/p>\n<p style=\"text-align: justify;\"><strong>Frauen-Fu\u00dfball, ESC und Menschen, die f\u00fcr andere da sein<\/strong><\/p>\n<p>&nbsp;<\/p>\n<p style=\"text-align: justify;\">Gemeinsam mit der deutschen Nationaltorh\u00fcterin Ann-Katrin Berger schaut Beatrice Egli auf die Fu\u00dfball-Europameisterschaft der Frauen, bei der sie im Stadion in Basel beim Er\u00f6ffnungsspiel die Schweizer Nationalhymne sang. Mit ESC-Kommentator Thorsten Schorn spricht sie \u00fcber den Eurovision Song Contest, der 2025 in Basel stattfand und n\u00e4chstes Jahr in Wien sein 70-j\u00e4hriges Bestehen feiert. Zu Gast ist unter anderem auch Reiner Meutsch, der mit seiner Stiftung \u201eFly &amp; Help\u201c 1000 Schulen in Entwicklungsl\u00e4ndern aufgebaut hat und dieses Engagement, gemeinsam mit Prominenten, fortf\u00fchrt. Ebenfalls in der Show sind ein junger brasilianischer Altenpfleger, der in Deutschland Arbeit gefunden hat und den Bewohner:innen des Altenheims, in dem er t\u00e4tig ist, sehr ans Herz gewachsen ist sowie Paare, die ihre Liebe gefunden und bewahrt haben \u2013 trotz mancher H\u00fcrden und Herausforderungen.<\/p>\n<p style=\"text-align: justify;\">\n<p>&nbsp;<\/p>\n<p>&nbsp;<\/p>\n<p style=\"text-align: justify;\"><strong>\u201eDie Beatrice Egli Show\u201c in Deutschland und der Schweiz<\/strong><\/p>\n<p>&nbsp;<\/p>\n<p style=\"text-align: justify;\">Es ist die achte Ausgabe der Show, die es seit April 2022 gibt. \u201eDie Beatrice Egli Show\u201c wird von SWR und dem Schweizer Fernsehen SRF gemeinsam mit Kimmig Entertainment produziert.<\/p>\n<p style=\"text-align: justify;\">\n<p>&nbsp;<\/p>\n<p>&nbsp;<\/p>\n<p style=\"text-align: justify;\"><strong>\u201eDie Beatrice Egli Show\u201c:<\/strong><\/p>\n<p>&nbsp;<\/p>\n<p style=\"text-align: justify;\">Samstag, 20. Dezember 2025, 20:15 Uhr, Das Erste sowie in der <a href=\"https:\/\/www.ardmediathek.de\/sendung\/die-beatrice-egli-show\/Y3JpZDovL3N3ci5kZS9zZGIvc3RJZC8xNjEz\"><strong>ARD Mediathek<\/strong><\/a><\/p>\n<p style=\"text-align: justify;\">\n<p>&nbsp;<\/p>\n<figure id=\"attachment_252328\" aria-describedby=\"caption-attachment-252328\" style=\"width: 800px\" class=\"wp-caption alignnone\"><img decoding=\"async\" loading=\"lazy\" class=\"size-large wp-image-252328\" src=\"https:\/\/smago.de\/ws2\/wp-content\/uploads\/2025\/12\/3_Die_Beatrice_Egli_Show_2_2025-1-800x528.jpg\" alt=\"\" width=\"800\" height=\"528\" srcset=\"https:\/\/smago.de\/ws2\/wp-content\/uploads\/2025\/12\/3_Die_Beatrice_Egli_Show_2_2025-1-800x528.jpg 800w, https:\/\/smago.de\/ws2\/wp-content\/uploads\/2025\/12\/3_Die_Beatrice_Egli_Show_2_2025-1-522x345.jpg 522w, https:\/\/smago.de\/ws2\/wp-content\/uploads\/2025\/12\/3_Die_Beatrice_Egli_Show_2_2025-1-227x150.jpg 227w, https:\/\/smago.de\/ws2\/wp-content\/uploads\/2025\/12\/3_Die_Beatrice_Egli_Show_2_2025-1-768x507.jpg 768w, https:\/\/smago.de\/ws2\/wp-content\/uploads\/2025\/12\/3_Die_Beatrice_Egli_Show_2_2025-1-1536x1014.jpg 1536w, https:\/\/smago.de\/ws2\/wp-content\/uploads\/2025\/12\/3_Die_Beatrice_Egli_Show_2_2025-1-2048x1352.jpg 2048w, https:\/\/smago.de\/ws2\/wp-content\/uploads\/2025\/12\/3_Die_Beatrice_Egli_Show_2_2025-1-392x259.jpg 392w, https:\/\/smago.de\/ws2\/wp-content\/uploads\/2025\/12\/3_Die_Beatrice_Egli_Show_2_2025-1-130x86.jpg 130w, https:\/\/smago.de\/ws2\/wp-content\/uploads\/2025\/12\/3_Die_Beatrice_Egli_Show_2_2025-1-674x445.jpg 674w, https:\/\/smago.de\/ws2\/wp-content\/uploads\/2025\/12\/3_Die_Beatrice_Egli_Show_2_2025-1-791x522.jpg 791w, https:\/\/smago.de\/ws2\/wp-content\/uploads\/2025\/12\/3_Die_Beatrice_Egli_Show_2_2025-1-288x190.jpg 288w, https:\/\/smago.de\/ws2\/wp-content\/uploads\/2025\/12\/3_Die_Beatrice_Egli_Show_2_2025-1-435x287.jpg 435w, https:\/\/smago.de\/ws2\/wp-content\/uploads\/2025\/12\/3_Die_Beatrice_Egli_Show_2_2025-1-150x100.jpg 150w\" sizes=\"(max-width: 800px) 100vw, 800px\" \/><figcaption id=\"caption-attachment-252328\" class=\"wp-caption-text\"><em>Schlagerstar Beatrice Egli freut sich auf musikalische Vielfalt und emotionale Geschichten in ihrer gro\u00dfen Samstagabendshow. Dazu begr\u00fc\u00dft sie zahlreiche Stars auf ihrer B\u00fchne in Berlin.<\/em><\/p>\n<p><em>\u00a9 SWR \/ Manfred H. Vogel<\/em><\/figcaption><\/figure>\n","protected":false},"excerpt":{"rendered":"<p>Neue Ausgabe der Samstagabend-Show mit Gastgeberin Beatrice Egli kurz vor Weihnachten! &#8222;Die Show geht zu Herzen.&#8220; (Beatrice Egli)<\/p>\n","protected":false},"author":2,"featured_media":252328,"comment_status":"open","ping_status":"closed","sticky":false,"template":"","format":"standard","meta":{"_FSMCFIC_featured_image_caption":"","_FSMCFIC_featured_image_nocaption":"","_FSMCFIC_featured_image_hide":""},"categories":[29,39,128],"tags":[105],"acf":[],"_links":{"self":[{"href":"https:\/\/smago.de\/ws2\/wp-json\/wp\/v2\/posts\/252326"}],"collection":[{"href":"https:\/\/smago.de\/ws2\/wp-json\/wp\/v2\/posts"}],"about":[{"href":"https:\/\/smago.de\/ws2\/wp-json\/wp\/v2\/types\/post"}],"author":[{"embeddable":true,"href":"https:\/\/smago.de\/ws2\/wp-json\/wp\/v2\/users\/2"}],"replies":[{"embeddable":true,"href":"https:\/\/smago.de\/ws2\/wp-json\/wp\/v2\/comments?post=252326"}],"version-history":[{"count":1,"href":"https:\/\/smago.de\/ws2\/wp-json\/wp\/v2\/posts\/252326\/revisions"}],"predecessor-version":[{"id":252329,"href":"https:\/\/smago.de\/ws2\/wp-json\/wp\/v2\/posts\/252326\/revisions\/252329"}],"wp:featuredmedia":[{"embeddable":true,"href":"https:\/\/smago.de\/ws2\/wp-json\/wp\/v2\/media\/252328"}],"wp:attachment":[{"href":"https:\/\/smago.de\/ws2\/wp-json\/wp\/v2\/media?parent=252326"}],"wp:term":[{"taxonomy":"category","embeddable":true,"href":"https:\/\/smago.de\/ws2\/wp-json\/wp\/v2\/categories?post=252326"},{"taxonomy":"post_tag","embeddable":true,"href":"https:\/\/smago.de\/ws2\/wp-json\/wp\/v2\/tags?post=252326"}],"curies":[{"name":"wp","href":"https:\/\/api.w.org\/{rel}","templated":true}]}}