{"id":252307,"date":"2025-12-10T16:48:52","date_gmt":"2025-12-10T15:48:52","guid":{"rendered":"https:\/\/smago.de\/ws2\/?p=252307"},"modified":"2025-12-10T16:49:37","modified_gmt":"2025-12-10T15:49:37","slug":"smago-informiert-song-e-v-statement-zum-reformstaatsvertrag-des-oeffentlich-rechtlichen-rundfunks","status":"publish","type":"post","link":"https:\/\/smago.de\/ws2\/schlager\/smago-informiert-song-e-v-statement-zum-reformstaatsvertrag-des-oeffentlich-rechtlichen-rundfunks\/","title":{"rendered":"smago! INFORMIERT <br>SONG e.V. &#8211; Statement zum Reformstaatsvertrag des \u00f6ffentlich-rechtlichen Rundfunks!"},"content":{"rendered":"<p style=\"text-align: justify;\">Geplante Reform des \u00f6ffentlich-rechtlichen Rundfunks: Verband SONG e.V. bef\u00fcrchtet noch weniger Vielfalt im Radio zulasten Kreativer!<!--more--><\/p>\n<p>&nbsp;<\/p>\n<p>&nbsp;<\/p>\n<p style=\"text-align: justify;\">Seit 01.12.2025 ist der Reformstaatsvertrag f\u00fcr den \u00f6ffentlich-rechtlichen Rundfunk formal in Kraft. Wie seitens der Sendeanstalten mitgeteilt wurde, sollen insbesondere viele H\u00f6rfunkprogramme, die bislang via DAB+ terrestrisch ausgestrahlt wurden, wegfallen. Dazu geh\u00f6ren bei der ARD beispielsweise PULS, BR24live, BR Schlager, MDR Klassik, MDR Schlagerwelt, MDR Tweens, NDR Schlager, NDR Blue, NDR Info Spezial, WDR Event oder auch WDR Die Maus.<\/p>\n<p style=\"text-align: justify;\">Der Berufsverband Songwriting, SONG e.V., sieht diese \u00c4nderungen \u00e4u\u00dferst kritisch und bef\u00fcrchtet eine noch weitere Verarmung der Musiklandschaft zulasten heimischer Produktionen. Davon betroffen w\u00e4ren vor allem deutsche Musikautorinnen und -autoren, aber auch die heimische Musikindustrie insgesamt. Denn durch den angedachten Wegfall von bislang terrestrisch ausgestrahlten Kultur- und Spartensendern sowie Kan\u00e4len, die einen gr\u00f6\u00dferen Anteil an deutschsprachiger Musik senden, ist die wirtschaftliche Grundlage f\u00fcr viele Autorinnen und Autoren, aber auch Musikverlage in ernsthafter Gefahr.<\/p>\n<p style=\"text-align: justify;\">Wir fordern deshalb von den \u00f6ffentlich-rechtlichen Anstalten, insbesondere der ARD, unter deren Dach sich zahlreiche f\u00fcr die Vielfalt der Radiolandschaft wichtige Spartenkan\u00e4le befinden, den Reformstaatsvertrag zur Neuordnung des \u00f6ffentlich-rechtlichen Rundfunks verantwortungsvoll umzusetzen. Es muss hier an die kulturpolitische Verantwortung und den gesellschaftlichen Auftrag des \u00f6ffentlich-rechtlichen Rundfunks erinnert werden. Viele der nun laut den bekannt gewordenen ARD-Pl\u00e4nen zur Disposition stehenden Kultur-, Jugend- und Spartenprogramme sind die einzige Radio-Heimat f\u00fcr Schlager, Jazz, Indie, Singer\/Songwriter, Kinder- und Jugendmusik. Es w\u00e4ren von deren Wegfall also ganze Genres bedroht. &#8222;Betrachten wir zum Beispiel die umfassende Streichung der Schlager-DAB+-Programme: Sie ist f\u00fcr uns besonders schwer nachvollziehbar, zumal die drei Sender ein stetig wachsendes, dem \u00f6ffentlich-rechtlichen Rundfunk durchaus treues Publikum erreichen und zu den kosteng\u00fcnstigsten Programmen der ARD geh\u00f6ren&#8220;, so SONG e.V. Vizepr\u00e4sident Tobias Reitz. &#8222;Au\u00dferdem erschwert eine so umfassende Streichung einer ganzen Publikumsschicht den Zugang zum \u00f6ffentlich-rechtlichen Informationsangebot im Radio. Das kann nicht im Sinne der politischen Meinungsbildung sein.&#8220;<\/p>\n<p style=\"text-align: justify;\">Dem im Fr\u00fchjahr 2025 ver\u00f6ffentlichten &#8222;GEMA Radio-Report&#8220; zufolge senden private Radiosender in Deutschland im Durchschnitt nur rund 2.300 verschiedene Musiktitel pro Jahr, davon nur 3 % deutschsprachig. \u00d6ffentlich-rechtliche Programme hingegen bieten mehr als 10.000 verschiedene Titel an, also eine mehr als viermal so gro\u00dfe Vielfalt, worunter sich immerhin rund 10 % deutschsprachige Titel befinden. Gerade Newcomer der betroffenen Musikrichtungen, aber auch alle anderen Kreativen in solchen Nischen w\u00e4ren in ihrer wirtschaftlichen Existenz bedroht, wenn ihr Schaffen nicht mehr hinreichend in der deutschen Rundfunklandschaft repr\u00e4sentiert w\u00e4re und somit grundlegend wichtige GEMA-Einnahmen wegbrechen w\u00fcrden. Radioeins\u00e4tze sind ein zentraler Bestandteil der Wertsch\u00f6pfung f\u00fcr Komponistinnen und Komponisten, Textdichterinnen und Textdichter, aber auch Verlage &#8211; vor allem in Zeiten schwindender physischer Tontr\u00e4gerverk\u00e4ufe und einer noch lange nicht zufriedenstellenden Beteiligung Kreativer an den Erl\u00f6sen der gro\u00dfen Streaming-Plattformen.<\/p>\n<p style=\"text-align: justify;\">SONG e.V. schlie\u00dft sich daher dem Appell der GEMA und weiterer Organisationen an: Der \u00f6ffentlich-rechtliche Rundfunk tr\u00e4gt eine besondere Verantwortung f\u00fcr die kulturelle Vielfalt in Deutschland und den Erhalt heimischer Strukturen der Kreativwirtschaft \u2013 dazu geh\u00f6rt auch die Abbildung der deutschen Sprache im hiesigen Rundfunk. Die Programmverantwortlichen sollten daher im Zuge der anstehenden Reform daf\u00fcr Sorge tragen, dass Urheberinnen und Urhebern hierzulande nicht ein wesentlicher Teil ihrer Existenzgrundlage entzogen wird.<\/p>\n<p>&nbsp;<\/p>\n<p>&nbsp;<\/p>\n<p><img decoding=\"async\" loading=\"lazy\" class=\"alignnone size-full wp-image-252309\" src=\"https:\/\/smago.de\/ws2\/wp-content\/uploads\/2025\/12\/Horizontales-Format_1.jpg\" alt=\"\" width=\"500\" height=\"125\" srcset=\"https:\/\/smago.de\/ws2\/wp-content\/uploads\/2025\/12\/Horizontales-Format_1.jpg 500w, https:\/\/smago.de\/ws2\/wp-content\/uploads\/2025\/12\/Horizontales-Format_1-292x73.jpg 292w, https:\/\/smago.de\/ws2\/wp-content\/uploads\/2025\/12\/Horizontales-Format_1-392x98.jpg 392w, https:\/\/smago.de\/ws2\/wp-content\/uploads\/2025\/12\/Horizontales-Format_1-130x33.jpg 130w, https:\/\/smago.de\/ws2\/wp-content\/uploads\/2025\/12\/Horizontales-Format_1-435x109.jpg 435w\" sizes=\"(max-width: 500px) 100vw, 500px\" \/><\/p>\n<p>&nbsp;<\/p>\n<p>&nbsp;<\/p>\n<p>&nbsp;<\/p>\n<figure id=\"attachment_252308\" aria-describedby=\"caption-attachment-252308\" style=\"width: 800px\" class=\"wp-caption alignnone\"><img decoding=\"async\" loading=\"lazy\" class=\"size-large wp-image-252308\" src=\"https:\/\/smago.de\/ws2\/wp-content\/uploads\/2025\/12\/Bild-10.12.25-um-16.42-800x600.jpg\" alt=\"\" width=\"800\" height=\"600\" srcset=\"https:\/\/smago.de\/ws2\/wp-content\/uploads\/2025\/12\/Bild-10.12.25-um-16.42-800x600.jpg 800w, https:\/\/smago.de\/ws2\/wp-content\/uploads\/2025\/12\/Bild-10.12.25-um-16.42-522x392.jpg 522w, https:\/\/smago.de\/ws2\/wp-content\/uploads\/2025\/12\/Bild-10.12.25-um-16.42-200x150.jpg 200w, https:\/\/smago.de\/ws2\/wp-content\/uploads\/2025\/12\/Bild-10.12.25-um-16.42-768x576.jpg 768w, https:\/\/smago.de\/ws2\/wp-content\/uploads\/2025\/12\/Bild-10.12.25-um-16.42-1536x1152.jpg 1536w, https:\/\/smago.de\/ws2\/wp-content\/uploads\/2025\/12\/Bild-10.12.25-um-16.42-2048x1536.jpg 2048w, https:\/\/smago.de\/ws2\/wp-content\/uploads\/2025\/12\/Bild-10.12.25-um-16.42-363x272.jpg 363w, https:\/\/smago.de\/ws2\/wp-content\/uploads\/2025\/12\/Bild-10.12.25-um-16.42-130x98.jpg 130w, https:\/\/smago.de\/ws2\/wp-content\/uploads\/2025\/12\/Bild-10.12.25-um-16.42-593x445.jpg 593w, https:\/\/smago.de\/ws2\/wp-content\/uploads\/2025\/12\/Bild-10.12.25-um-16.42-696x522.jpg 696w, https:\/\/smago.de\/ws2\/wp-content\/uploads\/2025\/12\/Bild-10.12.25-um-16.42-253x190.jpg 253w, https:\/\/smago.de\/ws2\/wp-content\/uploads\/2025\/12\/Bild-10.12.25-um-16.42-387x290.jpg 387w\" sizes=\"(max-width: 800px) 100vw, 800px\" \/><figcaption id=\"caption-attachment-252308\" class=\"wp-caption-text\"><em>Vorstand SONG e.V.<\/em><\/p>\n<p><em>Foto-Credit: Cineworx-Manuel-Vescoli<\/em><\/figcaption><\/figure>\n","protected":false},"excerpt":{"rendered":"<p>Geplante Reform des \u00f6ffentlich-rechtlichen Rundfunks: Verband SONG e.V. bef\u00fcrchtet noch weniger Vielfalt im Radio zulasten Kreativer!<\/p>\n","protected":false},"author":2,"featured_media":252308,"comment_status":"open","ping_status":"closed","sticky":false,"template":"","format":"standard","meta":{"_FSMCFIC_featured_image_caption":"","_FSMCFIC_featured_image_nocaption":"","_FSMCFIC_featured_image_hide":""},"categories":[29,39],"tags":[4867],"acf":[],"_links":{"self":[{"href":"https:\/\/smago.de\/ws2\/wp-json\/wp\/v2\/posts\/252307"}],"collection":[{"href":"https:\/\/smago.de\/ws2\/wp-json\/wp\/v2\/posts"}],"about":[{"href":"https:\/\/smago.de\/ws2\/wp-json\/wp\/v2\/types\/post"}],"author":[{"embeddable":true,"href":"https:\/\/smago.de\/ws2\/wp-json\/wp\/v2\/users\/2"}],"replies":[{"embeddable":true,"href":"https:\/\/smago.de\/ws2\/wp-json\/wp\/v2\/comments?post=252307"}],"version-history":[{"count":2,"href":"https:\/\/smago.de\/ws2\/wp-json\/wp\/v2\/posts\/252307\/revisions"}],"predecessor-version":[{"id":252311,"href":"https:\/\/smago.de\/ws2\/wp-json\/wp\/v2\/posts\/252307\/revisions\/252311"}],"wp:featuredmedia":[{"embeddable":true,"href":"https:\/\/smago.de\/ws2\/wp-json\/wp\/v2\/media\/252308"}],"wp:attachment":[{"href":"https:\/\/smago.de\/ws2\/wp-json\/wp\/v2\/media?parent=252307"}],"wp:term":[{"taxonomy":"category","embeddable":true,"href":"https:\/\/smago.de\/ws2\/wp-json\/wp\/v2\/categories?post=252307"},{"taxonomy":"post_tag","embeddable":true,"href":"https:\/\/smago.de\/ws2\/wp-json\/wp\/v2\/tags?post=252307"}],"curies":[{"name":"wp","href":"https:\/\/api.w.org\/{rel}","templated":true}]}}