{"id":252280,"date":"2025-12-10T00:00:29","date_gmt":"2025-12-09T23:00:29","guid":{"rendered":"https:\/\/smago.de\/ws2\/?p=252280"},"modified":"2025-12-09T22:51:23","modified_gmt":"2025-12-09T21:51:23","slug":"thomas-anders-ella-endlich-beatrice-egli-stefan-mross-unheilig-u-a-heute-10-12-mdr-fernsehen-die-jose-carreras-gala-2025","status":"publish","type":"post","link":"https:\/\/smago.de\/ws2\/schlager\/thomas-anders-ella-endlich-beatrice-egli-stefan-mross-unheilig-u-a-heute-10-12-mdr-fernsehen-die-jose-carreras-gala-2025\/","title":{"rendered":"THOMAS ANDERS, ELLA ENDLICH, BEATRICE EGLI, STEFAN MROSS, UNHEILIG u.a. <br>Heute (10.12.), MDR Fernsehen: &#8222;Die Jos\u00e9 Carreras Gala 2025&#8220;!"},"content":{"rendered":"<p style=\"text-align: justify;\">20:15 Uhr &#8211; 23:13 Uhr (im Anschluss: &#8222;MDR aktuell&#8220; bis 23:15 Uhr)!<br \/>\n<!--more--><\/p>\n<p>&nbsp;<\/p>\n<p>&nbsp;<\/p>\n<p>&nbsp;<\/p>\n<p style=\"text-align: justify;\">Bereits zum 31. Mal begr\u00fc\u00dft Gastgeber Jos\u00e9 Carreras prominente Unterst\u00fctzer und Mitstreiter zur gro\u00dfen Jos\u00e9 Carreras Gala, live aus der Media City Leipzig.<\/p>\n<p style=\"text-align: justify;\">Gemeinsam mit Stephanie M\u00fcller-Spirra und Sven Lorig sammelt der Weltstar auch in diesem Jahr wieder Spenden im Kampf gegen Leuk\u00e4mie, denn &#8222;Leuk\u00e4mie muss heilbar werden. Immer und bei jedem&#8220;. Dabei wird er u. a. von zahlreichen nationalen und internationalen K\u00fcnstlern wie Chris de Burgh, Thomas Anders, Ella Endlich, Santiano, dem Dresdner Kreuzchor, Rolando Villazon, Beatrice Egli, Jonathan Tetelmann, Alvaro Soler unterst\u00fctzt.<\/p>\n<p style=\"text-align: justify;\">Nach \u00fcber 3 Millionen Euro Spendenerl\u00f6s im Vorjahr setzt die Gala auch 2025 ein starkes Zeichen f\u00fcr Hoffnung, Aufkl\u00e4rung und Solidarit\u00e4t. Seit 1995 engagiert sich Jos\u00e9 Carreras mit internationalen K\u00fcnstlern unerm\u00fcdlich f\u00fcr betroffene Patientinnen und Patienten \u2013 mit Musik, Menschlichkeit und Herz.<\/p>\n<p>&nbsp;<\/p>\n<div class=\"mceTemp\"><\/div>\n<figure id=\"attachment_252285\" aria-describedby=\"caption-attachment-252285\" style=\"width: 800px\" class=\"wp-caption alignnone\"><img decoding=\"async\" loading=\"lazy\" class=\"size-large wp-image-252285\" src=\"https:\/\/smago.de\/ws2\/wp-content\/uploads\/2025\/12\/1_Die_Jose_Carreras_Gala_2025-1-800x528.jpg\" alt=\"\" width=\"800\" height=\"528\" srcset=\"https:\/\/smago.de\/ws2\/wp-content\/uploads\/2025\/12\/1_Die_Jose_Carreras_Gala_2025-1-800x528.jpg 800w, https:\/\/smago.de\/ws2\/wp-content\/uploads\/2025\/12\/1_Die_Jose_Carreras_Gala_2025-1-522x345.jpg 522w, https:\/\/smago.de\/ws2\/wp-content\/uploads\/2025\/12\/1_Die_Jose_Carreras_Gala_2025-1-227x150.jpg 227w, https:\/\/smago.de\/ws2\/wp-content\/uploads\/2025\/12\/1_Die_Jose_Carreras_Gala_2025-1-768x507.jpg 768w, https:\/\/smago.de\/ws2\/wp-content\/uploads\/2025\/12\/1_Die_Jose_Carreras_Gala_2025-1-1536x1014.jpg 1536w, https:\/\/smago.de\/ws2\/wp-content\/uploads\/2025\/12\/1_Die_Jose_Carreras_Gala_2025-1-2048x1352.jpg 2048w, https:\/\/smago.de\/ws2\/wp-content\/uploads\/2025\/12\/1_Die_Jose_Carreras_Gala_2025-1-392x259.jpg 392w, https:\/\/smago.de\/ws2\/wp-content\/uploads\/2025\/12\/1_Die_Jose_Carreras_Gala_2025-1-130x86.jpg 130w, https:\/\/smago.de\/ws2\/wp-content\/uploads\/2025\/12\/1_Die_Jose_Carreras_Gala_2025-1-674x445.jpg 674w, https:\/\/smago.de\/ws2\/wp-content\/uploads\/2025\/12\/1_Die_Jose_Carreras_Gala_2025-1-791x522.jpg 791w, https:\/\/smago.de\/ws2\/wp-content\/uploads\/2025\/12\/1_Die_Jose_Carreras_Gala_2025-1-288x190.jpg 288w, https:\/\/smago.de\/ws2\/wp-content\/uploads\/2025\/12\/1_Die_Jose_Carreras_Gala_2025-1-435x287.jpg 435w, https:\/\/smago.de\/ws2\/wp-content\/uploads\/2025\/12\/1_Die_Jose_Carreras_Gala_2025-1-150x100.jpg 150w\" sizes=\"(max-width: 800px) 100vw, 800px\" \/><figcaption id=\"caption-attachment-252285\" class=\"wp-caption-text\"><em>Moderator Sven Lohrig, Jos\u00e9 Carreras und Moderatorin Stephanie M\u00fcller-Spirra<\/em><\/p>\n<p><em>\u00a9 MDR &#8211; DJCLS<\/em><\/figcaption><\/figure>\n","protected":false},"excerpt":{"rendered":"<p>20:15 Uhr &#8211; 23:13 Uhr (im Anschluss: &#8222;MDR aktuell&#8220; bis 23:15 Uhr)!<\/p>\n","protected":false},"author":2,"featured_media":252281,"comment_status":"open","ping_status":"closed","sticky":false,"template":"","format":"standard","meta":{"_FSMCFIC_featured_image_caption":"","_FSMCFIC_featured_image_nocaption":"","_FSMCFIC_featured_image_hide":""},"categories":[29,39,128],"tags":[789],"acf":[],"_links":{"self":[{"href":"https:\/\/smago.de\/ws2\/wp-json\/wp\/v2\/posts\/252280"}],"collection":[{"href":"https:\/\/smago.de\/ws2\/wp-json\/wp\/v2\/posts"}],"about":[{"href":"https:\/\/smago.de\/ws2\/wp-json\/wp\/v2\/types\/post"}],"author":[{"embeddable":true,"href":"https:\/\/smago.de\/ws2\/wp-json\/wp\/v2\/users\/2"}],"replies":[{"embeddable":true,"href":"https:\/\/smago.de\/ws2\/wp-json\/wp\/v2\/comments?post=252280"}],"version-history":[{"count":4,"href":"https:\/\/smago.de\/ws2\/wp-json\/wp\/v2\/posts\/252280\/revisions"}],"predecessor-version":[{"id":252290,"href":"https:\/\/smago.de\/ws2\/wp-json\/wp\/v2\/posts\/252280\/revisions\/252290"}],"wp:featuredmedia":[{"embeddable":true,"href":"https:\/\/smago.de\/ws2\/wp-json\/wp\/v2\/media\/252281"}],"wp:attachment":[{"href":"https:\/\/smago.de\/ws2\/wp-json\/wp\/v2\/media?parent=252280"}],"wp:term":[{"taxonomy":"category","embeddable":true,"href":"https:\/\/smago.de\/ws2\/wp-json\/wp\/v2\/categories?post=252280"},{"taxonomy":"post_tag","embeddable":true,"href":"https:\/\/smago.de\/ws2\/wp-json\/wp\/v2\/tags?post=252280"}],"curies":[{"name":"wp","href":"https:\/\/api.w.org\/{rel}","templated":true}]}}