{"id":252268,"date":"2025-12-12T00:00:34","date_gmt":"2025-12-11T23:00:34","guid":{"rendered":"https:\/\/smago.de\/ws2\/?p=252268"},"modified":"2025-12-09T22:18:43","modified_gmt":"2025-12-09T21:18:43","slug":"nora-schneider-dezembernaechte-beschreibt-ein-gefuehl-zwischen-einsamkeit-und-heimkehr","status":"publish","type":"post","link":"https:\/\/smago.de\/ws2\/pop\/nora-schneider-dezembernaechte-beschreibt-ein-gefuehl-zwischen-einsamkeit-und-heimkehr\/","title":{"rendered":"NORA SCHNEIDER <br>\u201eDezembern\u00e4chte\u201c beschreibt ein Gef\u00fchl zwischen Einsamkeit und Heimkehr!"},"content":{"rendered":"<p style=\"text-align: justify;\">NORA erz\u00e4hlt von einem Dezember, der nicht strahlt \u2013 und trotzdem sch\u00f6n ist!<!--more--><\/p>\n<p style=\"text-align: justify;\">\n<p style=\"text-align: justify;\">\n<p style=\"text-align: justify;\">\n<p style=\"text-align: justify;\">Mit \u201eDezembern\u00e4chte\u201c ver\u00f6ffentlicht NORA SCHNEIDER einen der ber\u00fchrendsten Weihnachtssongs dieser Saison. W\u00e4hrend viele Wintertracks auf Glitzer, Jingle Bells und perfekte Stimmung setzen, geht \u201eNORA\u201c, auch wenn sie mutma\u00dflich eine KI-Kunstfigur ist, konsequent einen anderen Weg: Sie erz\u00e4hlt von der Realit\u00e4t einer Generation, die zwischen Social Media, Erwartungen und innerer Orientierungslosigkeit versucht, ihren Platz zu finden. Der Song wirkt wie ein intimer Blick in das Innenleben einer jungen Frau \u2013 ehrlich, verletzlich und nahbar.<\/p>\n<p style=\"text-align: justify;\">Der Track beginnt mit einer ern\u00fcchternden Bestandsaufnahme: \u00dcberall festliche Deko, \u00fcberall perfekte Online-Weihnachtswelten \u2013 und mittendrin eine Protagonistin, die sich allein f\u00fchlt, ohne dass das unbedingt falsch w\u00e4re. Die Lyrics, geschrieben von ANDY JANSSEN und JAN FREIBERGER, fangen genau dieses Zwischenstadium ein: zu alt f\u00fcr Weihnachten im Elternhaus, aber zu jung oder zu ersch\u00f6pft, um schon ganz woanders angekommen zu sein. Es ist ein Gef\u00fchl, das viele Menschen dieser jungen Generation kennen \u2013 und genau deshalb ber\u00fchrt \u201eDezembern\u00e4chte\u201c so stark.<\/p>\n<p style=\"text-align: justify;\">NORA SCHNEIDERs Stimme tr\u00e4gt diesen inneren Dialog mit einer Mischung aus Melancholie und sanfter St\u00e4rke. Die Produktion bleibt bewusst zur\u00fcckhaltend, fast balladenhaft, und erinnert in ihrer emotionalen Klarheit etwas an die ruhigeren Songs von VANESSA MAI. Kleine musikalische Akzente erzeugen das Gef\u00fchl eines n\u00e4chtlichen Spaziergangs durch verschneite Stra\u00dfen: kalt, aber irgendwie voller Erwartung.<\/p>\n<p style=\"text-align: justify;\">In der Mitte des Songs \u00f6ffnet sich der Blick: Die Erz\u00e4hlerin trifft Freunde, h\u00f6rt Geschichten von Liebe und Ver\u00e4nderungen \u2013 und sp\u00fcrt gleichzeitig die eigene Stille. \u201eNORA\u201c singt nicht kitschig, sondern authentisch \u00fcber den bitters\u00fc\u00dfen Mix aus Freude und stillem Schmerz, der entsteht, wenn andere weiterzugehen scheinen. Doch diese Begegnungen sind wichtig, denn sie zeigen, dass auch Unperfektes tr\u00f6stlich sein kann.<\/p>\n<p style=\"text-align: justify;\">Einer der st\u00e4rksten Momente der bemerkenswerten Ballade ist die \u00fcberraschende Entscheidung, nach Hause zu fahren. Ohne Ank\u00fcndigung, einfach mit einem Ticket, einem Rucksack und der Hoffnung, dass ein vertrauter Ort etwas ins Lot bringen k\u00f6nnte. Die Szene am Bahnhof \u2013 die Mutter mit nassen Augen, die lange Umarmung \u2013 wirkt filmisch, aber nie \u00fcberh\u00f6ht. Sie ist die emotionale Aufl\u00f6sung des Songs: Die \u201eDezembern\u00e4chte\u201c, die zuvor kalt und leer waren, werden pl\u00f6tzlich warm und klar.<\/p>\n<p style=\"text-align: justify;\">Im Wohnzimmer, zwischen schiefem Weihnachtsbaum, d\u00f6sendem Vater und leisen Momenten, findet die Protagonistin zur\u00fcck zu etwas, das sie vermisst hat: Echtheit. N\u00e4he. Unkompliziertheit. Und vor allem: das Gef\u00fchl von Zuhause.<\/p>\n<p style=\"text-align: justify;\">\u201eDezembern\u00e4chte\u201c ist kein klassischer Weihnachtsschlager, sondern ein modern erz\u00e4hltes Weihnachtslied, das die Unsicherheiten einer ganzen Generation einf\u00e4ngt. Es spricht all jene an, die sich in der Adventszeit nicht in einem Bilderbuch wiederfinden, sondern sich nach echter W\u00e4rme sehnen. Der Song zeigt, dass Weihnachten nicht perfekt sein muss \u2013 denn echte Verbundenheit entsteht oft genau dort, wo man sie nicht inszeniert.<\/p>\n<p style=\"text-align: justify;\">\n","protected":false},"excerpt":{"rendered":"<p>NORA erz\u00e4hlt von einem Dezember, der nicht strahlt \u2013 und trotzdem sch\u00f6n ist!<\/p>\n","protected":false},"author":2,"featured_media":252264,"comment_status":"open","ping_status":"closed","sticky":false,"template":"","format":"standard","meta":{"_FSMCFIC_featured_image_caption":"","_FSMCFIC_featured_image_nocaption":"","_FSMCFIC_featured_image_hide":""},"categories":[27,39],"tags":[4862],"acf":[],"_links":{"self":[{"href":"https:\/\/smago.de\/ws2\/wp-json\/wp\/v2\/posts\/252268"}],"collection":[{"href":"https:\/\/smago.de\/ws2\/wp-json\/wp\/v2\/posts"}],"about":[{"href":"https:\/\/smago.de\/ws2\/wp-json\/wp\/v2\/types\/post"}],"author":[{"embeddable":true,"href":"https:\/\/smago.de\/ws2\/wp-json\/wp\/v2\/users\/2"}],"replies":[{"embeddable":true,"href":"https:\/\/smago.de\/ws2\/wp-json\/wp\/v2\/comments?post=252268"}],"version-history":[{"count":1,"href":"https:\/\/smago.de\/ws2\/wp-json\/wp\/v2\/posts\/252268\/revisions"}],"predecessor-version":[{"id":252269,"href":"https:\/\/smago.de\/ws2\/wp-json\/wp\/v2\/posts\/252268\/revisions\/252269"}],"wp:featuredmedia":[{"embeddable":true,"href":"https:\/\/smago.de\/ws2\/wp-json\/wp\/v2\/media\/252264"}],"wp:attachment":[{"href":"https:\/\/smago.de\/ws2\/wp-json\/wp\/v2\/media?parent=252268"}],"wp:term":[{"taxonomy":"category","embeddable":true,"href":"https:\/\/smago.de\/ws2\/wp-json\/wp\/v2\/categories?post=252268"},{"taxonomy":"post_tag","embeddable":true,"href":"https:\/\/smago.de\/ws2\/wp-json\/wp\/v2\/tags?post=252268"}],"curies":[{"name":"wp","href":"https:\/\/api.w.org\/{rel}","templated":true}]}}