{"id":252244,"date":"2025-12-09T17:41:08","date_gmt":"2025-12-09T16:41:08","guid":{"rendered":"https:\/\/smago.de\/ws2\/?p=252244"},"modified":"2025-12-09T17:42:22","modified_gmt":"2025-12-09T16:42:22","slug":"jana-ina-giovanni-zarrella-michelle-hunziker-u-a-sa-13-12-2025-rtl-denn-sie-wissen-nicht-was-passiert","status":"publish","type":"post","link":"https:\/\/smago.de\/ws2\/schlager\/jana-ina-giovanni-zarrella-michelle-hunziker-u-a-sa-13-12-2025-rtl-denn-sie-wissen-nicht-was-passiert\/","title":{"rendered":"JANA INA &#038; GIOVANNI ZARRELLA, MICHELLE HUNZIKER u.a. <br>Sa., 13.12.2025, RTL: &#8222;Denn sie wissen nicht, was passiert&#8220;!"},"content":{"rendered":"<p>Der Start in eine neue \u00c4ra der beliebten Samstagabend-Show!<!--more--><\/p>\n<p>&nbsp;<\/p>\n<p>&nbsp;<\/p>\n<p>&nbsp;<\/p>\n<p style=\"text-align: justify;\">Geballte Starpower bei &#8222;Denn sie wissen nicht, was passiert&#8220;! Nie passte der Sendungstitel besser. Denn mit dieser Live-Show, parallel am 13. Dezember 2025 um 20:15 Uhr bei RTL und zeitgleich im Stream auf RTL+ zu sehen, beginnt nach dem emotionalen Abschied von Thomas Gottschalk, Barbara Sch\u00f6neberger und G\u00fcnther Jauch eine neue \u00c4ra der beliebten Samstagabend-Show. Gesetzt f\u00fcr die neue Ausgabe in neuer Konstellation sind die charmante Top-Moderatorin <strong>Michelle Hunziker<\/strong>, das bekannte TV-Powercouple <strong>Jana Ina und Giovanni Zarrella <\/strong>und\u00a0die international erfolgreichen Star-Magier Die Ehrlich Brothers. Als musikalische G\u00e4sze sind die Jungs von<strong> voXXclub <\/strong>mit dabei.<\/p>\n<p style=\"text-align: justify;\">Michelle Hunziker ist nicht nur ein absoluter Superstar in Italien, sie ist auch eins der gefragtesten Gesichter im deutschsprachigen Fernsehen. Sie moderierte u.a. das gro\u00dfe Finale des diesj\u00e4hrigen Eurovision Song Contest in Basel vor 170 Millionen Zuschauern weltweit.\u202fIhre bemerkenswerte, internationale Live-Show-Erfahrung macht sie zur idealen Besetzung.<\/p>\n<p style=\"text-align: justify;\">Mit \u00fcber 4,5 Millionen verkauften Tickets, ausverkauften Arenen in Europa, einer erfolgreichen US-Tour und mehreren Weltrekorden z\u00e4hlen Andreas und Chris Ehrlich schon jetzt zu den erfolgreichsten Illusionisten weltweit.<\/p>\n<p style=\"text-align: justify;\">Jana Ina und Giovanni sind eines der beliebtesten Promi-Paare Deutschlands und stehen wie kaum ein anderes Duo f\u00fcr moderne Samstagabend-Unterhaltung. Ihre Mischung aus Musik-Erfolgen und Moderationen gro\u00dfer Primetime-Shows macht sie zu idealen Teamplayern.<\/p>\n<p style=\"text-align: justify;\">Alle G\u00e4ste stehen am Samstag vor der gro\u00dfen Herausforderung: Sie wissen nicht, was passiert, und k\u00f6nnen sich nicht auf die Spiele vorbereiten. In zwei Teams treten die Promis gegeneinander an und m\u00fcssen w\u00e4hrend der Show aufregende Challenges bestehen. Ob abenteuerliche Spiele, kuriose \u00dcberraschungen oder unvorhersehbare Aktionen \u2013 hier z\u00e4hlt Spontaneit\u00e4t, Teamgeist und pure Spielfreude.\u00a0Wer spielt gegen wen?\u00a0Wer geht als Gewinner der Spiele hervor? Und wer wird die Show moderieren?<\/p>\n<p>&nbsp;<\/p>\n<p>&nbsp;<\/p>\n<figure id=\"attachment_252245\" aria-describedby=\"caption-attachment-252245\" style=\"width: 800px\" class=\"wp-caption alignnone\"><img decoding=\"async\" loading=\"lazy\" class=\"size-large wp-image-252245\" src=\"https:\/\/smago.de\/ws2\/wp-content\/uploads\/2025\/12\/341F9-2-800x450.jpg\" alt=\"\" width=\"800\" height=\"450\" srcset=\"https:\/\/smago.de\/ws2\/wp-content\/uploads\/2025\/12\/341F9-2-800x450.jpg 800w, https:\/\/smago.de\/ws2\/wp-content\/uploads\/2025\/12\/341F9-2-522x294.jpg 522w, https:\/\/smago.de\/ws2\/wp-content\/uploads\/2025\/12\/341F9-2-267x150.jpg 267w, https:\/\/smago.de\/ws2\/wp-content\/uploads\/2025\/12\/341F9-2-768x432.jpg 768w, https:\/\/smago.de\/ws2\/wp-content\/uploads\/2025\/12\/341F9-2-1536x864.jpg 1536w, https:\/\/smago.de\/ws2\/wp-content\/uploads\/2025\/12\/341F9-2-392x221.jpg 392w, https:\/\/smago.de\/ws2\/wp-content\/uploads\/2025\/12\/341F9-2-130x73.jpg 130w, https:\/\/smago.de\/ws2\/wp-content\/uploads\/2025\/12\/341F9-2-791x445.jpg 791w, https:\/\/smago.de\/ws2\/wp-content\/uploads\/2025\/12\/341F9-2-870x489.jpg 870w, https:\/\/smago.de\/ws2\/wp-content\/uploads\/2025\/12\/341F9-2-292x164.jpg 292w, https:\/\/smago.de\/ws2\/wp-content\/uploads\/2025\/12\/341F9-2-435x245.jpg 435w, https:\/\/smago.de\/ws2\/wp-content\/uploads\/2025\/12\/341F9-2-895x503.jpg 895w, https:\/\/smago.de\/ws2\/wp-content\/uploads\/2025\/12\/341F9-2.jpg 1920w\" sizes=\"(max-width: 800px) 100vw, 800px\" \/><figcaption id=\"caption-attachment-252245\" class=\"wp-caption-text\"><em>Foto-Credit: RTL<\/em><\/p>\n<p><em>Bitte beachten Sie auch <strong><a href=\"http:\/\/www.rtlplus.de\">RTL+<\/a><\/strong>!<\/em><\/figcaption><\/figure>\n","protected":false},"excerpt":{"rendered":"<p>Der Start in eine neue \u00c4ra der beliebten Samstagabend-Show!<\/p>\n","protected":false},"author":2,"featured_media":252245,"comment_status":"open","ping_status":"closed","sticky":false,"template":"","format":"standard","meta":{"_FSMCFIC_featured_image_caption":"","_FSMCFIC_featured_image_nocaption":"","_FSMCFIC_featured_image_hide":""},"categories":[29,39,128],"tags":[925],"acf":[],"_links":{"self":[{"href":"https:\/\/smago.de\/ws2\/wp-json\/wp\/v2\/posts\/252244"}],"collection":[{"href":"https:\/\/smago.de\/ws2\/wp-json\/wp\/v2\/posts"}],"about":[{"href":"https:\/\/smago.de\/ws2\/wp-json\/wp\/v2\/types\/post"}],"author":[{"embeddable":true,"href":"https:\/\/smago.de\/ws2\/wp-json\/wp\/v2\/users\/2"}],"replies":[{"embeddable":true,"href":"https:\/\/smago.de\/ws2\/wp-json\/wp\/v2\/comments?post=252244"}],"version-history":[{"count":2,"href":"https:\/\/smago.de\/ws2\/wp-json\/wp\/v2\/posts\/252244\/revisions"}],"predecessor-version":[{"id":252247,"href":"https:\/\/smago.de\/ws2\/wp-json\/wp\/v2\/posts\/252244\/revisions\/252247"}],"wp:featuredmedia":[{"embeddable":true,"href":"https:\/\/smago.de\/ws2\/wp-json\/wp\/v2\/media\/252245"}],"wp:attachment":[{"href":"https:\/\/smago.de\/ws2\/wp-json\/wp\/v2\/media?parent=252244"}],"wp:term":[{"taxonomy":"category","embeddable":true,"href":"https:\/\/smago.de\/ws2\/wp-json\/wp\/v2\/categories?post=252244"},{"taxonomy":"post_tag","embeddable":true,"href":"https:\/\/smago.de\/ws2\/wp-json\/wp\/v2\/tags?post=252244"}],"curies":[{"name":"wp","href":"https:\/\/api.w.org\/{rel}","templated":true}]}}