{"id":252234,"date":"2025-12-10T00:00:43","date_gmt":"2025-12-09T23:00:43","guid":{"rendered":"https:\/\/smago.de\/ws2\/?p=252234"},"modified":"2025-12-09T17:36:20","modified_gmt":"2025-12-09T16:36:20","slug":"ellen-krenz-feat-peter-alexander-ki-machts-moeglich-ki-duett-weisser-winterwald-von-ellen-krenz-mit-peter-alexander","status":"publish","type":"post","link":"https:\/\/smago.de\/ws2\/pop-schlager\/ellen-krenz-feat-peter-alexander-ki-machts-moeglich-ki-duett-weisser-winterwald-von-ellen-krenz-mit-peter-alexander\/","title":{"rendered":"ELLEN KRENZ (feat. PETER ALEXANDER) <br>KI macht&#8217;s m\u00f6glich: &#8218;KI-Duett&#8216; &#8222;Wei\u00dfer Winterwald&#8220; von Ellen Krenz mit Peter Alexander!"},"content":{"rendered":"<div id=\"expanded\" class=\"style-scope ytd-text-inline-expander\" style=\"text-align: justify;\"><span class=\"yt-core-attributed-string yt-core-attributed-string--white-space-pre-wrap\" dir=\"auto\" role=\"text\"><span class=\"yt-core-attributed-string--link-inherit-color\" dir=\"auto\">Sehen Sie HIER, wie Technologie Emotionen weckt und ein musikalischer Traum wahr wird &#8230;:<br \/>\n<\/span><\/span><\/div>\n<p><!--more--><\/p>\n<div id=\"snippet\" class=\"style-scope ytd-text-inline-expander\" style=\"text-align: justify;\"><\/div>\n<div><\/div>\n<div><\/div>\n<div id=\"expanded\" class=\"style-scope ytd-text-inline-expander\" style=\"text-align: justify;\">\n<p><span class=\"yt-core-attributed-string yt-core-attributed-string--white-space-pre-wrap\" dir=\"auto\" role=\"text\"><span class=\"yt-core-attributed-string--link-inherit-color\" dir=\"auto\"> ELLEN KRENZ erf\u00fcllt sich einen Kindheitstraum: &#8222;Wei\u00dfer Winterwald&#8220; im KI-Duett mit PETER ALEXANDER &#x1f31f;<\/span><\/span><\/p>\n<p>Ein magischer Moment, an der Schnittstelle von Emotion und Technologie: <span class=\"yt-core-attributed-string yt-core-attributed-string--white-space-pre-wrap\" dir=\"auto\" role=\"text\"><span class=\"yt-core-attributed-string--link-inherit-color\" dir=\"auto\">Mit ihrem neuesten Weihnachtsvideo zu &#8222;Wei\u00dfer Winterwald&#8220; pr\u00e4sentiert Ellen Krenz nicht nur eine bewegende Neuinterpretation des Klassikers, sondern realisiert auch ihren tiefsten Kindheitstraum: ein Duett mit der unvergessenen Schlager-Ikone Peter Alexander. <\/span><\/span><\/p>\n<\/div>\n<div style=\"text-align: justify;\"><\/div>\n<div class=\"style-scope ytd-text-inline-expander\" style=\"text-align: justify;\"><span class=\"yt-core-attributed-string yt-core-attributed-string--white-space-pre-wrap\" dir=\"auto\" role=\"text\"><span class=\"yt-core-attributed-string--link-inherit-color\" dir=\"auto\">Die Geschichte des Videos Das Video beginnt mit einer zutiefst pers\u00f6nlichen Szene: Die Zuschauer erleben die kleine, f\u00fcnfj\u00e4hrige Ellen Krenz, die gemeinsam mit ihrem geliebten Vater in warmen Weihnachtserinnerungen schwelgt, w\u00e4hrend er Peter Alexanders &#8222;Wei\u00dfer Winterwald&#8220; auf Schallplatte auflegt \u2013 Ellens absolutes Lieblingslied in der Weihnachtszeit. <\/span><\/span><\/div>\n<div style=\"text-align: justify;\"><\/div>\n<div class=\"style-scope ytd-text-inline-expander\" style=\"text-align: justify;\"><span class=\"yt-core-attributed-string yt-core-attributed-string--white-space-pre-wrap\" dir=\"auto\" role=\"text\"><span class=\"yt-core-attributed-string--link-inherit-color\" dir=\"auto\">Was folgt, ist der Zauber der modernen Technik: Durch den innovativen Einsatz von K\u00fcnstlicher Intelligenz verschmelzen Vergangenheit und Gegenwart. Peter Alexander tritt leibhaftig ins Bild und singt das Lied gemeinsam mit der erwachsenen Ellen Krenz. <\/span><\/span><\/div>\n<div style=\"text-align: justify;\"><\/div>\n<div class=\"style-scope ytd-text-inline-expander\" style=\"text-align: justify;\"><span class=\"yt-core-attributed-string yt-core-attributed-string--white-space-pre-wrap\" dir=\"auto\" role=\"text\"><span class=\"yt-core-attributed-string--link-inherit-color\" dir=\"auto\">Dieses Duett ist ein herzerw\u00e4rmendes Zeugnis der tiefen musikalischen Verbindung, die Peter Alexander und sein Lied \u00fcber Generationen hinweg aufgebaut haben. Retro trifft Moderne \u2013 Die musikalische Vision dieser Produktion: Altes mit Neuem zu vereinen. <\/span><\/span><\/div>\n<div style=\"text-align: justify;\"><\/div>\n<div class=\"style-scope ytd-text-inline-expander\" style=\"text-align: justify;\">\n<p><span class=\"yt-core-attributed-string yt-core-attributed-string--white-space-pre-wrap\" dir=\"auto\" role=\"text\"><span class=\"yt-core-attributed-string--link-inherit-color\" dir=\"auto\">Der Song beginnt bewusst im Retro-Stil, sowohl im Gesang als auch in der Instrumentierung, und entwickelt sich progressiv zu einem modernen, kraftvollen Arrangement, das die zeitlose Botschaft des Liedes ins Heute tr\u00e4gt.<\/span><\/span><\/p>\n<p><em>&#8222;&#8218;Wei\u00dfer Winterwald&#8216; lief schon damals in meiner Vorstellung wie ein wundersch\u00f6ner Film ab \u2013 in dem das Reh mit dem Hausk\u00e4tzchen vor dem Kamin Platz nehmen durfte. Mein Traum, dieses Lied mit meinem Papa&#8217;s Lieblingss\u00e4nger Peter Alexander zu singen, ist nun dank der KI-Technik Realit\u00e4t geworden,&#8220;<\/em> so Ellen Krenz.<\/p>\n<\/div>\n<div style=\"text-align: justify;\"><\/div>\n<div class=\"style-scope ytd-text-inline-expander\" style=\"text-align: justify;\"><span class=\"yt-core-attributed-string yt-core-attributed-string--white-space-pre-wrap\" dir=\"auto\" role=\"text\"><span class=\"yt-core-attributed-string--link-inherit-color\" dir=\"auto\">Dieses Video ist eine Hommage an die Kindheit, an die Kraft der Erinnerung und an die zeitlose Musik, aber auch ein r\u00fchrendes Verm\u00e4chtnis an ihren Vater, der dieses besondere Duett nun leider nicht mehr h\u00f6ren kann.<\/span><\/span><\/div>\n<div><\/div>\n<div><\/div>\n<div><\/div>\n<div style=\"text-align: justify;\"><\/div>\n<div class=\"style-scope ytd-text-inline-expander\" style=\"text-align: justify;\"><span class=\"yt-core-attributed-string yt-core-attributed-string--white-space-pre-wrap\" dir=\"auto\" role=\"text\"><span class=\"yt-core-attributed-string--link-inherit-color\" dir=\"auto\">Sehen Sie HIER, wie Technologie Emotionen weckt und ein musikalischer Traum wahr wird &#8230;:<\/span><\/span><\/div>\n<div id=\"snippet\" class=\"style-scope ytd-text-inline-expander\" style=\"text-align: justify;\"><\/div>\n<div><\/div>\n<div class=\"style-scope ytd-structured-description-content-renderer\" style=\"text-align: justify;\"><\/div>\n<div class=\"style-scope ytd-watch-metadata\">\n<div id=\"merch-shelf\" class=\"style-scope ytd-structured-description-content-renderer\" style=\"text-align: justify;\"><\/div>\n<\/div>\n<div class=\"style-scope ytd-structured-description-content-renderer\" style=\"text-align: justify;\"><iframe loading=\"lazy\" src=\"\/\/www.youtube.com\/embed\/Qc3VG8XVR6U?list=OLAK5uy_lXUEL4Z0GJK4vWSWmcMO5xllrlanhOTyY&amp;index=3\" width=\"800\" height=\"449\" allowfullscreen=\"allowfullscreen\"><\/iframe><\/div>\n<div><\/div>\n<div><\/div>\n<div><\/div>\n<div><\/div>\n<div><\/div>\n<div>\n<figure id=\"attachment_252239\" aria-describedby=\"caption-attachment-252239\" style=\"width: 800px\" class=\"wp-caption alignnone\"><img decoding=\"async\" loading=\"lazy\" class=\"size-full wp-image-252239\" src=\"https:\/\/smago.de\/ws2\/wp-content\/uploads\/2025\/12\/krenz_alexander2-1.jpeg\" alt=\"\" width=\"800\" height=\"800\" srcset=\"https:\/\/smago.de\/ws2\/wp-content\/uploads\/2025\/12\/krenz_alexander2-1.jpeg 800w, https:\/\/smago.de\/ws2\/wp-content\/uploads\/2025\/12\/krenz_alexander2-1-522x522.jpeg 522w, https:\/\/smago.de\/ws2\/wp-content\/uploads\/2025\/12\/krenz_alexander2-1-150x150.jpeg 150w, https:\/\/smago.de\/ws2\/wp-content\/uploads\/2025\/12\/krenz_alexander2-1-768x768.jpeg 768w, https:\/\/smago.de\/ws2\/wp-content\/uploads\/2025\/12\/krenz_alexander2-1-272x272.jpeg 272w, https:\/\/smago.de\/ws2\/wp-content\/uploads\/2025\/12\/krenz_alexander2-1-600x600.jpeg 600w, https:\/\/smago.de\/ws2\/wp-content\/uploads\/2025\/12\/krenz_alexander2-1-130x130.jpeg 130w, https:\/\/smago.de\/ws2\/wp-content\/uploads\/2025\/12\/krenz_alexander2-1-445x445.jpeg 445w, https:\/\/smago.de\/ws2\/wp-content\/uploads\/2025\/12\/krenz_alexander2-1-190x190.jpeg 190w, https:\/\/smago.de\/ws2\/wp-content\/uploads\/2025\/12\/krenz_alexander2-1-290x290.jpeg 290w\" sizes=\"(max-width: 800px) 100vw, 800px\" \/><figcaption id=\"caption-attachment-252239\" class=\"wp-caption-text\"><em>Foto-Credit: Waldemar Kopka<\/em><\/figcaption><\/figure>\n<\/div>\n<div class=\"style-scope ytd-watch-metadata\">\n<div id=\"items\" class=\"style-scope ytd-structured-description-content-renderer\">\n<div id=\"header\" class=\"style-scope ytd-video-description-transcript-section-renderer\" style=\"text-align: justify;\"><\/div>\n<\/div>\n<\/div>\n","protected":false},"excerpt":{"rendered":"<p>Sehen Sie HIER, wie Technologie Emotionen weckt und ein musikalischer Traum wahr wird &#8230;:<\/p>\n","protected":false},"author":2,"featured_media":252242,"comment_status":"open","ping_status":"closed","sticky":false,"template":"","format":"standard","meta":{"_FSMCFIC_featured_image_caption":"","_FSMCFIC_featured_image_nocaption":"","_FSMCFIC_featured_image_hide":""},"categories":[28,29,39],"tags":[4860],"acf":[],"_links":{"self":[{"href":"https:\/\/smago.de\/ws2\/wp-json\/wp\/v2\/posts\/252234"}],"collection":[{"href":"https:\/\/smago.de\/ws2\/wp-json\/wp\/v2\/posts"}],"about":[{"href":"https:\/\/smago.de\/ws2\/wp-json\/wp\/v2\/types\/post"}],"author":[{"embeddable":true,"href":"https:\/\/smago.de\/ws2\/wp-json\/wp\/v2\/users\/2"}],"replies":[{"embeddable":true,"href":"https:\/\/smago.de\/ws2\/wp-json\/wp\/v2\/comments?post=252234"}],"version-history":[{"count":3,"href":"https:\/\/smago.de\/ws2\/wp-json\/wp\/v2\/posts\/252234\/revisions"}],"predecessor-version":[{"id":252243,"href":"https:\/\/smago.de\/ws2\/wp-json\/wp\/v2\/posts\/252234\/revisions\/252243"}],"wp:featuredmedia":[{"embeddable":true,"href":"https:\/\/smago.de\/ws2\/wp-json\/wp\/v2\/media\/252242"}],"wp:attachment":[{"href":"https:\/\/smago.de\/ws2\/wp-json\/wp\/v2\/media?parent=252234"}],"wp:term":[{"taxonomy":"category","embeddable":true,"href":"https:\/\/smago.de\/ws2\/wp-json\/wp\/v2\/categories?post=252234"},{"taxonomy":"post_tag","embeddable":true,"href":"https:\/\/smago.de\/ws2\/wp-json\/wp\/v2\/tags?post=252234"}],"curies":[{"name":"wp","href":"https:\/\/api.w.org\/{rel}","templated":true}]}}