{"id":252217,"date":"2025-12-09T23:59:44","date_gmt":"2025-12-09T22:59:44","guid":{"rendered":"https:\/\/smago.de\/ws2\/?p=252217"},"modified":"2025-12-09T14:25:21","modified_gmt":"2025-12-09T13:25:21","slug":"meister-eder-und-sein-pumuckl-so-04-01-2026-super-rtl-neue-geschichten-vom-pumuckl-2-7-pumuckl-und-die-eingeworfene-scheibe","status":"publish","type":"post","link":"https:\/\/smago.de\/ws2\/kinderprogramm\/meister-eder-und-sein-pumuckl-so-04-01-2026-super-rtl-neue-geschichten-vom-pumuckl-2-7-pumuckl-und-die-eingeworfene-scheibe\/","title":{"rendered":"&#8222;MEISTER EDER UND SEIN PUMUCKL&#8220; <br>So., 04.01.2026, Super RTL: &#8222;Neue Geschichten vom Pumuckl&#8220; (2\/7) \u2013 &#8222;Pumuckl und die eingeworfene Scheibe&#8220;!"},"content":{"rendered":"<p>07:45 Uhr &#8211; 08:10 Uhr!<br \/>\n<!--more--><\/p>\n<p>&nbsp;<\/p>\n<p>&nbsp;<\/p>\n<p style=\"text-align: justify;\"><span class=\"kurztext\">Eder entdeckt morgens eine eingeschlagene Fensterscheibe und verd\u00e4chtigt Pumuckl. Doch tats\u00e4chlich war Alva, das Nachbarsm\u00e4dchen, verantwortlich. Pumuckl gesteht aus Friedensliebe die Tat, obwohl er unschuldig ist. Das Gef\u00fchl der Ungerechtigkeit belastet ihn und er m\u00f6chte beweisen, dass Alva die Schuldige ist. Die Herausforderung besteht darin, Eder von seiner Unschuld zu \u00fcberzeugen, obwohl dieser ihm nicht mehr glaubt.<\/span><\/p>\n<p style=\"text-align: justify;\"><span class=\"langtext\">Als Eder morgens aufwacht, ist eine Fensterscheibe eingeschlagen. Alles deutet auf Pumuckl hin. Aber es war Alva, das Nachbarsm\u00e4dchen! Pumuckl f\u00fchlt sich gen\u00f6tigt, des lieben Friedens Willen zuzugeben, dass er der Schuldige ist. Weil es Eder so von ihm erwartet. Dabei stimmt das alles gar nicht! Und dieses bl\u00f6de Gef\u00fchl der Ungerechtigkeit will einfach nicht vergehen. Pumuckl will beweisen, dass es Alva war. Doch wie? Wie kann man als Kobold beweisen, es nicht gewesen zu sein, wenn einem Eder nicht mehr glaubt?<\/span><\/p>\n<p>&nbsp;<\/p>\n<p>&nbsp;<\/p>\n<p>&nbsp;<\/p>\n<div class=\"besetzung\"><strong><span class=\"contentheadline\">Darsteller<\/span><\/strong><\/div>\n<div class=\"besetzung\">\n<ul class=\"cast\">\n<li><span class=\"name\">Maximilian\u00a0Schafroth<\/span> &#8230; <span class=\"rolle\">Pumuckl<\/span><\/li>\n<li><span class=\"name\">Florian\u00a0Br\u00fcckner<\/span> &#8230; <span class=\"rolle\">Florian Eder<\/span><\/li>\n<li><span class=\"name\">Ina\u00a0Meling<\/span> &#8230; <span class=\"rolle\">B\u00e4rbel Eder<\/span><\/li>\n<li><span class=\"name\">Ilse\u00a0Neubauer<\/span> &#8230; <span class=\"rolle\">Frau St\u00fcrtzlinger<\/span><\/li>\n<li><span class=\"name\">Anja\u00a0Knauer<\/span> &#8230; <span class=\"rolle\">Vicky<\/span><\/li>\n<li><span class=\"name\">Stefan\u00a0Murr<\/span> &#8230; <span class=\"rolle\">Bernd Seifert<\/span><\/li>\n<li><span class=\"name\">Bernadette\u00a0Leopold<\/span> &#8230; <span class=\"rolle\">Elli<\/span><\/li>\n<li><span class=\"name\">Tanja\u00a0Raunig<\/span> &#8230; <span class=\"rolle\">Valentina<\/span><\/li>\n<\/ul>\n<p>&nbsp;<\/p>\n<\/div>\n<div class=\"besetzung\"><strong><span class=\"contentheadline\">Stab<\/span><\/strong><\/div>\n<div><\/div>\n<div class=\"besetzung\">\n<ul class=\"cast\">\n<li><span class=\"name\">Korbinian Dufter:<\/span> <span class=\"rolle\">Headautor<\/span><\/li>\n<li><span class=\"name\">Matthias Pacht:<\/span> <span class=\"rolle\">Headautor<\/span><\/li>\n<li><span class=\"name\">Moritz Binder:<\/span> <span class=\"rolle\">Autor:in<\/span><\/li>\n<li><span class=\"name\">Katharina\u00a0K\u00f6ster<\/span> <span class=\"rolle\">Autorin<\/span><\/li>\n<li><span class=\"name\">Marcus H. Rosenm\u00fcller:<\/span> <span class=\"rolle\">Regie<\/span><\/li>\n<\/ul>\n<\/div>\n<p>&nbsp;<\/p>\n<p>&nbsp;<\/p>\n<figure id=\"attachment_252218\" aria-describedby=\"caption-attachment-252218\" style=\"width: 800px\" class=\"wp-caption alignnone\"><img decoding=\"async\" loading=\"lazy\" class=\"size-large wp-image-252218\" src=\"https:\/\/smago.de\/ws2\/wp-content\/uploads\/2025\/12\/48F7D-2-800x450.jpg\" alt=\"\" width=\"800\" height=\"450\" srcset=\"https:\/\/smago.de\/ws2\/wp-content\/uploads\/2025\/12\/48F7D-2-800x450.jpg 800w, https:\/\/smago.de\/ws2\/wp-content\/uploads\/2025\/12\/48F7D-2-522x294.jpg 522w, https:\/\/smago.de\/ws2\/wp-content\/uploads\/2025\/12\/48F7D-2-267x150.jpg 267w, https:\/\/smago.de\/ws2\/wp-content\/uploads\/2025\/12\/48F7D-2-768x432.jpg 768w, https:\/\/smago.de\/ws2\/wp-content\/uploads\/2025\/12\/48F7D-2-1536x864.jpg 1536w, https:\/\/smago.de\/ws2\/wp-content\/uploads\/2025\/12\/48F7D-2-392x221.jpg 392w, https:\/\/smago.de\/ws2\/wp-content\/uploads\/2025\/12\/48F7D-2-130x73.jpg 130w, https:\/\/smago.de\/ws2\/wp-content\/uploads\/2025\/12\/48F7D-2-791x445.jpg 791w, https:\/\/smago.de\/ws2\/wp-content\/uploads\/2025\/12\/48F7D-2-870x489.jpg 870w, https:\/\/smago.de\/ws2\/wp-content\/uploads\/2025\/12\/48F7D-2-292x164.jpg 292w, https:\/\/smago.de\/ws2\/wp-content\/uploads\/2025\/12\/48F7D-2-435x245.jpg 435w, https:\/\/smago.de\/ws2\/wp-content\/uploads\/2025\/12\/48F7D-2-895x503.jpg 895w, https:\/\/smago.de\/ws2\/wp-content\/uploads\/2025\/12\/48F7D-2.jpg 1920w\" sizes=\"(max-width: 800px) 100vw, 800px\" \/><figcaption id=\"caption-attachment-252218\" class=\"wp-caption-text\"><em>Pumuckl<\/em><\/p>\n<p><em>Foto-Credit: RTL \/ NEUESUPER<\/em><\/p>\n<p><em>Bitte beachten Sie auch <strong><a href=\"http:\/\/www.rtlplus.de\">RTL+<\/a><\/strong>!<\/em><\/figcaption><\/figure>\n","protected":false},"excerpt":{"rendered":"<p>07:45 Uhr &#8211; 08:10 Uhr!<\/p>\n","protected":false},"author":2,"featured_media":252218,"comment_status":"open","ping_status":"closed","sticky":false,"template":"","format":"standard","meta":{"_FSMCFIC_featured_image_caption":"","_FSMCFIC_featured_image_nocaption":"","_FSMCFIC_featured_image_hide":""},"categories":[20,128],"tags":[3413],"acf":[],"_links":{"self":[{"href":"https:\/\/smago.de\/ws2\/wp-json\/wp\/v2\/posts\/252217"}],"collection":[{"href":"https:\/\/smago.de\/ws2\/wp-json\/wp\/v2\/posts"}],"about":[{"href":"https:\/\/smago.de\/ws2\/wp-json\/wp\/v2\/types\/post"}],"author":[{"embeddable":true,"href":"https:\/\/smago.de\/ws2\/wp-json\/wp\/v2\/users\/2"}],"replies":[{"embeddable":true,"href":"https:\/\/smago.de\/ws2\/wp-json\/wp\/v2\/comments?post=252217"}],"version-history":[{"count":1,"href":"https:\/\/smago.de\/ws2\/wp-json\/wp\/v2\/posts\/252217\/revisions"}],"predecessor-version":[{"id":252219,"href":"https:\/\/smago.de\/ws2\/wp-json\/wp\/v2\/posts\/252217\/revisions\/252219"}],"wp:featuredmedia":[{"embeddable":true,"href":"https:\/\/smago.de\/ws2\/wp-json\/wp\/v2\/media\/252218"}],"wp:attachment":[{"href":"https:\/\/smago.de\/ws2\/wp-json\/wp\/v2\/media?parent=252217"}],"wp:term":[{"taxonomy":"category","embeddable":true,"href":"https:\/\/smago.de\/ws2\/wp-json\/wp\/v2\/categories?post=252217"},{"taxonomy":"post_tag","embeddable":true,"href":"https:\/\/smago.de\/ws2\/wp-json\/wp\/v2\/tags?post=252217"}],"curies":[{"name":"wp","href":"https:\/\/api.w.org\/{rel}","templated":true}]}}