{"id":252194,"date":"2025-12-09T13:54:00","date_gmt":"2025-12-09T12:54:00","guid":{"rendered":"https:\/\/smago.de\/ws2\/?p=252194"},"modified":"2025-12-09T13:54:00","modified_gmt":"2025-12-09T12:54:00","slug":"gut-aiderbichl-ballermann-ranch-mit-jedem-bier-retten-wir-ein-tier","status":"publish","type":"post","link":"https:\/\/smago.de\/ws2\/party-schlager\/gut-aiderbichl-ballermann-ranch-mit-jedem-bier-retten-wir-ein-tier\/","title":{"rendered":"GUT AIDERBICHL BALLERMANN\u00ae Ranch <br>\u201eMit jedem Bier retten wir ein Tier!\u201c"},"content":{"rendered":"<p style=\"text-align: justify;\">Weihnachtliche Vorfreude mal anders: Partymarke \u201eBallermann\u00ae\u201c und \u201eBallermann\u00ae Radio\u201c engagieren sich f\u00fcr Tiere in Not +++ Kooperation mit Gut Aiderbichl, der Heimat der geretteten Tiere, wird erweitert +++<!--more--><\/p>\n<p style=\"text-align: justify;\">\n<p style=\"text-align: justify;\">\n<p style=\"text-align: justify;\">\n<p style=\"font-weight: 400; text-align: justify;\">Inspiriert durch einen Mallorca-Urlaub in den 1990er Jahren sch\u00fctzte der damalige Jurastudent Andr\u00e9 Engelhardt die Bezeichnung \u201eBallermann\u00ae\u201c als Marke. Gemeinsam mit seiner Ehefrau Annette, die er ebenfalls auf Mallorca kennenlernte, bauten die Engelhardts um den Begriff Ballermann\u00ae\u00a0Deutschlands bekannteste Partymarke auf. Das Ehepaar Engelhardt vergibt seitdem Lizenzen f\u00fcr die Nutzung der Marke &#8222;Ballermann\u00ae&#8220; f\u00fcr eine Vielzahl von Produkten und Dienstleistungen, darunter Deutschlands beliebtesten Handwerkersender \u201eBallermann\u00ae Radio\u201c sowie Partys, Tontr\u00e4ger, TV-Shows, den Party-Oscar Ballermann\u00ae-Award u.v.m.<\/p>\n<p>Um die Marke zu sch\u00fctzen, f\u00fchrten die Engelhardts Hunderte von Prozessen gegen unlizensierte Nutzer und gewannen diese \u00fcberwiegend. Der Bundesgerichtshof best\u00e4tigte ihre Markenrechte im Jahr 2000.<\/p>\n<p style=\"font-weight: 400; text-align: justify;\">\n<p style=\"text-align: justify;\">\n<p style=\"text-align: justify;\">\n<p style=\"font-weight: 400; text-align: justify;\"><strong>Die Ballermann\u00aeRanch und Gut Aiderbichl<\/strong><\/p>\n<p style=\"text-align: justify;\">\n<p style=\"font-weight: 400; text-align: justify;\">Im Jahr 2011 gr\u00fcndeten Annette umd Andr\u00e9 Engelhardt in Niedersachsen die Ballermann\u00ae Ranch, die sie 2018 an die Tierschutzorganisation GUT AIDERBICHL verschenkten. Seither betreuen die Engelhardts dort ehrenamtlich gerettete Pferde, Esel und Ponys, die teils aus sehr schlechter Haltung stammen. Dorthin flie\u00dft auch ein Gro\u00dfteil der Einnahmen, die die Engelhardts aus ihren Ballermann\u00ae-Gesch\u00e4ften erzielen.<\/p>\n<p style=\"font-weight: 400; text-align: justify;\">\u201eTiere sind unser Leben\u201c, versichern die Ballermann\u00ae-Markenchefs und geben gemeinsam mit ihrem exklusiven Lizenzpartner BALLERMANNN\u00ae RADIO (bundesweit \u00fcber DAB+) eine Ausweitung der Zusammenarbeit mit den Tierrettern von GUT AIDERBICHL bekannt.<\/p>\n<p style=\"font-weight: 400; text-align: justify;\">Aktuell er\u00f6ffneten Engelhardts im Sommer 2025 das neue Gut Aiderbichl Katzenland in direkter Sichtweite der Ballermann\u00ae Ranch. Einem umfangreich umgebauten und sanierten Resthof, der auf 20.000 m<sup>2<\/sup> derzeit 45 Samtpfoten ein behagliches, gl\u00fcckliches F\u00fcr-Immer-Zuhause bietet.<\/p>\n<p style=\"font-weight: 400; text-align: justify;\">Unter dem bandneuen Markenslogan \u201eMit jedem Bier retten wir ein Tier!\u201c werden ab 2026 alle Markenaktivit\u00e4ten der Partymarke stehen. Dies gilt auch f\u00fcr die original Ballermann\u00ae-Partys, auf denen der neue Slogan Bekenntnis und Trinkspruch zugleich werden soll.<\/p>\n<p>\u201eWenn wir gemeinsam mit den vielen tausend Ballerm\u00e4nnern\u00a0und -frauen auf unseren Events immer wieder <strong>\u201eMit jedem Bier retten wir ein Tier!\u201c<\/strong> im Chor anstimmen, geben wir Tieren in Not eine \u00fcberaus bedeutende Stimme, die nicht unerh\u00f6rt bleibt und Gut Aiderbichl dabei unterst\u00fctzt, noch mehr Tieren helfen zu k\u00f6nnen,\u201c beschreibt Annette Engelhardt das erkl\u00e4rte Ziel der Ballermann\u00ae-Markenfamilie mit ihrem Medienpartner Ballermann\u00ae Radio.<\/p>\n<p>&nbsp;<\/p>\n<p>&nbsp;<\/p>\n<figure id=\"attachment_252195\" aria-describedby=\"caption-attachment-252195\" style=\"width: 800px\" class=\"wp-caption alignnone\"><img decoding=\"async\" loading=\"lazy\" class=\"size-large wp-image-252195\" src=\"https:\/\/smago.de\/ws2\/wp-content\/uploads\/2025\/12\/20251126_154147k3-800x384.jpg\" alt=\"\" width=\"800\" height=\"384\" srcset=\"https:\/\/smago.de\/ws2\/wp-content\/uploads\/2025\/12\/20251126_154147k3-800x384.jpg 800w, https:\/\/smago.de\/ws2\/wp-content\/uploads\/2025\/12\/20251126_154147k3-522x251.jpg 522w, https:\/\/smago.de\/ws2\/wp-content\/uploads\/2025\/12\/20251126_154147k3-292x140.jpg 292w, https:\/\/smago.de\/ws2\/wp-content\/uploads\/2025\/12\/20251126_154147k3-768x369.jpg 768w, https:\/\/smago.de\/ws2\/wp-content\/uploads\/2025\/12\/20251126_154147k3-1536x738.jpg 1536w, https:\/\/smago.de\/ws2\/wp-content\/uploads\/2025\/12\/20251126_154147k3-392x188.jpg 392w, https:\/\/smago.de\/ws2\/wp-content\/uploads\/2025\/12\/20251126_154147k3-130x62.jpg 130w, https:\/\/smago.de\/ws2\/wp-content\/uploads\/2025\/12\/20251126_154147k3-870x418.jpg 870w, https:\/\/smago.de\/ws2\/wp-content\/uploads\/2025\/12\/20251126_154147k3-435x209.jpg 435w, https:\/\/smago.de\/ws2\/wp-content\/uploads\/2025\/12\/20251126_154147k3.jpg 1695w\" sizes=\"(max-width: 800px) 100vw, 800px\" \/><figcaption id=\"caption-attachment-252195\" class=\"wp-caption-text\"><em>Foto-Credit: Ballermann\u00ae-Radio-Macher Klaus Drescher und Boris Lochthofen Schulter an Schulter mit Annette und Andr\u00e9 Engelhardt f\u00fcr die geretteten Tiere von Gut Aiderbichl<\/em><\/p>\n<p><em>\u00a9Gut Aiderbichl Ballermann\u00ae Ranch<\/em><\/figcaption><\/figure>\n<p>&nbsp;<\/p>\n<p>&nbsp;<\/p>\n<figure id=\"attachment_252196\" aria-describedby=\"caption-attachment-252196\" style=\"width: 800px\" class=\"wp-caption alignnone\"><img decoding=\"async\" loading=\"lazy\" class=\"size-large wp-image-252196\" src=\"https:\/\/smago.de\/ws2\/wp-content\/uploads\/2025\/12\/ADk-800x533.jpg\" alt=\"\" width=\"800\" height=\"533\" srcset=\"https:\/\/smago.de\/ws2\/wp-content\/uploads\/2025\/12\/ADk-800x533.jpg 800w, https:\/\/smago.de\/ws2\/wp-content\/uploads\/2025\/12\/ADk-522x348.jpg 522w, https:\/\/smago.de\/ws2\/wp-content\/uploads\/2025\/12\/ADk-225x150.jpg 225w, https:\/\/smago.de\/ws2\/wp-content\/uploads\/2025\/12\/ADk-768x512.jpg 768w, https:\/\/smago.de\/ws2\/wp-content\/uploads\/2025\/12\/ADk-1536x1024.jpg 1536w, https:\/\/smago.de\/ws2\/wp-content\/uploads\/2025\/12\/ADk-2048x1366.jpg 2048w, https:\/\/smago.de\/ws2\/wp-content\/uploads\/2025\/12\/ADk-392x261.jpg 392w, https:\/\/smago.de\/ws2\/wp-content\/uploads\/2025\/12\/ADk-130x87.jpg 130w, https:\/\/smago.de\/ws2\/wp-content\/uploads\/2025\/12\/ADk-667x445.jpg 667w, https:\/\/smago.de\/ws2\/wp-content\/uploads\/2025\/12\/ADk-783x522.jpg 783w, https:\/\/smago.de\/ws2\/wp-content\/uploads\/2025\/12\/ADk-285x190.jpg 285w, https:\/\/smago.de\/ws2\/wp-content\/uploads\/2025\/12\/ADk-435x290.jpg 435w, https:\/\/smago.de\/ws2\/wp-content\/uploads\/2025\/12\/ADk-150x100.jpg 150w, https:\/\/smago.de\/ws2\/wp-content\/uploads\/2025\/12\/ADk-370x247.jpg 370w\" sizes=\"(max-width: 800px) 100vw, 800px\" \/><figcaption id=\"caption-attachment-252196\" class=\"wp-caption-text\"><em>Andr\u00e9 Engelhardt (Ballermann\u00ae) und Dieter Ehrengruber (Vorstandschef Gut Aiderbichl): \u201eTiere sind unser Leben!\u201c<\/em><\/p>\n<p><em>\u00a9Gut Aiderbichl Ballermann\u00ae Ranch<\/em><\/figcaption><\/figure>\n","protected":false},"excerpt":{"rendered":"<p>Weihnachtliche Vorfreude mal anders: Partymarke \u201eBallermann\u00ae\u201c und \u201eBallermann\u00ae Radio\u201c engagieren sich f\u00fcr Tiere in Not +++ Kooperation mit Gut Aiderbichl,<\/p>\n","protected":false},"author":2,"featured_media":252195,"comment_status":"open","ping_status":"closed","sticky":false,"template":"","format":"standard","meta":{"_FSMCFIC_featured_image_caption":"","_FSMCFIC_featured_image_nocaption":"","_FSMCFIC_featured_image_hide":""},"categories":[26],"tags":[1136,2329],"acf":[],"_links":{"self":[{"href":"https:\/\/smago.de\/ws2\/wp-json\/wp\/v2\/posts\/252194"}],"collection":[{"href":"https:\/\/smago.de\/ws2\/wp-json\/wp\/v2\/posts"}],"about":[{"href":"https:\/\/smago.de\/ws2\/wp-json\/wp\/v2\/types\/post"}],"author":[{"embeddable":true,"href":"https:\/\/smago.de\/ws2\/wp-json\/wp\/v2\/users\/2"}],"replies":[{"embeddable":true,"href":"https:\/\/smago.de\/ws2\/wp-json\/wp\/v2\/comments?post=252194"}],"version-history":[{"count":1,"href":"https:\/\/smago.de\/ws2\/wp-json\/wp\/v2\/posts\/252194\/revisions"}],"predecessor-version":[{"id":252197,"href":"https:\/\/smago.de\/ws2\/wp-json\/wp\/v2\/posts\/252194\/revisions\/252197"}],"wp:featuredmedia":[{"embeddable":true,"href":"https:\/\/smago.de\/ws2\/wp-json\/wp\/v2\/media\/252195"}],"wp:attachment":[{"href":"https:\/\/smago.de\/ws2\/wp-json\/wp\/v2\/media?parent=252194"}],"wp:term":[{"taxonomy":"category","embeddable":true,"href":"https:\/\/smago.de\/ws2\/wp-json\/wp\/v2\/categories?post=252194"},{"taxonomy":"post_tag","embeddable":true,"href":"https:\/\/smago.de\/ws2\/wp-json\/wp\/v2\/tags?post=252194"}],"curies":[{"name":"wp","href":"https:\/\/api.w.org\/{rel}","templated":true}]}}