{"id":252184,"date":"2025-12-08T17:00:10","date_gmt":"2025-12-08T16:00:10","guid":{"rendered":"https:\/\/smago.de\/ws2\/?p=252184"},"modified":"2025-12-08T17:02:31","modified_gmt":"2025-12-08T16:02:31","slug":"uta-bresan-uta-bresan-kuendigt-tournee-musik-fuer-euch-an","status":"publish","type":"post","link":"https:\/\/smago.de\/ws2\/ost-schlager\/uta-bresan-uta-bresan-kuendigt-tournee-musik-fuer-euch-an\/","title":{"rendered":"UTA BRESAN <br>Uta Bresan k\u00fcndigt Tournee &#8222;Musik f\u00fcr Euch&#8220; an!"},"content":{"rendered":"<p>&#8222;Die Schlager-Show&#8220; wartet mit folgenden G\u00e4sten auf: Die Schlagerpiloten, Mitch Keller, Sunrise sowie Heiko Harig!<!--more--><\/p>\n<p>&nbsp;<\/p>\n<p>&nbsp;<\/p>\n<p>UTA BRESAN wartet mit tollen Neuigkeiten f\u00fcr ihre Fans auf &#8230;:<\/p>\n<p>&nbsp;<\/p>\n<div class=\"xdj266r x14z9mp xat24cr x1lziwak x1vvkbs x126k92a\">\n<div dir=\"auto\" style=\"text-align: justify;\"><em>Hallo meine Lieben,<\/em><\/div>\n<div dir=\"auto\" style=\"text-align: justify;\"><\/div>\n<div dir=\"auto\" style=\"text-align: justify;\"><\/div>\n<div dir=\"auto\" style=\"text-align: justify;\"><em>immer wieder werde ich auf \u201eMusik f\u00fcr Sie\u201c angesprochen- die Kult-MDR- Unterhaltungsshow, die ich 20 Jahre erfolgreich im MDR Fernsehen pr\u00e4sentieren durfte!<\/em><\/div>\n<div dir=\"auto\" style=\"text-align: justify;\"><\/div>\n<div dir=\"auto\" style=\"text-align: justify;\"><em>Und nun kommen wir 2026 direkt zu Euch &#8211; mit \u201eMusik f\u00fcr Euch\u201c! <span class=\"html-span xexx8yu xyri2b x18d9i69 x1c1uobl x1hl2dhg x16tdsg8 x1vvkbs x3nfvp2 x1j61x8r x1fcty0u xdj266r xat24cr xm2jcoa x1mpyi22 xxymvpz xlup9mm x1kky2od\"><img decoding=\"async\" loading=\"lazy\" class=\"xz74otr x15mokao x1ga7v0g x16uus16 xbiv7yw\" src=\"https:\/\/static.xx.fbcdn.net\/images\/emoji.php\/v9\/t6d\/2\/16\/1f600.png\" alt=\"&#x1f600;\" width=\"16\" height=\"16\" \/><\/span><span class=\"html-span xexx8yu xyri2b x18d9i69 x1c1uobl x1hl2dhg x16tdsg8 x1vvkbs x3nfvp2 x1j61x8r x1fcty0u xdj266r xat24cr xm2jcoa x1mpyi22 xxymvpz xlup9mm x1kky2od\"><img decoding=\"async\" loading=\"lazy\" class=\"xz74otr x15mokao x1ga7v0g x16uus16 xbiv7yw\" src=\"https:\/\/static.xx.fbcdn.net\/images\/emoji.php\/v9\/t2b\/2\/16\/1f389.png\" alt=\"&#x1f389;\" width=\"16\" height=\"16\" \/><\/span><span class=\"html-span xexx8yu xyri2b x18d9i69 x1c1uobl x1hl2dhg x16tdsg8 x1vvkbs x3nfvp2 x1j61x8r x1fcty0u xdj266r xat24cr xm2jcoa x1mpyi22 xxymvpz xlup9mm x1kky2od\"><img decoding=\"async\" loading=\"lazy\" class=\"xz74otr x15mokao x1ga7v0g x16uus16 xbiv7yw\" src=\"https:\/\/static.xx.fbcdn.net\/images\/emoji.php\/v9\/t66\/2\/16\/1f483.png\" alt=\"&#x1f483;\" width=\"16\" height=\"16\" \/><\/span><span class=\"html-span xexx8yu xyri2b x18d9i69 x1c1uobl x1hl2dhg x16tdsg8 x1vvkbs x3nfvp2 x1j61x8r x1fcty0u xdj266r xat24cr xm2jcoa x1mpyi22 xxymvpz xlup9mm x1kky2od\"><img decoding=\"async\" loading=\"lazy\" class=\"xz74otr x15mokao x1ga7v0g x16uus16 xbiv7yw\" src=\"https:\/\/static.xx.fbcdn.net\/images\/emoji.php\/v9\/t36\/2\/16\/1f57a.png\" alt=\"&#x1f57a;\" width=\"16\" height=\"16\" \/><\/span><span class=\"html-span xexx8yu xyri2b x18d9i69 x1c1uobl x1hl2dhg x16tdsg8 x1vvkbs x3nfvp2 x1j61x8r x1fcty0u xdj266r xat24cr xm2jcoa x1mpyi22 xxymvpz xlup9mm x1kky2od\"><img decoding=\"async\" loading=\"lazy\" class=\"xz74otr x15mokao x1ga7v0g x16uus16 xbiv7yw\" src=\"https:\/\/static.xx.fbcdn.net\/images\/emoji.php\/v9\/t1d\/2\/16\/1f3a4.png\" alt=\"&#x1f3a4;\" width=\"16\" height=\"16\" \/><\/span><span class=\"html-span xexx8yu xyri2b x18d9i69 x1c1uobl x1hl2dhg x16tdsg8 x1vvkbs x3nfvp2 x1j61x8r x1fcty0u xdj266r xat24cr xm2jcoa x1mpyi22 xxymvpz xlup9mm x1kky2od\"><img decoding=\"async\" loading=\"lazy\" class=\"xz74otr x15mokao x1ga7v0g x16uus16 xbiv7yw\" src=\"https:\/\/static.xx.fbcdn.net\/images\/emoji.php\/v9\/tbe\/2\/16\/1f3b6.png\" alt=\"&#x1f3b6;\" width=\"16\" height=\"16\" \/><\/span><span class=\"html-span xexx8yu xyri2b x18d9i69 x1c1uobl x1hl2dhg x16tdsg8 x1vvkbs x3nfvp2 x1j61x8r x1fcty0u xdj266r xat24cr xm2jcoa x1mpyi22 xxymvpz xlup9mm x1kky2od\"><img decoding=\"async\" loading=\"lazy\" class=\"xz74otr x15mokao x1ga7v0g x16uus16 xbiv7yw\" src=\"https:\/\/static.xx.fbcdn.net\/images\/emoji.php\/v9\/ted\/2\/16\/2764.png\" alt=\"&#x2764;&#xfe0f;\" width=\"16\" height=\"16\" \/><\/span><\/em><\/div>\n<div dir=\"auto\" style=\"text-align: justify;\"><\/div>\n<\/div>\n<div class=\"x14z9mp xat24cr x1lziwak x1vvkbs xtlvy1s x126k92a\" style=\"text-align: justify;\">\n<div dir=\"auto\"><em>Lasst uns gemeinsam die Musik und das Leben feiern und einfach Spa\u00df haben!<\/em><\/div>\n<div dir=\"auto\"><\/div>\n<div dir=\"auto\">\n<p><em>Lasst uns abheben mit den Schlagerpiloten, mit Mitch Keller, Sunrise sowie Heiko Harig!<\/em><\/p>\n<\/div>\n<div dir=\"auto\"><em>Tickets erhaltet Ihr <strong><a href=\"https:\/\/www.thomann-management.de\/veranstaltungen\/musik-fuer-euch-praesentiert-von-uta-bresan\/?fbclid=IwY2xjawOj1GFleHRuA2FlbQIxMABicmlkETFEVmRxcDRGemszZzFENlMxc3J0YwZhcHBfaWQQMjIyMDM5MTc4ODIwMDg5MgABHj6CeZSTfMX_qaAibqZSBr3AMDNfP3xgAT9zGGEuagRN2JpKw647z6-9XVpn_aem_stXYXBjknky8VdfESEc9Fg\">HIER &#8230;:<\/a><\/strong><\/em><\/div>\n<\/div>\n<div dir=\"auto\" style=\"text-align: justify;\"><\/div>\n<div dir=\"auto\" style=\"text-align: justify;\"><\/div>\n<div class=\"x14z9mp xat24cr x1lziwak x1vvkbs xtlvy1s x126k92a\" style=\"text-align: justify;\">\n<div dir=\"auto\">\n<p><em>Ich freu mich ganz doll auf Euch,<\/em><\/p>\n<\/div>\n<div dir=\"auto\"><em>Eure Uta <span class=\"html-span xexx8yu xyri2b x18d9i69 x1c1uobl x1hl2dhg x16tdsg8 x1vvkbs x3nfvp2 x1j61x8r x1fcty0u xdj266r xat24cr xm2jcoa x1mpyi22 xxymvpz xlup9mm x1kky2od\"><img decoding=\"async\" loading=\"lazy\" class=\"xz74otr x15mokao x1ga7v0g x16uus16 xbiv7yw\" src=\"https:\/\/static.xx.fbcdn.net\/images\/emoji.php\/v9\/t14\/2\/16\/1f618.png\" alt=\"&#x1f618;\" width=\"16\" height=\"16\" \/><\/span><span class=\"html-span xexx8yu xyri2b x18d9i69 x1c1uobl x1hl2dhg x16tdsg8 x1vvkbs x3nfvp2 x1j61x8r x1fcty0u xdj266r xat24cr xm2jcoa x1mpyi22 xxymvpz xlup9mm x1kky2od\"><img decoding=\"async\" loading=\"lazy\" class=\"xz74otr x15mokao x1ga7v0g x16uus16 xbiv7yw\" src=\"https:\/\/static.xx.fbcdn.net\/images\/emoji.php\/v9\/t14\/2\/16\/1f618.png\" alt=\"&#x1f618;\" width=\"16\" height=\"16\" \/><\/span><span class=\"html-span xexx8yu xyri2b x18d9i69 x1c1uobl x1hl2dhg x16tdsg8 x1vvkbs x3nfvp2 x1j61x8r x1fcty0u xdj266r xat24cr xm2jcoa x1mpyi22 xxymvpz xlup9mm x1kky2od\"><img decoding=\"async\" loading=\"lazy\" class=\"xz74otr x15mokao x1ga7v0g x16uus16 xbiv7yw\" src=\"https:\/\/static.xx.fbcdn.net\/images\/emoji.php\/v9\/t14\/2\/16\/1f618.png\" alt=\"&#x1f618;\" width=\"16\" height=\"16\" \/><\/span><\/em><\/div>\n<\/div>\n<div dir=\"auto\"><\/div>\n<div dir=\"auto\"><\/div>\n<div dir=\"auto\"><\/div>\n<div dir=\"auto\"><\/div>\n<div dir=\"auto\">***<\/div>\n<div dir=\"auto\"><\/div>\n<div dir=\"auto\"><\/div>\n<div dir=\"auto\"><\/div>\n<div dir=\"auto\">\n<p class=\"has-medium-font-size\"><strong>Die neue Live-Show \u2013 direkt in Eurer Stadt, direkt in Eurer Region!<\/strong><\/p>\n<p>&nbsp;<\/p>\n<p><em>pr\u00e4sentiert von ATeams und THOMANN Management\u00a0<\/em><\/p>\n<p>&nbsp;<\/p>\n<p>20 Jahre lang begeisterte Uta Bresan im MDR Fernsehen mit der erfolgreichen Unterhaltungsshow <strong>\u201eMusik f\u00fcr Sie\u201c<\/strong> ein Millionenpublikum und machte das Format zu einem echten Kultklassiker. Mit der gro\u00dfen Jubil\u00e4umssendung im Januar 2024 endete eine au\u00dfergew\u00f6hnliche TV-\u00c4ra \u2013 doch die musikalische Reise geht weiter!<\/p>\n<p style=\"text-align: justify;\">Denn jetzt hei\u00dft es: <strong>\u201eMusik f\u00fcr Euch\u201c \u2013 Uta Bresan live!<\/strong><\/p>\n<p style=\"text-align: justify;\">Anstatt die Musik nur auf den Bildschirmen zu erleben, bringt Uta Bresan das beliebte Erfolgskonzept endlich <strong>hautnah auf die B\u00fchne<\/strong>. Die beliebte Entertainerin kommt zu EUCH: in Eure Stadt, mitten in Eure Region \u2013 dorthin, wo Musik verbindet und Emotionen zu Hause sind.<\/p>\n<p style=\"text-align: justify;\">Das Publikum darf sich auf eine mitrei\u00dfende Liveshow voller Schlager, Humor und \u00dcberraschungen freuen! Mit dabei sind in unterschiedlichen Besetzungen K\u00fcnstler wie:<\/p>\n<\/div>\n<div dir=\"auto\" style=\"text-align: justify;\">\n<p>&#x2728; <strong>Die Schlagerpiloten<\/strong> \u2013 bereit zum musikalischen H\u00f6henflug<br \/>\n&#x2728; <strong>Mitch Keller<\/strong> \u2013 der charmante S\u00e4nger mit G\u00e4nsehaut-Momenten<br \/>\n&#x2728; <strong>Sunrise aus S\u00fcdtirol<\/strong> \u2013 die beliebte Formation mit Herz, Stimmung und alpinem Sound<br \/>\n&#x2728; <strong>Entertainer Heiko Harig<\/strong> \u2013 bei ihm bleibt garantiert kein Auge trocken<\/p>\n<\/div>\n<div dir=\"auto\">\n<p style=\"text-align: justify;\">Gemeinsam werden sie jeden Saal zum Kochen bringen und unvergessliche Momente schaffen. \u201eMusik f\u00fcr Euch\u201c ist ein Erlebnis f\u00fcr alle, die Schlager lieben, gute Unterhaltung sch\u00e4tzen und die N\u00e4he zu ihren K\u00fcnstlern genie\u00dfen.<\/p>\n<p style=\"text-align: justify;\"><strong>Ein Abend voller Emotionen, Hits, Lachen und vielen \u00dcberraschungen!<\/strong> Seien Sie dabei, wenn Uta Bresan und ihre G\u00e4ste zeigen, dass Musik mehr kann als unterhalten \u2013 sie verbindet!<\/p>\n<p style=\"text-align: justify;\">Ab sofort \u00f6ffnet sich der Vorhang f\u00fcr den Vorverkauf zur gro\u00dfen \u201e<strong>Musik f\u00fcr Euch\u201c \u2013 Uta Bresan live Tour <\/strong>\u2013 ein musikalisches Fest, das man sich nicht entgehen lassen sollte. Die Eintrittskarten sind \u00fcber <a href=\"http:\/\/www.eventim.de\/\"><strong>www.eventim.de<\/strong><\/a>, <a href=\"http:\/\/www.reservix.de\/\"><strong>www.reservix.de<\/strong><\/a>, <a href=\"http:\/\/www.schlagertickets.com\/\"><strong>www.schlagertickets.com<\/strong><\/a> sowie an allen bekannten Vorverkaufsstellen erh\u00e4ltlich. Sichern Sie sich jetzt Ihre Pl\u00e4tze und seien Sie dabei, wenn Uta Bresan mit ihren G\u00e4sten unvergessliche Abende in den sch\u00f6nsten Konzerts\u00e4len des Landes feiert.<\/p>\n<p>&nbsp;<\/p>\n<p style=\"text-align: justify;\"><strong>Bitte beachten Sie, dass nicht bei jeder Veranstaltung der Tournee immer alle K\u00fcnstler dabei sind. Informationen \u00fcber die K\u00fcnstlerbesetzung entnehmen Sie bitte <a href=\"https:\/\/www.thomann-management.de\/veranstaltungen\/musik-fuer-euch-praesentiert-von-uta-bresan\/?fbclid=IwY2xjawOj1GFleHRuA2FlbQIxMABicmlkETFEVmRxcDRGemszZzFENlMxc3J0YwZhcHBfaWQQMjIyMDM5MTc4ODIwMDg5MgABHj6CeZSTfMX_qaAibqZSBr3AMDNfP3xgAT9zGGEuagRN2JpKw647z6-9XVpn_aem_stXYXBjknky8VdfESEc9Fg\">unserer Homepage<\/a>.<\/strong><\/p>\n<\/div>\n<div class=\"x14z9mp xat24cr x1lziwak x1vvkbs xtlvy1s x126k92a\" style=\"text-align: justify;\"><\/div>\n<div><\/div>\n<div><\/div>\n<div><img decoding=\"async\" loading=\"lazy\" class=\"alignnone size-large wp-image-252187\" src=\"https:\/\/smago.de\/ws2\/wp-content\/uploads\/2025\/12\/bresan_tour26-800x800.jpeg\" alt=\"\" width=\"800\" height=\"800\" srcset=\"https:\/\/smago.de\/ws2\/wp-content\/uploads\/2025\/12\/bresan_tour26-800x800.jpeg 800w, https:\/\/smago.de\/ws2\/wp-content\/uploads\/2025\/12\/bresan_tour26-522x522.jpeg 522w, https:\/\/smago.de\/ws2\/wp-content\/uploads\/2025\/12\/bresan_tour26-150x150.jpeg 150w, https:\/\/smago.de\/ws2\/wp-content\/uploads\/2025\/12\/bresan_tour26-768x768.jpeg 768w, https:\/\/smago.de\/ws2\/wp-content\/uploads\/2025\/12\/bresan_tour26-272x272.jpeg 272w, https:\/\/smago.de\/ws2\/wp-content\/uploads\/2025\/12\/bresan_tour26-600x600.jpeg 600w, https:\/\/smago.de\/ws2\/wp-content\/uploads\/2025\/12\/bresan_tour26-130x130.jpeg 130w, https:\/\/smago.de\/ws2\/wp-content\/uploads\/2025\/12\/bresan_tour26-445x445.jpeg 445w, https:\/\/smago.de\/ws2\/wp-content\/uploads\/2025\/12\/bresan_tour26-190x190.jpeg 190w, https:\/\/smago.de\/ws2\/wp-content\/uploads\/2025\/12\/bresan_tour26-290x290.jpeg 290w, https:\/\/smago.de\/ws2\/wp-content\/uploads\/2025\/12\/bresan_tour26.jpeg 1000w\" sizes=\"(max-width: 800px) 100vw, 800px\" \/><\/div>\n","protected":false},"excerpt":{"rendered":"<p>&#8222;Die Schlager-Show&#8220; wartet mit folgenden G\u00e4sten auf: Die Schlagerpiloten, Mitch Keller, Sunrise sowie Heiko Harig!<\/p>\n","protected":false},"author":2,"featured_media":252185,"comment_status":"open","ping_status":"closed","sticky":false,"template":"","format":"standard","meta":{"_FSMCFIC_featured_image_caption":"","_FSMCFIC_featured_image_nocaption":"","_FSMCFIC_featured_image_hide":""},"categories":[25,39],"tags":[143],"acf":[],"_links":{"self":[{"href":"https:\/\/smago.de\/ws2\/wp-json\/wp\/v2\/posts\/252184"}],"collection":[{"href":"https:\/\/smago.de\/ws2\/wp-json\/wp\/v2\/posts"}],"about":[{"href":"https:\/\/smago.de\/ws2\/wp-json\/wp\/v2\/types\/post"}],"author":[{"embeddable":true,"href":"https:\/\/smago.de\/ws2\/wp-json\/wp\/v2\/users\/2"}],"replies":[{"embeddable":true,"href":"https:\/\/smago.de\/ws2\/wp-json\/wp\/v2\/comments?post=252184"}],"version-history":[{"count":3,"href":"https:\/\/smago.de\/ws2\/wp-json\/wp\/v2\/posts\/252184\/revisions"}],"predecessor-version":[{"id":252188,"href":"https:\/\/smago.de\/ws2\/wp-json\/wp\/v2\/posts\/252184\/revisions\/252188"}],"wp:featuredmedia":[{"embeddable":true,"href":"https:\/\/smago.de\/ws2\/wp-json\/wp\/v2\/media\/252185"}],"wp:attachment":[{"href":"https:\/\/smago.de\/ws2\/wp-json\/wp\/v2\/media?parent=252184"}],"wp:term":[{"taxonomy":"category","embeddable":true,"href":"https:\/\/smago.de\/ws2\/wp-json\/wp\/v2\/categories?post=252184"},{"taxonomy":"post_tag","embeddable":true,"href":"https:\/\/smago.de\/ws2\/wp-json\/wp\/v2\/tags?post=252184"}],"curies":[{"name":"wp","href":"https:\/\/api.w.org\/{rel}","templated":true}]}}