{"id":252161,"date":"2025-12-08T15:15:51","date_gmt":"2025-12-08T14:15:51","guid":{"rendered":"https:\/\/smago.de\/ws2\/?p=252161"},"modified":"2025-12-08T15:16:28","modified_gmt":"2025-12-08T14:16:28","slug":"anna-maria-zivkov-u-a-am-31-12-2025-in-der-zdf-show-silvester-in-concert-willkommen-2026-zu-gast","status":"publish","type":"post","link":"https:\/\/smago.de\/ws2\/pop-schlager\/anna-maria-zivkov-u-a-am-31-12-2025-in-der-zdf-show-silvester-in-concert-willkommen-2026-zu-gast\/","title":{"rendered":"ANNA-MARIA ZIVKOV u.a. <br>Am 31.12.2025 in der ZDF-Show &#8222;Silvester in Concert \u2013 Willkommen 2026&#8220; zu Gast!"},"content":{"rendered":"<p style=\"text-align: justify;\">Entertainer Oli P. f\u00fchrt neben Andrea Kiewel und Johnnes B. Kerner als Co-Gastgeber durch die Sendung!<br \/>\n<!--more--><\/p>\n<p>&nbsp;<\/p>\n<p>&nbsp;<\/p>\n<p>&nbsp;<\/p>\n<p style=\"text-align: justify;\"><span style=\"color: #000000;\">Neben Stars wie Johannes Oerding, Wanda und Blue wird auch Senkrechtstarterin ANNA-MARIA ZIVKOV\u00a0bei der TV-Sendung \u201eSilvester in Concert \u2013 Willkommen 2026\u201c, die live vom Chicagokai in der HafenCity im ZDF \u00fcbertragen wird, auftreten. Entertainer Oli P. f\u00fchrt neben Andrea Kiewel und Johnnes B. Kerner als Co-Gastgeber durch die Sendung.\u00a0<\/span><\/p>\n<div style=\"text-align: justify;\">\n<div>\n<p><span style=\"color: #000000;\">Das ZDF \u00fcbertr\u00e4gt die Show ab 20:15 Uhr live.<\/span><\/p>\n<p>Anna-Maria Zivkov kann darauf verweisen, dass Kerstin Outt erstmalig einen Song f\u00fcr eine andere K\u00fcnstlerin, n\u00e4mlich F\u00dcR SIE, geschrieben hat.<\/p>\n<p>Kerstin Ott hierzu:\u00a0\u201eAnna-Maria und ich haben denselben Manager, er hat uns miteinander bekannt gemacht. Anna-Maria hat eine tolle, wiedererkennbare Stimme, Pers\u00f6nlichkeit, ist sehr liebensw\u00fcrdig und flei\u00dfig.\u201c<\/p>\n<\/div>\n<\/div>\n<p style=\"text-align: justify;\">\n","protected":false},"excerpt":{"rendered":"<p>Entertainer Oli P. f\u00fchrt neben Andrea Kiewel und Johnnes B. Kerner als Co-Gastgeber durch die Sendung!<\/p>\n","protected":false},"author":2,"featured_media":252162,"comment_status":"open","ping_status":"closed","sticky":false,"template":"","format":"standard","meta":{"_FSMCFIC_featured_image_caption":"","_FSMCFIC_featured_image_nocaption":"","_FSMCFIC_featured_image_hide":""},"categories":[28,128],"tags":[3664],"acf":[],"_links":{"self":[{"href":"https:\/\/smago.de\/ws2\/wp-json\/wp\/v2\/posts\/252161"}],"collection":[{"href":"https:\/\/smago.de\/ws2\/wp-json\/wp\/v2\/posts"}],"about":[{"href":"https:\/\/smago.de\/ws2\/wp-json\/wp\/v2\/types\/post"}],"author":[{"embeddable":true,"href":"https:\/\/smago.de\/ws2\/wp-json\/wp\/v2\/users\/2"}],"replies":[{"embeddable":true,"href":"https:\/\/smago.de\/ws2\/wp-json\/wp\/v2\/comments?post=252161"}],"version-history":[{"count":2,"href":"https:\/\/smago.de\/ws2\/wp-json\/wp\/v2\/posts\/252161\/revisions"}],"predecessor-version":[{"id":252164,"href":"https:\/\/smago.de\/ws2\/wp-json\/wp\/v2\/posts\/252161\/revisions\/252164"}],"wp:featuredmedia":[{"embeddable":true,"href":"https:\/\/smago.de\/ws2\/wp-json\/wp\/v2\/media\/252162"}],"wp:attachment":[{"href":"https:\/\/smago.de\/ws2\/wp-json\/wp\/v2\/media?parent=252161"}],"wp:term":[{"taxonomy":"category","embeddable":true,"href":"https:\/\/smago.de\/ws2\/wp-json\/wp\/v2\/categories?post=252161"},{"taxonomy":"post_tag","embeddable":true,"href":"https:\/\/smago.de\/ws2\/wp-json\/wp\/v2\/tags?post=252161"}],"curies":[{"name":"wp","href":"https:\/\/api.w.org\/{rel}","templated":true}]}}