{"id":252120,"date":"2025-12-07T13:14:13","date_gmt":"2025-12-07T12:14:13","guid":{"rendered":"https:\/\/smago.de\/ws2\/?p=252120"},"modified":"2025-12-07T14:00:58","modified_gmt":"2025-12-07T13:00:58","slug":"michael-hirte-reiner-kirsten-jetzt-erhaeltlich-der-junge-mit-der-mundharmonika-weihnachts-version","status":"publish","type":"post","link":"https:\/\/smago.de\/ws2\/schlager\/michael-hirte-reiner-kirsten-jetzt-erhaeltlich-der-junge-mit-der-mundharmonika-weihnachts-version\/","title":{"rendered":"MICHAEL HIRTE &#038; REINER KIRSTEN <br>Jetzt erh\u00e4ltlich: &#8222;Der Junge mit der Mundharmonika (Weihnachts-Version)&#8220;!"},"content":{"rendered":"<p style=\"text-align: justify;\">Diese Interpretation ist wunderbar ruhig, stimmungsvoll und voller Gef\u00fchl \u2013 ein musikalischer Moment, der ber\u00fchrt und zum Innehalten einl\u00e4dt!<!--more--><\/p>\n<p>&nbsp;<\/p>\n<p>&nbsp;<\/p>\n<p>&nbsp;<\/p>\n<p style=\"text-align: justify;\">Eine der ber\u00fchrendsten deutschen Schlagerballaden erstrahlt in neuer, gef\u00fchlvoller Sch\u00f6nheit! Der Originaltitel stammt aus dem Jahr 1973 und wurde damals von Bernd Cl\u00fcver zu einem unvergesslichen Klassiker gemacht.<\/p>\n<p style=\"text-align: justify;\">In dieser besonderen Version lassen MICHAEL HIRTE &amp; REINER KIRSTEN das Lied in einem v\u00f6llig neuen Glanz erstrahlen:<\/p>\n<p style=\"text-align: justify;\">Michael Hirte, der \u201eMann mit der Mundharmonika\u201c, begleitet ihn mit seinem unverwechselbaren, sanften Spiel \u2013 ein Klang, der direkt ins Herz geht.<\/p>\n<p style=\"text-align: justify;\">Reiner Kirsten verleiht dem Song mit seiner warmen Stimme und seiner besonderen Ausstrahlung neue emotionale Tiefe.<\/p>\n<p style=\"text-align: justify;\">Diese Interpretation ist wunderbar ruhig, stimmungsvoll und voller Gef\u00fchl \u2013 ein musikalischer Moment, der ber\u00fchrt und zum Innehalten einl\u00e4dt.<\/p>\n<p>&nbsp;<\/p>\n<p><img decoding=\"async\" loading=\"lazy\" class=\"alignnone size-large wp-image-252122\" src=\"https:\/\/smago.de\/ws2\/wp-content\/uploads\/2025\/12\/1191083-BK-Reiner-Kirsten-Michael-Hirte-Der-Junge-mit-der-Mundharmonika2-800x800.jpg\" alt=\"\" width=\"800\" height=\"800\" srcset=\"https:\/\/smago.de\/ws2\/wp-content\/uploads\/2025\/12\/1191083-BK-Reiner-Kirsten-Michael-Hirte-Der-Junge-mit-der-Mundharmonika2-800x800.jpg 800w, https:\/\/smago.de\/ws2\/wp-content\/uploads\/2025\/12\/1191083-BK-Reiner-Kirsten-Michael-Hirte-Der-Junge-mit-der-Mundharmonika2-522x522.jpg 522w, https:\/\/smago.de\/ws2\/wp-content\/uploads\/2025\/12\/1191083-BK-Reiner-Kirsten-Michael-Hirte-Der-Junge-mit-der-Mundharmonika2-150x150.jpg 150w, https:\/\/smago.de\/ws2\/wp-content\/uploads\/2025\/12\/1191083-BK-Reiner-Kirsten-Michael-Hirte-Der-Junge-mit-der-Mundharmonika2-768x768.jpg 768w, https:\/\/smago.de\/ws2\/wp-content\/uploads\/2025\/12\/1191083-BK-Reiner-Kirsten-Michael-Hirte-Der-Junge-mit-der-Mundharmonika2-272x272.jpg 272w, https:\/\/smago.de\/ws2\/wp-content\/uploads\/2025\/12\/1191083-BK-Reiner-Kirsten-Michael-Hirte-Der-Junge-mit-der-Mundharmonika2-600x600.jpg 600w, https:\/\/smago.de\/ws2\/wp-content\/uploads\/2025\/12\/1191083-BK-Reiner-Kirsten-Michael-Hirte-Der-Junge-mit-der-Mundharmonika2-130x130.jpg 130w, https:\/\/smago.de\/ws2\/wp-content\/uploads\/2025\/12\/1191083-BK-Reiner-Kirsten-Michael-Hirte-Der-Junge-mit-der-Mundharmonika2-445x445.jpg 445w, https:\/\/smago.de\/ws2\/wp-content\/uploads\/2025\/12\/1191083-BK-Reiner-Kirsten-Michael-Hirte-Der-Junge-mit-der-Mundharmonika2-190x190.jpg 190w, https:\/\/smago.de\/ws2\/wp-content\/uploads\/2025\/12\/1191083-BK-Reiner-Kirsten-Michael-Hirte-Der-Junge-mit-der-Mundharmonika2-290x290.jpg 290w, https:\/\/smago.de\/ws2\/wp-content\/uploads\/2025\/12\/1191083-BK-Reiner-Kirsten-Michael-Hirte-Der-Junge-mit-der-Mundharmonika2.jpg 1417w\" sizes=\"(max-width: 800px) 100vw, 800px\" \/><\/p>\n","protected":false},"excerpt":{"rendered":"<p>Diese Interpretation ist wunderbar ruhig, stimmungsvoll und voller Gef\u00fchl \u2013 ein musikalischer Moment, der ber\u00fchrt und zum Innehalten einl\u00e4dt!<\/p>\n","protected":false},"author":2,"featured_media":252121,"comment_status":"open","ping_status":"closed","sticky":false,"template":"","format":"standard","meta":{"_FSMCFIC_featured_image_caption":"","_FSMCFIC_featured_image_nocaption":"","_FSMCFIC_featured_image_hide":""},"categories":[38,29],"tags":[4853],"acf":[],"_links":{"self":[{"href":"https:\/\/smago.de\/ws2\/wp-json\/wp\/v2\/posts\/252120"}],"collection":[{"href":"https:\/\/smago.de\/ws2\/wp-json\/wp\/v2\/posts"}],"about":[{"href":"https:\/\/smago.de\/ws2\/wp-json\/wp\/v2\/types\/post"}],"author":[{"embeddable":true,"href":"https:\/\/smago.de\/ws2\/wp-json\/wp\/v2\/users\/2"}],"replies":[{"embeddable":true,"href":"https:\/\/smago.de\/ws2\/wp-json\/wp\/v2\/comments?post=252120"}],"version-history":[{"count":2,"href":"https:\/\/smago.de\/ws2\/wp-json\/wp\/v2\/posts\/252120\/revisions"}],"predecessor-version":[{"id":252133,"href":"https:\/\/smago.de\/ws2\/wp-json\/wp\/v2\/posts\/252120\/revisions\/252133"}],"wp:featuredmedia":[{"embeddable":true,"href":"https:\/\/smago.de\/ws2\/wp-json\/wp\/v2\/media\/252121"}],"wp:attachment":[{"href":"https:\/\/smago.de\/ws2\/wp-json\/wp\/v2\/media?parent=252120"}],"wp:term":[{"taxonomy":"category","embeddable":true,"href":"https:\/\/smago.de\/ws2\/wp-json\/wp\/v2\/categories?post=252120"},{"taxonomy":"post_tag","embeddable":true,"href":"https:\/\/smago.de\/ws2\/wp-json\/wp\/v2\/tags?post=252120"}],"curies":[{"name":"wp","href":"https:\/\/api.w.org\/{rel}","templated":true}]}}