{"id":252112,"date":"2025-12-07T09:58:35","date_gmt":"2025-12-07T08:58:35","guid":{"rendered":"https:\/\/smago.de\/ws2\/?p=252112"},"modified":"2025-12-07T13:06:40","modified_gmt":"2025-12-07T12:06:40","slug":"thomas-gottschalk-guenther-jauch-barbara-schoeneberger-doppelter-primetime-sieg-bei-14-59-und-14-49-fuer-denn-sie-wissen-nicht-was-passiert","status":"publish","type":"post","link":"https:\/\/smago.de\/ws2\/smago-informiert\/thomas-gottschalk-guenther-jauch-barbara-schoeneberger-doppelter-primetime-sieg-bei-14-59-und-14-49-fuer-denn-sie-wissen-nicht-was-passiert\/","title":{"rendered":"THOMAS GOTTSCHALK \u2013 G\u00dcNTHER JAUCH \u2013 BARBARA SCH\u00d6NEBERGER <br>Doppelter Primetime-Sieg bei 14- 59 und 14-49 f\u00fcr &#8222;Denn Sie wissen nicht, was passiert\u201c!"},"content":{"rendered":"<p style=\"text-align: justify;\">Emotionaler Abschied von Jauch, Gottschalk und Sch\u00f6neberger!<!--more--><\/p>\n<p>&nbsp;<\/p>\n<p>&nbsp;<\/p>\n<p>&nbsp;<\/p>\n<p style=\"text-align: justify;\">Goodbye G\u00fcnther Jauch, Thomas Gottschalk und Barbara Sch\u00f6neberger! Am gestrigen Samstag feierte &#8222;Denn sie wissen nicht, was passiert&#8220; einen sehr erfolgreichen Abend bei RTL. Die letzte Ausgabe mit dem langj\u00e4hrigen Entertainment-Trio G\u00fcnther Jauch, Thomas Gottschalk und Barbara Sch\u00f6neberger begeisterte ab 20:15 Uhr das Publikum und sicherte sich mit starken 15,3 Prozent Marktanteil bei den 14- bis 59-J\u00e4hrigen sowie hervorragenden 16,7 Prozent Marktanteil bei den 14- bis 49-j\u00e4hrigen Zuschauern den doppelten Primetime-Sieg. Durchschnittlich 2,42 Millionen Zuschauer ab 3 Jahren (MA: 14,0\u202fProzent) sahen die spa\u00dfige Spielshow. In der Spitze waren bis zu 3,38 Millionen Zuschauer dabei.<\/p>\n<p style=\"text-align: justify;\">Mit einem Tagesmarktanteil von 11,7 Prozent bei den 14- bis 59-j\u00e4hrigen Zuschauern und 11,8 Prozent bei den 14- bis 49-J\u00e4hrigen lag RTL am Samstag klar vor allen anderen Sendern.<\/p>\n<p style=\"text-align: justify;\">Es war ein Abend der Abschiede: Ein letztes Mal traten G\u00fcnther Jauch, Thomas Gottschalk und Barbara Sch\u00f6neberger bei \u201eDenn sie wissen nicht, was passiert\u201c gemeinsam an und f\u00fcr Thomas Gottschalk war es der Abschied in die TV-Rente. In einer kurzweiligen und unterhaltsamen Show nahmen zahlreiche prominente \u00dcberraschungsg\u00e4ste Abschied von den drei Entertainment-Legenden. Die Moderatoren J\u00f6rg Pilawa, Giovanni Zarrella und Katja Burkard sowie Komiker Mike Kr\u00fcger sorgten bei lustigen Spielen f\u00fcr ausgelassene Stimmung im Studio. Die K\u00f6lsche Kult-Band Kasalla war f\u00fcr die Musik verantwortlich. In einem intimen und pers\u00f6nlichen Talk mit seinem Freund G\u00fcnther Jauch lie\u00df Gottschalk die bewegenden Ereignisse der vergangenen Wochen noch mal Revue passieren. Mike Kr\u00fcger performte eine auf Thomas Gottschalk umgetextete Version seines Superhits \u201cMein Gott, Walther\u201c und daraufhin gab es Standing Ovations im Studio. Ein sichtlich ger\u00fchrter Thomas Gottschalk verabschiedete sich mit den Kl\u00e4ngen von Status Quos \u201cRockin\u2019 All over the World\u201c aus der Show und von der Samstagabendunterhaltung. Ein emotionaler und bewegender Moment f\u00fcr alle Beteiligten. F\u00fcr alle anderen Prominenten ging es im Anschluss mit am\u00fcsanten Spielen weiter bis zum gro\u00dfen Finale, das Barbara Sch\u00f6neberger und G\u00fcnther Jauch f\u00fcr sich entscheiden konnten.<\/p>\n<p style=\"text-align: justify;\">N\u00e4chste Woche Samstag, 13.12.2025, um 20:15 Uhr, folgt bei RTL und auf RTL+ eine weitere Ausgabe von &#8222;Denn sie wissen nicht, was passiert&#8220; mit dem Start in eine neue Fernseh-\u00c4ra. In der Show mit dabei: Jana Ina und Giovanni Zarrella sowie weitere \u00dcberraschungsg\u00e4ste.<\/p>\n<p>&nbsp;<\/p>\n<p>&nbsp;<\/p>\n<p style=\"text-align: justify;\"><em>Quelle: AGF \/ GfK \/ DAP AGF SCOPE \/ RTL DATA \/ vorl. gew. \/ Stand: 07.12.2025<\/em><\/p>\n<p>&nbsp;<\/p>\n<p>&nbsp;<\/p>\n<figure id=\"attachment_252113\" aria-describedby=\"caption-attachment-252113\" style=\"width: 800px\" class=\"wp-caption alignnone\"><img decoding=\"async\" loading=\"lazy\" class=\"size-large wp-image-252113\" src=\"https:\/\/smago.de\/ws2\/wp-content\/uploads\/2025\/12\/B0C0E-3-800x450.jpg\" alt=\"\" width=\"800\" height=\"450\" srcset=\"https:\/\/smago.de\/ws2\/wp-content\/uploads\/2025\/12\/B0C0E-3-800x450.jpg 800w, https:\/\/smago.de\/ws2\/wp-content\/uploads\/2025\/12\/B0C0E-3-522x294.jpg 522w, https:\/\/smago.de\/ws2\/wp-content\/uploads\/2025\/12\/B0C0E-3-267x150.jpg 267w, https:\/\/smago.de\/ws2\/wp-content\/uploads\/2025\/12\/B0C0E-3-768x432.jpg 768w, https:\/\/smago.de\/ws2\/wp-content\/uploads\/2025\/12\/B0C0E-3-1536x864.jpg 1536w, https:\/\/smago.de\/ws2\/wp-content\/uploads\/2025\/12\/B0C0E-3-2048x1152.jpg 2048w, https:\/\/smago.de\/ws2\/wp-content\/uploads\/2025\/12\/B0C0E-3-392x221.jpg 392w, https:\/\/smago.de\/ws2\/wp-content\/uploads\/2025\/12\/B0C0E-3-130x73.jpg 130w, https:\/\/smago.de\/ws2\/wp-content\/uploads\/2025\/12\/B0C0E-3-791x445.jpg 791w, https:\/\/smago.de\/ws2\/wp-content\/uploads\/2025\/12\/B0C0E-3-870x489.jpg 870w, https:\/\/smago.de\/ws2\/wp-content\/uploads\/2025\/12\/B0C0E-3-292x164.jpg 292w, https:\/\/smago.de\/ws2\/wp-content\/uploads\/2025\/12\/B0C0E-3-435x245.jpg 435w, https:\/\/smago.de\/ws2\/wp-content\/uploads\/2025\/12\/B0C0E-3-895x503.jpg 895w\" sizes=\"(max-width: 800px) 100vw, 800px\" \/><figcaption id=\"caption-attachment-252113\" class=\"wp-caption-text\"><em>Der letzte gemeinsame Auftritt bei &#8222;Denn sie wissen nicht, was passiert&#8220;: Barbara Sch\u00f6neberger, Thomas Gottschalk, G\u00fcnther Jauch (v.li.).<\/em><\/p>\n<p><em>Foto-Credit: RTL \/ Julia Feldhagen<\/em><\/p>\n<p><em>Bitte beachten Sie auch <strong><a href=\"http:\/\/www.rtlplus.de\">RTL+<\/a><\/strong>!<\/em><\/figcaption><\/figure>\n","protected":false},"excerpt":{"rendered":"<p>Emotionaler Abschied von Jauch, Gottschalk und Sch\u00f6neberger!<\/p>\n","protected":false},"author":2,"featured_media":252113,"comment_status":"open","ping_status":"closed","sticky":false,"template":"","format":"standard","meta":{"_FSMCFIC_featured_image_caption":"","_FSMCFIC_featured_image_nocaption":"","_FSMCFIC_featured_image_hide":""},"categories":[33,128],"tags":[],"acf":[],"_links":{"self":[{"href":"https:\/\/smago.de\/ws2\/wp-json\/wp\/v2\/posts\/252112"}],"collection":[{"href":"https:\/\/smago.de\/ws2\/wp-json\/wp\/v2\/posts"}],"about":[{"href":"https:\/\/smago.de\/ws2\/wp-json\/wp\/v2\/types\/post"}],"author":[{"embeddable":true,"href":"https:\/\/smago.de\/ws2\/wp-json\/wp\/v2\/users\/2"}],"replies":[{"embeddable":true,"href":"https:\/\/smago.de\/ws2\/wp-json\/wp\/v2\/comments?post=252112"}],"version-history":[{"count":2,"href":"https:\/\/smago.de\/ws2\/wp-json\/wp\/v2\/posts\/252112\/revisions"}],"predecessor-version":[{"id":252119,"href":"https:\/\/smago.de\/ws2\/wp-json\/wp\/v2\/posts\/252112\/revisions\/252119"}],"wp:featuredmedia":[{"embeddable":true,"href":"https:\/\/smago.de\/ws2\/wp-json\/wp\/v2\/media\/252113"}],"wp:attachment":[{"href":"https:\/\/smago.de\/ws2\/wp-json\/wp\/v2\/media?parent=252112"}],"wp:term":[{"taxonomy":"category","embeddable":true,"href":"https:\/\/smago.de\/ws2\/wp-json\/wp\/v2\/categories?post=252112"},{"taxonomy":"post_tag","embeddable":true,"href":"https:\/\/smago.de\/ws2\/wp-json\/wp\/v2\/tags?post=252112"}],"curies":[{"name":"wp","href":"https:\/\/api.w.org\/{rel}","templated":true}]}}