{"id":252109,"date":"2025-12-07T02:49:31","date_gmt":"2025-12-07T01:49:31","guid":{"rendered":"https:\/\/smago.de\/ws2\/?p=252109"},"modified":"2025-12-07T02:49:31","modified_gmt":"2025-12-07T01:49:31","slug":"lothar-boehler-warum-die-klingende-bergweihnacht-fuer-mich-etwas-ganz-besonderes-ist","status":"publish","type":"post","link":"https:\/\/smago.de\/ws2\/schlager\/lothar-boehler-warum-die-klingende-bergweihnacht-fuer-mich-etwas-ganz-besonderes-ist\/","title":{"rendered":"LOTHAR B\u00d6HLER <br>\u201eWarum die &#8218;Klingende Bergweihnacht&#8216; f\u00fcr mich etwas ganz Besonderes ist&#8220;:"},"content":{"rendered":"<p style=\"font-weight: 400;\"><strong>Ein pers\u00f6nlicher Bericht von Tourneeproduzent Lothar B\u00f6hler<\/strong><\/p>\n<p style=\"font-weight: 400;\"><!--more--><\/p>\n<p>&nbsp;<\/p>\n<p>&nbsp;<\/p>\n<p>&nbsp;<\/p>\n<p>&nbsp;<\/p>\n<p style=\"font-weight: 400; text-align: justify;\"><em>Wenn eine Tournee bereits am ersten Wochenende sp\u00fcrbar macht, warum sie seit Jahren zu den <strong>erfolgreichsten, emotionalsten und qualitativ st\u00e4rksten Weihnachtsrevuen<\/strong> im deutschsprachigen Raum z\u00e4hlt, dann wei\u00df ich: All die Monate Vorbereitung, Proben, Gespr\u00e4che und Entscheidungen haben sich gelohnt.<\/em><\/p>\n<p style=\"font-weight: 400; text-align: justify;\"><em>Die <strong>Klingende Bergweihnacht<\/strong> ist f\u00fcr mich kein Projekt, das ich \u201ebegleite\u201c \u2013 <\/em><em>sie ist eine Idee, die vor 18 Jahren <strong>in meinem Kopf entstanden<\/strong> ist.<\/em><\/p>\n<p style=\"font-weight: 400; text-align: justify;\"><em>Ich habe das Konzept entwickelt, geformt und bis heute in allen Details weitergef\u00fchrt: <\/em><em>von der <strong>K\u00fcnstlerauswahl<\/strong>, \u00fcber die <strong>Technik<\/strong>, das <strong>B\u00fchnenbild<\/strong>, bis hin zur <strong>dramaturgischen Struktur und jedem \u00dcbergang<\/strong>.<br \/>\n<\/em><br \/>\n<em>Diese Revue tr\u00e4gt seit dem ersten Tag meine Handschrift.<\/em><\/p>\n<p style=\"font-weight: 400; text-align: justify;\"><em>Und trotzdem gibt es Momente, die selbst mich nach all den Jahren tief ber\u00fchren.<\/em><\/p>\n<p style=\"font-weight: 400; text-align: justify;\">\n<p>&nbsp;<\/p>\n<p>&nbsp;<\/p>\n<p style=\"font-weight: 400; text-align: justify;\"><em><strong>Was diese Tournee f\u00fcr mich ausmacht<\/strong><\/em><\/p>\n<p>&nbsp;<\/p>\n<p style=\"font-weight: 400; text-align: justify;\"><em>Die Bergweihnacht ist kein \u201eSong an Song\u201c-Programm, kein Nummernblock, kein Playback-Abend.<\/em><br \/>\n<em>Sie ist eine <strong>Revue<\/strong>, eine erz\u00e4hlte musikalische Geschichte \u2013 mit Herz, Tiefe und einer Dramaturgie, die man im deutschsprachigen Schlagerbereich nicht oft findet.<\/em><\/p>\n<p style=\"font-weight: 400; text-align: justify;\">\n<p>&nbsp;<\/p>\n<p style=\"font-weight: 400; text-align: justify;\"><em><strong>Das Ensemble 2025 \u2013 vier Pers\u00f6nlichkeiten, ein gemeinsamer Klang<\/strong><\/em><\/p>\n<p>&nbsp;<\/p>\n<p style=\"font-weight: 400; text-align: justify;\"><em>F\u00fcr mich ist jedes Jahr ein Gesamtkunstwerk \u2013 und das gelingt nur, wenn die K\u00fcnstler <strong>miteinander, nicht nebeneinander<\/strong> arbeiten.<\/em><\/p>\n<p>&nbsp;<\/p>\n<p>&nbsp;<\/p>\n<p style=\"font-weight: 400; text-align: justify;\"><em><strong>Stefan Mross<\/strong><\/em><\/p>\n<p style=\"font-weight: 400; text-align: justify;\"><em><br \/>\nStefan ber\u00fchrt das Publikum wie kaum ein anderer.<\/em><br \/>\n<em><br \/>\nWenn er seine pers\u00f6nliche Weihnachtsgeschichte am Lagerfeuer vorliest, dann h\u00f6rt der ganze Saal zu.<\/em><br \/>\n<em><br \/>\nMan kann die ber\u00fchmte Stecknadel fallen h\u00f6ren.<\/em><br \/>\n<em><br \/>\nDas ist echte N\u00e4he \u2013 und genau daf\u00fcr lieben ihn die Menschen.<\/em><\/p>\n<p>&nbsp;<\/p>\n<p>&nbsp;<\/p>\n<p>&nbsp;<\/p>\n<p style=\"font-weight: 400; text-align: justify;\"><em><strong>Alexandra Hofmann<\/strong><\/em><\/p>\n<p>&nbsp;<\/p>\n<p style=\"font-weight: 400; text-align: justify;\"><em>\u00dcber <strong>30 Jahre B\u00fchnenerfahrung<\/strong> \u2013 und man sp\u00fcrt es in jeder Sekunde.<\/em><br \/>\n<em><br \/>\nPr\u00e4zise, kraftvoll, kreativ und trotzdem voller Gef\u00fchl.<\/em><br \/>\n<em><br \/>\nAlexandra \u00fcberl\u00e4sst nichts dem Zufall. Jede Note, jeder Einsatz sitzt.<\/em><\/p>\n<p>&nbsp;<\/p>\n<p>&nbsp;<\/p>\n<p style=\"font-weight: 400; text-align: justify;\"><em><strong>Trenkwalder<\/strong><\/em><\/p>\n<p style=\"font-weight: 400; text-align: justify;\"><em><br \/>\nSie bringen jene Echtheit mit, die man nicht inszenieren kann.<\/em><br \/>\n<em><br \/>\nTiroler Herzblut, Tradition und eine W\u00e4rme, die sofort ankommt.<\/em><br \/>\n<em><br \/>\nWenn ihre Ankl\u00f6pfellieder nahtlos in ihr Tiroler Liebeslied \u00fcbergehen \u2013 und das Publikum beides gleicherma\u00dfen mitnimmt \u2013, entsteht ein Zauber, den es <strong>nur<\/strong> bei der Bergweihnacht gibt.<\/em><\/p>\n<p>&nbsp;<\/p>\n<p>&nbsp;<\/p>\n<p>&nbsp;<\/p>\n<p style=\"font-weight: 400; text-align: justify;\"><em><strong>Nadin Meypo<\/strong><\/em><\/p>\n<p>&nbsp;<\/p>\n<p style=\"font-weight: 400; text-align: justify;\"><em>Nadin ist die <strong>Stimme und das emotionale Zentrum<\/strong> dieser Revue.<\/em><br \/>\n<em><br \/>\nSie verbindet das gesamte Programm, f\u00fchrt durch den Abend, schafft Atmosph\u00e4re \u2013 und begeistert mit einer Stimme, die weit \u00fcber das Genre hinausreicht.<\/em><br \/>\n<em><br \/>\nSie singt Songs, die man auf einer typischen Schlagerb\u00fchne nicht erwarten w\u00fcrde, und gewinnt damit jedes Publikum.<\/em><br \/>\n<em><br \/>\nMit ihrer Herzlichkeit, ihrem Lachen und ihrer Authentizit\u00e4t gibt sie der Bergweihnacht ihr Gesicht.<\/em><\/p>\n<p style=\"font-weight: 400; text-align: justify;\">\n<p>&nbsp;<\/p>\n<p>&nbsp;<\/p>\n<p style=\"font-weight: 400; text-align: justify;\"><em><strong>Eine pers\u00f6nliche Anmerkung zum Thema Pr\u00e4zision<\/strong><\/em><\/p>\n<p>&nbsp;<\/p>\n<p style=\"font-weight: 400; text-align: justify;\"><em>Ich wei\u00df, dass manche K\u00fcnstler mich manchmal schief anschauen, wenn es um den <strong>Zeitplan<\/strong> geht. <\/em><em>Aber f\u00fcr mich ist er heilig.<\/em><\/p>\n<p style=\"font-weight: 400; text-align: justify;\"><em>Ich entwerfe ein detailliertes Drehbuch \u2013 mit genauen Abl\u00e4ufen, Eins\u00e4tzen, \u00dcberg\u00e4ngen und exakten Minutenangaben. <\/em><em>Dieses Drehbuch ist das <strong>Master<\/strong> der gesamten Revue.<\/em><\/p>\n<p style=\"font-weight: 400; text-align: justify;\"><em>Nicht aus Kontrolle.<br \/>\n<\/em><br \/>\n<em>Sondern aus <strong>Respekt<\/strong>:<\/em><\/p>\n<ul style=\"font-weight: 400; text-align: justify;\">\n<li><em>Respekt vor den K\u00fcnstlern.<\/em><\/li>\n<li><em>Respekt vor dem Publikum.<\/em><\/li>\n<li><em>Respekt vor dem Gesamtwerk.<\/em><\/li>\n<\/ul>\n<p style=\"font-weight: 400; text-align: justify;\"><em>F\u00fcr mich gibt es kein \u201eIch mache nur eine Minute l\u00e4nger\u201c oder \u201eIch h\u00e4nge spontan etwas dran\u201c.<br \/>\n<\/em><br \/>\n<em>Eine Stunde hat <strong>60 Minuten \u2013 nicht 61 und nicht 59<\/strong>.<\/em><\/p>\n<p style=\"font-weight: 400; text-align: justify;\"><em>Ich erwarte nicht Perfektion, aber ich erwarte Professionalit\u00e4t und Zeitbewusstsein.<br \/>\n<\/em><br \/>\n<em>Und ja: <\/em><em>Ich bin \u00fcberzeugt, dass genau diese Haltung dazu beitr\u00e4gt, dass die Bergweihnacht so erfolgreich ist.<\/em><\/p>\n<p style=\"font-weight: 400; text-align: justify;\">\n<p>&nbsp;<\/p>\n<p>&nbsp;<\/p>\n<p style=\"font-weight: 400; text-align: justify;\"><em><strong>18 Jahre Produktion \u2013 ein Meilenstein in 25 Jahren artmedia<\/strong><\/em><\/p>\n<p>&nbsp;<\/p>\n<p style=\"font-weight: 400; text-align: justify;\"><em>Fast <strong>400.000 Besucher<\/strong> haben die Bergweihnacht erlebt.<\/em><br \/>\n<em><br \/>\nF\u00fcr mich und mein Team von <strong>artmedia<\/strong> ist sie eines der gr\u00f6\u00dften Highlights unserer 25-j\u00e4hrigen Firmengeschichte.<\/em><\/p>\n<p style=\"font-weight: 400; text-align: justify;\"><em>Es erf\u00fcllt mich mit Dankbarkeit, dass so viele Menschen diesen Weg mit uns gehen.<\/em><\/p>\n<p style=\"font-weight: 400; text-align: justify;\">\n<p>&nbsp;<\/p>\n<p>&nbsp;<\/p>\n<p style=\"font-weight: 400; text-align: justify;\"><em><strong>Wie es weitergeht<\/strong><\/em><\/p>\n<p style=\"font-weight: 400; text-align: justify;\">\n<p style=\"font-weight: 400; text-align: justify;\"><em>Im Dezember folgen noch <strong>19 weitere Konzerte<\/strong> \u2013 viele davon stehen kurz vor ausverkauft, und bei einigen wird sprichw\u00f6rtlich der <strong>letzte freie Stuhl<\/strong> gestellt werden.<\/em><\/p>\n<p style=\"font-weight: 400; text-align: justify;\">\n<p style=\"font-weight: 400; text-align: justify;\"><em><strong><br \/>\nVorverkauf f\u00fcr 2026 gestartet<\/strong><\/em><\/p>\n<p>&nbsp;<\/p>\n<p style=\"font-weight: 400; text-align: justify;\"><em>Der Vorverkauf f\u00fcr die <strong>Klingende Bergweihnacht 2026 <\/strong>ist erfolgreich gestartet.<\/em><\/p>\n<p style=\"font-weight: 400; text-align: justify;\"><em>Die K\u00fcnstler stehen fest \u2013 und sie versprechen Gro\u00dfes:<\/em><\/p>\n<p>&nbsp;<\/p>\n<ul style=\"font-weight: 400; text-align: justify;\">\n<li><em><strong>Patrick Lindner<\/strong> \u2013 einer der herzlichsten und beliebtesten Stars des deutschen Schlagers\n<p><\/em><\/li>\n<li><em><strong>Francine Jordi<\/strong> \u2013 Grand-Prix-Siegerin mit unverkennbarer Strahlkraft.\n<p><\/em><\/li>\n<li><em><strong>Alexander Rier<\/strong> \u2013 Sohn von Norbert Rier (Kastelruther Spatzen), l\u00e4ngst ein profilierter Solok\u00fcnstler.\n<p><\/em><\/li>\n<li><em><strong>Nadin Meypo<\/strong> \u2013 Gastgeberin, Stimme und Seele der Revue \u2013 auch 2026 wieder unverzichtbar.<\/em><\/li>\n<\/ul>\n<p>&nbsp;<\/p>\n<p>&nbsp;<\/p>\n<p>&nbsp;<\/p>\n<p style=\"font-weight: 400; text-align: justify;\"><strong>Tickets unter<\/strong>\u00a0<a href=\"http:\/\/www.schlagershop24.com\/\">www.schlagershop24.com<\/a><\/p>\n<p>&nbsp;<\/p>\n<p>&nbsp;<\/p>\n<figure id=\"attachment_252110\" aria-describedby=\"caption-attachment-252110\" style=\"width: 800px\" class=\"wp-caption alignnone\"><img decoding=\"async\" loading=\"lazy\" class=\"size-large wp-image-252110\" src=\"https:\/\/smago.de\/ws2\/wp-content\/uploads\/2025\/12\/IMG-20251205-WA0026-800x690.jpg\" alt=\"\" width=\"800\" height=\"690\" srcset=\"https:\/\/smago.de\/ws2\/wp-content\/uploads\/2025\/12\/IMG-20251205-WA0026-800x690.jpg 800w, https:\/\/smago.de\/ws2\/wp-content\/uploads\/2025\/12\/IMG-20251205-WA0026-522x450.jpg 522w, https:\/\/smago.de\/ws2\/wp-content\/uploads\/2025\/12\/IMG-20251205-WA0026-174x150.jpg 174w, https:\/\/smago.de\/ws2\/wp-content\/uploads\/2025\/12\/IMG-20251205-WA0026-768x662.jpg 768w, https:\/\/smago.de\/ws2\/wp-content\/uploads\/2025\/12\/IMG-20251205-WA0026-315x272.jpg 315w, https:\/\/smago.de\/ws2\/wp-content\/uploads\/2025\/12\/IMG-20251205-WA0026-696x600.jpg 696w, https:\/\/smago.de\/ws2\/wp-content\/uploads\/2025\/12\/IMG-20251205-WA0026-130x112.jpg 130w, https:\/\/smago.de\/ws2\/wp-content\/uploads\/2025\/12\/IMG-20251205-WA0026-516x445.jpg 516w, https:\/\/smago.de\/ws2\/wp-content\/uploads\/2025\/12\/IMG-20251205-WA0026-605x522.jpg 605w, https:\/\/smago.de\/ws2\/wp-content\/uploads\/2025\/12\/IMG-20251205-WA0026-220x190.jpg 220w, https:\/\/smago.de\/ws2\/wp-content\/uploads\/2025\/12\/IMG-20251205-WA0026-336x290.jpg 336w, https:\/\/smago.de\/ws2\/wp-content\/uploads\/2025\/12\/IMG-20251205-WA0026.jpg 1200w\" sizes=\"(max-width: 800px) 100vw, 800px\" \/><figcaption id=\"caption-attachment-252110\" class=\"wp-caption-text\"><em>artmedia &#8211; management &amp; more GmbH, Lothar B\u00f6hler<\/em><\/figcaption><\/figure>\n","protected":false},"excerpt":{"rendered":"<p>Ein pers\u00f6nlicher Bericht von Tourneeproduzent Lothar B\u00f6hler<\/p>\n","protected":false},"author":2,"featured_media":252110,"comment_status":"open","ping_status":"closed","sticky":false,"template":"","format":"standard","meta":{"_FSMCFIC_featured_image_caption":"","_FSMCFIC_featured_image_nocaption":"","_FSMCFIC_featured_image_hide":""},"categories":[29,39],"tags":[2313],"acf":[],"_links":{"self":[{"href":"https:\/\/smago.de\/ws2\/wp-json\/wp\/v2\/posts\/252109"}],"collection":[{"href":"https:\/\/smago.de\/ws2\/wp-json\/wp\/v2\/posts"}],"about":[{"href":"https:\/\/smago.de\/ws2\/wp-json\/wp\/v2\/types\/post"}],"author":[{"embeddable":true,"href":"https:\/\/smago.de\/ws2\/wp-json\/wp\/v2\/users\/2"}],"replies":[{"embeddable":true,"href":"https:\/\/smago.de\/ws2\/wp-json\/wp\/v2\/comments?post=252109"}],"version-history":[{"count":1,"href":"https:\/\/smago.de\/ws2\/wp-json\/wp\/v2\/posts\/252109\/revisions"}],"predecessor-version":[{"id":252111,"href":"https:\/\/smago.de\/ws2\/wp-json\/wp\/v2\/posts\/252109\/revisions\/252111"}],"wp:featuredmedia":[{"embeddable":true,"href":"https:\/\/smago.de\/ws2\/wp-json\/wp\/v2\/media\/252110"}],"wp:attachment":[{"href":"https:\/\/smago.de\/ws2\/wp-json\/wp\/v2\/media?parent=252109"}],"wp:term":[{"taxonomy":"category","embeddable":true,"href":"https:\/\/smago.de\/ws2\/wp-json\/wp\/v2\/categories?post=252109"},{"taxonomy":"post_tag","embeddable":true,"href":"https:\/\/smago.de\/ws2\/wp-json\/wp\/v2\/tags?post=252109"}],"curies":[{"name":"wp","href":"https:\/\/api.w.org\/{rel}","templated":true}]}}