{"id":251401,"date":"2025-11-28T00:00:25","date_gmt":"2025-11-27T23:00:25","guid":{"rendered":"https:\/\/smago.de\/ws2\/?p=251401"},"modified":"2025-11-25T21:14:49","modified_gmt":"2025-11-25T20:14:49","slug":"charlien-in-den-herzen-wirds-warm-ist-wie-eine-kerze-im-winter","status":"publish","type":"post","link":"https:\/\/smago.de\/ws2\/pop-schlager\/charlien-in-den-herzen-wirds-warm-ist-wie-eine-kerze-im-winter\/","title":{"rendered":"CHARLIEN <br>\u201eIn den Herzen wird\u2019s warm\u201c ist wie eine Kerze im Winter!"},"content":{"rendered":"<p style=\"font-weight: 400; text-align: justify;\">Die neue Single der \u00d6sterreicherin erinnert daran, wie wichtig es ist, f\u00fcreinander da zu sein!<!--more--><\/p>\n<p>&nbsp;<\/p>\n<p>&nbsp;<\/p>\n<p>&nbsp;<\/p>\n<p style=\"font-weight: 400; text-align: justify;\">P\u00fcnktlich zur Adventszeit meldet sich CHARLIEN mit einer musikalischen Umarmung zur\u00fcck: \u201eIn den Herzen wird\u2019s warm\u201c hei\u00dft ihre neue Single zur Winterzeit \u2013 ein Song, der W\u00e4rme, N\u00e4he und Hoffnung in eine Jahreszeit tr\u00e4gt, in der wir all das oft besonders brauchen.<\/p>\n<p style=\"font-weight: 400; text-align: justify;\">Schon die ersten Textzeilen zeichnen ein vertrautes Bild: Man steht mitten im Leben, f\u00fchlt sich \u00fcberfordert, sp\u00fcrt Schmerz und Unsicherheit \u2013 und sehnt sich nach einem Ort, an dem es wieder hell wird. Der Text beschreibt das Gef\u00fchl, in einer schwierigen, verwirrenden Situation zu stehen, in der vieles falsch l\u00e4uft, ohne dass man den Grund kennt. CHARLIEN sp\u00fcrt inneren Schmerz und Angst, sucht aber nach Hoffnung und einem Ort, an dem W\u00e4rme, Licht und Zusammenhalt herrschen.<\/p>\n<p style=\"font-weight: 400; text-align: justify;\">Es geht um den Wunsch nach einem Platz, an dem Sorgen und Nebel verschwinden, Menschen ehrlich zueinander sind und das Leben wieder verbindet. Trotz K\u00e4lte und Belastung sehnt sich CHARLIEN ihrem Lied zufolge nach N\u00e4he, Geborgenheit und einem Neubeginn \u2013 nach einer \u201ew\u00e4rmeren Zeit\u201c, in der man gemeinsam weitergehen kann. Die \u00d6sterreicherin nimmt diese Emotionen behutsam auf und verwandelt sie in einen Klang, der tr\u00f6stet, ber\u00fchrt und Mut macht.<\/p>\n<p style=\"font-weight: 400; text-align: justify;\">Musikalisch schl\u00e4gt CHARLIEN mit ihrem neuen Titel eine spannende Richtung ein. Statt klassischem Schlager setzt sie auf einen modernen Akustik-Pop-Sound, der sanft, authentisch und warm wirkt. Akustische Gitarren, ein dezentes Arrangement und ihre klare, emotionale Stimme verleihen dem Lied eine atmosph\u00e4rische Tiefe, die perfekt zu den stillen Momenten des Winters passt \u2013 ohne kitschig oder melancholisch zu wirken.<\/p>\n<p style=\"font-weight: 400; text-align: justify;\">\u201eIn den Herzen wird\u2019s warm\u201c ist dabei kein traditionelles Weihnachtslied. Vielmehr ist es ein Song, der Zusammenhalt sp\u00fcrbar macht: ein musikalisches Licht, das durch Nebel, Zweifel und K\u00e4lte f\u00fchrt und daran erinnert, wie wichtig es ist, f\u00fcreinander da zu sein.<\/p>\n<p style=\"font-weight: 400; text-align: justify;\">Komponiert wurde die neue Single wie bei CHARLIEN \u00fcblich von HUBERT MOLANDER, der auch die Produktion \u00fcbernahm. Die Textzeilen stammen von ANDREA HAMMER-FISCHER. Gemeinsam kreieren sie einen Sound, der CHARLIEN nicht nur musikalisch, sondern auch pers\u00f6nlich perfekt einf\u00e4ngt.<\/p>\n<p style=\"font-weight: 400; text-align: justify;\">CHARLIEN stammt aus Oberk\u00e4rnten und lebt heute im idyllischen Rosental. Die studierte Musikp\u00e4dagogin bringt musikalisches Talent und B\u00fchnenleidenschaft seit ihrer Kindheit mit. Fr\u00fch entert sie B\u00fchnen, sammelt Erfahrung als Musicaldarstellerin und als S\u00e4ngerin verschiedener Bands. 2018 trifft sie den Produzenten HUBERT MOLANDER, der wie erw\u00e4hnt noch immer ihr Produzent ist \u2013 ein Meilenstein, der ihre Karriere entscheidend ver\u00e4ndert. Mit ihrer Mischung aus Ehrlichkeit, W\u00e4rme und starker B\u00fchnenpr\u00e4senz gewinnt sie stetig neue Fans \u2013 und \u201eIn den Herzen wird\u2019s warm\u201c f\u00fcgt sich nahtlos in diese Erfolgsgeschichte ein.<\/p>\n<p style=\"font-weight: 400; text-align: justify;\">CHARLIEN pr\u00e4sentiert mit ihrer neuen Single ein ber\u00fchrendes, modernes Winterlied, das nicht nur in die Adventszeit passt, sondern jederzeit gut tut. \u201eIn den Herzen wird\u2019s warm\u201c zeigt sie so pers\u00f6nlich, nahbar und emotional wie selten \u2013 und beweist, dass echte W\u00e4rme nicht laut sein muss, sondern ehrlich.<\/p>\n<p>&nbsp;<\/p>\n<p>&nbsp;<\/p>\n<p><img decoding=\"async\" loading=\"lazy\" class=\"alignnone size-large wp-image-251062\" src=\"https:\/\/smago.de\/ws2\/wp-content\/uploads\/2025\/11\/charlien_inden_back-800x800.jpeg\" alt=\"\" width=\"800\" height=\"800\" srcset=\"https:\/\/smago.de\/ws2\/wp-content\/uploads\/2025\/11\/charlien_inden_back-800x800.jpeg 800w, https:\/\/smago.de\/ws2\/wp-content\/uploads\/2025\/11\/charlien_inden_back-522x522.jpeg 522w, https:\/\/smago.de\/ws2\/wp-content\/uploads\/2025\/11\/charlien_inden_back-150x150.jpeg 150w, https:\/\/smago.de\/ws2\/wp-content\/uploads\/2025\/11\/charlien_inden_back-768x768.jpeg 768w, https:\/\/smago.de\/ws2\/wp-content\/uploads\/2025\/11\/charlien_inden_back-1536x1536.jpeg 1536w, https:\/\/smago.de\/ws2\/wp-content\/uploads\/2025\/11\/charlien_inden_back-2048x2048.jpeg 2048w, https:\/\/smago.de\/ws2\/wp-content\/uploads\/2025\/11\/charlien_inden_back-272x272.jpeg 272w, https:\/\/smago.de\/ws2\/wp-content\/uploads\/2025\/11\/charlien_inden_back-600x600.jpeg 600w, https:\/\/smago.de\/ws2\/wp-content\/uploads\/2025\/11\/charlien_inden_back-130x130.jpeg 130w, https:\/\/smago.de\/ws2\/wp-content\/uploads\/2025\/11\/charlien_inden_back-445x445.jpeg 445w, https:\/\/smago.de\/ws2\/wp-content\/uploads\/2025\/11\/charlien_inden_back-190x190.jpeg 190w, https:\/\/smago.de\/ws2\/wp-content\/uploads\/2025\/11\/charlien_inden_back-290x290.jpeg 290w\" sizes=\"(max-width: 800px) 100vw, 800px\" \/><\/p>\n","protected":false},"excerpt":{"rendered":"<p>Die neue Single der \u00d6sterreicherin erinnert daran, wie wichtig es ist, f\u00fcreinander da zu sein!<\/p>\n","protected":false},"author":2,"featured_media":251063,"comment_status":"open","ping_status":"closed","sticky":false,"template":"","format":"standard","meta":{"_FSMCFIC_featured_image_caption":"","_FSMCFIC_featured_image_nocaption":"","_FSMCFIC_featured_image_hide":""},"categories":[28],"tags":[2418],"acf":[],"_links":{"self":[{"href":"https:\/\/smago.de\/ws2\/wp-json\/wp\/v2\/posts\/251401"}],"collection":[{"href":"https:\/\/smago.de\/ws2\/wp-json\/wp\/v2\/posts"}],"about":[{"href":"https:\/\/smago.de\/ws2\/wp-json\/wp\/v2\/types\/post"}],"author":[{"embeddable":true,"href":"https:\/\/smago.de\/ws2\/wp-json\/wp\/v2\/users\/2"}],"replies":[{"embeddable":true,"href":"https:\/\/smago.de\/ws2\/wp-json\/wp\/v2\/comments?post=251401"}],"version-history":[{"count":2,"href":"https:\/\/smago.de\/ws2\/wp-json\/wp\/v2\/posts\/251401\/revisions"}],"predecessor-version":[{"id":251403,"href":"https:\/\/smago.de\/ws2\/wp-json\/wp\/v2\/posts\/251401\/revisions\/251403"}],"wp:featuredmedia":[{"embeddable":true,"href":"https:\/\/smago.de\/ws2\/wp-json\/wp\/v2\/media\/251063"}],"wp:attachment":[{"href":"https:\/\/smago.de\/ws2\/wp-json\/wp\/v2\/media?parent=251401"}],"wp:term":[{"taxonomy":"category","embeddable":true,"href":"https:\/\/smago.de\/ws2\/wp-json\/wp\/v2\/categories?post=251401"},{"taxonomy":"post_tag","embeddable":true,"href":"https:\/\/smago.de\/ws2\/wp-json\/wp\/v2\/tags?post=251401"}],"curies":[{"name":"wp","href":"https:\/\/api.w.org\/{rel}","templated":true}]}}