{"id":251157,"date":"2025-11-21T00:00:41","date_gmt":"2025-11-20T23:00:41","guid":{"rendered":"https:\/\/smago.de\/ws2\/?p=251157"},"modified":"2025-11-20T17:53:19","modified_gmt":"2025-11-20T16:53:19","slug":"uschi-glas-u-a-heute-21-11-2025-in-der-talk-show-koelner-treff-zu-gast","status":"publish","type":"post","link":"https:\/\/smago.de\/ws2\/schlager\/uschi-glas-u-a-heute-21-11-2025-in-der-talk-show-koelner-treff-zu-gast\/","title":{"rendered":"USCHI GLAS u.a. <br>Heute (21.11.2025) in der Talk-Show &#8222;K\u00f6lner Treff&#8220; zu Gast!"},"content":{"rendered":"<p style=\"text-align: justify;\">WDR Fernsehen, 22:00 Uhr &#8211; 00:00 Uhr (1. Wh. in der Nacht auf 22.11., 00:30 Uhr &#8211; 02:30 Uhr; 2. Wh.: 23.11., 09:30 Uhr &#8211; 11:30 Uhr)! Moderation: Susan Link und Micky Beisenherz!<!--more--><\/p>\n<p>&nbsp;<\/p>\n<p>&nbsp;<\/p>\n<p>&nbsp;<\/p>\n<p>&nbsp;<\/p>\n<p>Susan Link und Micky Beisenherz begr\u00fc\u00dfen folgende G\u00e4ste &#8230;:<\/p>\n<p>&nbsp;<\/p>\n<p>&nbsp;<\/p>\n<p>&nbsp;<\/p>\n<p style=\"text-align: justify;\"><strong>Uschi Glas<\/strong><\/p>\n<p>&nbsp;<\/p>\n<p style=\"text-align: justify;\">Uschi Glas wurde bereits in den 1960er-Jahren mit Filmen wie &#8222;Zur Sache, Sch\u00e4tzchen&#8220; und der Winnetou-Reihe zum Star und ist bis heute eine der pr\u00e4gendsten Pers\u00f6nlichkeiten des deutschen Films. Nicht zuletzt seit ihrer Rolle als frustrierte Lehrerin im Kinohit &#8222;Fack ju G\u00f6the&#8220; ist sie auch beim j\u00fcngeren Publikum popul\u00e4r. Neben der Schauspielerei engagiert sie sich seit Jahrzehnten f\u00fcr ein gutes Miteinander, f\u00fcr Demokratie und gegen Ausgrenzung. Nun hat sie sich auf Spurensuche in die Vergangenheit ihrer Familie begeben, um mehr \u00fcber das Verhalten der Generation ihrer Eltern w\u00e4hrend des Nationalsozialismus zu erfahren.<\/p>\n<p>&nbsp;<\/p>\n<p>&nbsp;<\/p>\n<p>&nbsp;<\/p>\n<p style=\"text-align: justify;\"><strong>Paul Panzer<\/strong><\/p>\n<p>&nbsp;<\/p>\n<p style=\"text-align: justify;\">Der Kult-Comedian ist zur\u00fcck &#8211; mit einem neuen Programm und gewohnt schr\u00e4gem Blick auf die Welt! Aufs Korn genommen werden die Absurdit\u00e4ten unseres digitalen Alltags: k\u00fcnstliche Intelligenz, Selfie-Wahn und der ganz normale Wahnsinn dazwischen. Zwischen philosophischem Tiefgang und gepflegtem Bl\u00f6dsinn fragt sich Paul Panzer: &#8222;War fr\u00fcher wirklich alles besser &#8211; oder einfach nur langsamer?&#8220; Mit seiner unnachahmlichen Mischung aus Charme, Chaos und Lebensweisheit bringt er das Publikum dabei nicht nur zum Lachen, sondern auch ein bisschen zum Nachdenken.<\/p>\n<p>&nbsp;<\/p>\n<p>&nbsp;<\/p>\n<p>&nbsp;<\/p>\n<p style=\"text-align: justify;\"><strong>Sandy M\u00f6lling<\/strong><\/p>\n<p>&nbsp;<\/p>\n<p style=\"text-align: justify;\">Sie ist Teil der erfolgreichsten Girlgroup in Deutschland, den No Angels, die nach ihrem erneuten Comeback zur 20-j\u00e4hrigen Bandgeschichte gerade wieder mit einem Weihnachtsalbum unterwegs sind. Daneben ist S\u00e4ngerin Sandy M\u00f6lling auch solo erfolgreich, steht bald als Engel im Musical &#8222;Geist der Weihnacht&#8220; in Oberhausen auf der B\u00fchne. Sie lebte viele Jahre in Amerika, hat nach Trumps Wiederwahl aber die Flucht ergriffen und ist in ihre deutsche Heimat zur\u00fcckgekehrt. &#8222;F\u00fcr mich sind Wuppertal und das Rheinland mein Zuhause!&#8220;<\/p>\n<p>&nbsp;<\/p>\n<p>&nbsp;<\/p>\n<p>&nbsp;<\/p>\n<p style=\"text-align: justify;\"><strong>Clare Devlin<\/strong><\/p>\n<p>&nbsp;<\/p>\n<p style=\"text-align: justify;\">Sie ist Anfang drei\u00dfig und startete nach der Trennung von ihrem Freund in eine neue Lebensphase, die gesellschaftlich f\u00fcr Frauen ihres Alters selten vorgesehen ist. W\u00e4hrend Freundinnen heiraten und Kinder bekommen, tanzt Clare Devlin durch die N\u00e4chte, datet, erlebt Liebeskummer und stellt sich die gro\u00dfen Fragen: &#8222;War&#8217;s das jetzt &#8211; oder f\u00e4ngt alles erst an?&#8220; Clare Devlin hat als Journalistin und Moderatorin beim WDR und f\u00fcr die ARD gearbeitet, ist Expertin f\u00fcr Social Media und betreibt seit drei Jahren einen Podcast mit dem Titel &#8222;drei\u00dfig&#8220;. Gemeinsam mit zwei Freundinnen hat Clare sich intensiv mit dem Lebensgef\u00fchl in den Drei\u00dfigern befasst und erz\u00e4hlt offen \u00fcber Selbstzweifel, Aufbruch und die Freiheit, Konventionen zu hinterfragen.<\/p>\n<p>&nbsp;<\/p>\n<p>&nbsp;<\/p>\n<p style=\"text-align: justify;\"><strong>\u2003<\/strong><br \/>\n<strong>Heinz Hoenig und Annika K\u00e4rsten-Hoenig<\/strong><\/p>\n<p>&nbsp;<\/p>\n<p style=\"text-align: justify;\">Im letzten Jahr sorgten sich viele um seine Gesundheit, nun ist der beliebte Schauspieler wieder da: Heinz Hoenig! Seine Genesung habe definitiv nur im Team gl\u00fccken k\u00f6nnen, sagt der 74-J\u00e4hrige und meint damit vor allem seine Frau Annika. Die 40-j\u00e4hrige gelernte Krankenschwester und Mutter seiner zwei j\u00fcngsten Kinder war durchgehend an seiner Seite und sagt, vor allem die Liebe habe sie durch diese schweren Zeiten getragen. Nach Herzproblemen und der Entfernung der Speiser\u00f6hre, lag Hoenig im Koma und es sah kritisch aus. Insgesamt 143 Tage verbrachte er in der Klinik. Heute ist er wieder zu Hause bei seiner Familie und plant bereits die n\u00e4chsten Projekte. Nat\u00fcrlich mit Anni an seiner Seite!<\/p>\n<p>&nbsp;<\/p>\n<p>&nbsp;<\/p>\n<p>&nbsp;<\/p>\n<p style=\"text-align: justify;\"><strong>Philipp Hochmair<\/strong><\/p>\n<p>&nbsp;<\/p>\n<p style=\"text-align: justify;\">Er z\u00e4hlt zu den spannendsten Schauspielern seiner Generation. Bekannt aus &#8222;Blind ermittelt&#8220;, &#8222;Die Wannseekonferenz&#8220; oder &#8222;Kater&#8220;, begeistert der \u00d6sterreicher vor allem mit seinen kraftvollen B\u00fchnenauftritten. Schon fr\u00fch kam er durch die Arbeit seiner Mutter, die als \u00c4rztin am Wiener Burgtheater arbeitete, mit der B\u00fchne in Ber\u00fchrung. Zun\u00e4chst faszinierte ihn Malerei und Grafik, bevor er sein schauspielerisches Talent entdeckte. Neben Theater und Film ist Hochmair auch als Musiker aktiv und verbindet Performance, Schauspiel und Rockmusik.<\/p>\n","protected":false},"excerpt":{"rendered":"<p>WDR Fernsehen, 22:00 Uhr &#8211; 00:00 Uhr (1. Wh. in der Nacht auf 22.11., 00:30 Uhr &#8211; 02:30 Uhr; 2.<\/p>\n","protected":false},"author":2,"featured_media":251158,"comment_status":"open","ping_status":"closed","sticky":false,"template":"","format":"standard","meta":{"_FSMCFIC_featured_image_caption":"","_FSMCFIC_featured_image_nocaption":"","_FSMCFIC_featured_image_hide":""},"categories":[29,128],"tags":[129],"acf":[],"_links":{"self":[{"href":"https:\/\/smago.de\/ws2\/wp-json\/wp\/v2\/posts\/251157"}],"collection":[{"href":"https:\/\/smago.de\/ws2\/wp-json\/wp\/v2\/posts"}],"about":[{"href":"https:\/\/smago.de\/ws2\/wp-json\/wp\/v2\/types\/post"}],"author":[{"embeddable":true,"href":"https:\/\/smago.de\/ws2\/wp-json\/wp\/v2\/users\/2"}],"replies":[{"embeddable":true,"href":"https:\/\/smago.de\/ws2\/wp-json\/wp\/v2\/comments?post=251157"}],"version-history":[{"count":2,"href":"https:\/\/smago.de\/ws2\/wp-json\/wp\/v2\/posts\/251157\/revisions"}],"predecessor-version":[{"id":251160,"href":"https:\/\/smago.de\/ws2\/wp-json\/wp\/v2\/posts\/251157\/revisions\/251160"}],"wp:featuredmedia":[{"embeddable":true,"href":"https:\/\/smago.de\/ws2\/wp-json\/wp\/v2\/media\/251158"}],"wp:attachment":[{"href":"https:\/\/smago.de\/ws2\/wp-json\/wp\/v2\/media?parent=251157"}],"wp:term":[{"taxonomy":"category","embeddable":true,"href":"https:\/\/smago.de\/ws2\/wp-json\/wp\/v2\/categories?post=251157"},{"taxonomy":"post_tag","embeddable":true,"href":"https:\/\/smago.de\/ws2\/wp-json\/wp\/v2\/tags?post=251157"}],"curies":[{"name":"wp","href":"https:\/\/api.w.org\/{rel}","templated":true}]}}