{"id":251140,"date":"2025-11-20T13:09:53","date_gmt":"2025-11-20T12:09:53","guid":{"rendered":"https:\/\/smago.de\/ws2\/?p=251140"},"modified":"2025-11-20T13:09:53","modified_gmt":"2025-11-20T12:09:53","slug":"florian-silbereisen-das-adventsfest-der-100-000-lichter-am-29-11-2025-in-suhl-erste-gaeste-offiziell-bestaetigt","status":"publish","type":"post","link":"https:\/\/smago.de\/ws2\/schlager\/florian-silbereisen-das-adventsfest-der-100-000-lichter-am-29-11-2025-in-suhl-erste-gaeste-offiziell-bestaetigt\/","title":{"rendered":"FLORIAN SILBEREISEN <br>&#8222;Das Adventsfest der 100.000 Lichter&#8220; am 29.11.2025 in Suhl: Erste G\u00e4ste offiziell best\u00e4tigt!"},"content":{"rendered":"<p>Das Erste \/ ARD + ORF 2, 20:15 Uhr &#8211; 23:30 Uhr!<!--more--><\/p>\n<p>&nbsp;<\/p>\n<p>&nbsp;<\/p>\n<p>&nbsp;<\/p>\n<p style=\"text-align: justify;\">Am Vorabend zum ersten Advent pr\u00e4sentiert FLORIAN SILBEREISEN live die gro\u00dfe Show zur Er\u00f6ffnung der Weihnachtsm\u00e4rkte: &#8222;Das Adventsfest der 100.000 Lichter&#8220;! Der Showmaster z\u00fcndet gemeinsam mit vielen Stars die ersten Kerzen an und stimmt die Zuschauerinnen und Zuschauer mit den sch\u00f6nsten Advents- und Weihnachtsliedern auf die besinnlichste Zeit des Jahres ein.<\/p>\n<p style=\"text-align: justify;\">Ein feierlicher H\u00f6hepunkt der Eurovisionsshow wird das Eintreffen des Friedenslichts, das wieder an den tiefen Sinn von Weihnachten erinnern soll.<\/p>\n<p style=\"text-align: justify;\">Florian Silbereisen erwartet zahlreiche prominente G\u00e4ste wie Andrea Berg, Wincent Weiss, Simone Thomalla, Howard Carpendale, Unheilig, Ella Endlich, Andy Borg, No Angels, Lang Lang, Stefanie Hertel, Ross Antony, Simone Sommerland, Semino Rossi, Vanessa Mai, Thomas Anders, die \u201eEisk\u00f6nigin\u201c, Helmut Lotti, DJ \u00d6tzi mit seiner Tochter Lisa-Marie, das N\u00fcrnberger Christkind und viele weitere Stars.<\/p>\n","protected":false},"excerpt":{"rendered":"<p>Das Erste \/ ARD + ORF 2, 20:15 Uhr &#8211; 23:30 Uhr!<\/p>\n","protected":false},"author":2,"featured_media":251141,"comment_status":"open","ping_status":"closed","sticky":false,"template":"","format":"standard","meta":{"_FSMCFIC_featured_image_caption":"","_FSMCFIC_featured_image_nocaption":"","_FSMCFIC_featured_image_hide":""},"categories":[29,39,128],"tags":[144],"acf":[],"_links":{"self":[{"href":"https:\/\/smago.de\/ws2\/wp-json\/wp\/v2\/posts\/251140"}],"collection":[{"href":"https:\/\/smago.de\/ws2\/wp-json\/wp\/v2\/posts"}],"about":[{"href":"https:\/\/smago.de\/ws2\/wp-json\/wp\/v2\/types\/post"}],"author":[{"embeddable":true,"href":"https:\/\/smago.de\/ws2\/wp-json\/wp\/v2\/users\/2"}],"replies":[{"embeddable":true,"href":"https:\/\/smago.de\/ws2\/wp-json\/wp\/v2\/comments?post=251140"}],"version-history":[{"count":1,"href":"https:\/\/smago.de\/ws2\/wp-json\/wp\/v2\/posts\/251140\/revisions"}],"predecessor-version":[{"id":251142,"href":"https:\/\/smago.de\/ws2\/wp-json\/wp\/v2\/posts\/251140\/revisions\/251142"}],"wp:featuredmedia":[{"embeddable":true,"href":"https:\/\/smago.de\/ws2\/wp-json\/wp\/v2\/media\/251141"}],"wp:attachment":[{"href":"https:\/\/smago.de\/ws2\/wp-json\/wp\/v2\/media?parent=251140"}],"wp:term":[{"taxonomy":"category","embeddable":true,"href":"https:\/\/smago.de\/ws2\/wp-json\/wp\/v2\/categories?post=251140"},{"taxonomy":"post_tag","embeddable":true,"href":"https:\/\/smago.de\/ws2\/wp-json\/wp\/v2\/tags?post=251140"}],"curies":[{"name":"wp","href":"https:\/\/api.w.org\/{rel}","templated":true}]}}