{"id":251133,"date":"2025-11-20T12:44:02","date_gmt":"2025-11-20T11:44:02","guid":{"rendered":"https:\/\/smago.de\/ws2\/?p=251133"},"modified":"2025-11-20T12:46:43","modified_gmt":"2025-11-20T11:46:43","slug":"roland-kaiser-50-jahre-roland-kaiser-ein-leben-fuer-die-musik-ist-erfolgreichster-konzertfilm-des-jahres","status":"publish","type":"post","link":"https:\/\/smago.de\/ws2\/schlager\/roland-kaiser-50-jahre-roland-kaiser-ein-leben-fuer-die-musik-ist-erfolgreichster-konzertfilm-des-jahres\/","title":{"rendered":"ROLAND KAISER <br>\u201e50 Jahre Roland Kaiser \u2013 Ein Leben f\u00fcr die Musik\u201c ist erfolgreichster Konzertfilm des Jahres!"},"content":{"rendered":"<p style=\"text-align: justify;\">Mehr als 145.000 Besucherinnen und Besucher haben den Film bereits gesehen!<br \/>\n<!--more--><\/p>\n<p>&nbsp;<\/p>\n<p>&nbsp;<\/p>\n<p>&nbsp;<\/p>\n<p style=\"font-weight: 400; text-align: justify;\">Der Konzertfilm <strong>\u201e50 Jahre Roland Kaiser \u2013 Ein Leben f\u00fcr die Musik\u201c<\/strong> schreibt Geschichte: Bereits in der ersten Woche erreichte der Film Platz 1 der deutschen Kinocharts. Er wurde zeitgleich in \u00fcber 500 Kinos gezeigt und begeisterte eine Vielzahl von Menschen. Mit mehr als <strong>145.000 Besucherinnen und Besuchern<\/strong> ist die Produktion nun offiziell der erfolgreichste Konzertfilm des Jahres in Deutschland und zugleich der erfolgreichste Konzertfilm eines deutschen K\u00fcnstlers aller Zeiten. Ein weiterer Rekord in der au\u00dfergew\u00f6hnlichen Karriere von Roland Kaiser<\/p>\n<p style=\"font-weight: 400; text-align: justify;\">Die filmische Hommage an das Lebenswerk von Roland Kaiser zeigt spektakul\u00e4re Show-Bilder, Interviews mit Wegbegleiterinnen und Wegbegleitern und exklusive Einblicke hinter die Kulissen seiner ausverkauften Jubil\u00e4umstour \u201eRK50 | 50 Jahre \u2013 50 Hits!\u201c.<\/p>\n<p>&nbsp;<\/p>\n<p>&nbsp;<\/p>\n<p style=\"font-weight: 400; text-align: justify;\"><strong>Markus Hartmann, Senior Vice President Ariola Label Group<\/strong>: &#8222;Wir freuen uns, dass Roland Kaiser ein weiteres Mal seiner Ausnahmestellung gerecht wird und wir mit seinem ersten Kinofilm solch einen Erfolg feiern d\u00fcrfen &#8211; mit ihm, mit seinem Team, den Filmemachern und den Kollegen von Sony Pictures und Semmel Concerts. Der Film schafft es \u00fcber au\u00dfergew\u00f6hnliche Stadionkonzerte hinaus den aktuell gr\u00f6\u00dften deutschen Musikstar intensiv erlebbar zu machen. Wir freuen uns \u00fcber rund 150.000 Besucher im Kino \u2013 und viele viele weitere, die diesen besonderen Film demn\u00e4chst im TV, auf DVD\/BluRay und Streaming Services sehen werden.\u201d<\/p>\n<p>&nbsp;<\/p>\n<p style=\"font-weight: 400; text-align: justify;\"><strong>Benjamin Bach, Managing Director &#8211; Sony Pictures Entertainment Deutschland, Releasing GSA, Deutsche Columbia Pictures Filmproduktion <\/strong>erg\u00e4nzt:\u00a0 &#8222;Wir sind sehr gl\u00fccklich \u00fcber diese gelungene Zusammenarbeit mit unseren Partnern von Sony Music. Auch einen gro\u00dfen Gl\u00fcckwunsch an Roland und sein Team, die uns unerm\u00fcdlich unterst\u00fctzt und somit einen erheblichen Beitrag zum Erfolg des Films beigetragen haben.&#8220;<\/p>\n<p>&nbsp;<\/p>\n<p>&nbsp;<\/p>\n<p style=\"font-weight: 400; text-align: justify;\">Der Film ist eine Koproduktion von Sony Music, Semmel Concerts und Roland Kaiser im Verleih von Sony Pictures und seit dem 21. Oktober in den Kinos.<\/p>\n<p style=\"font-weight: 400; text-align: justify;\">Die Tickets f\u00fcr die Weltpremiere des Konzert-Kinofilms in Roland Kaisers Wahl-Heimatstadt M\u00fcnster waren innerhalb weniger Stunden ausverkauft. Vor Ort wurde der K\u00fcnstler von Sony Music mit einem Gold-Award f\u00fcr sein aktuelles Studioalbum \u201eMarathon\u201c \u00fcberrascht.<\/p>\n<p style=\"font-weight: 400; text-align: justify;\">Seit Herbst reiht sich ein Meilenstein an den n\u00e4chsten: Roland Kaiser wurde mit dem Bambi f\u00fcr sein Lebenswerk geehrt, die Tickets f\u00fcr die KAISERMANIA-Tour 2026 waren innerhalb weniger Stunden restlos ausverkauft. Damit setzt der Ausnahmek\u00fcnstler auch in diesem Jahr neue Ma\u00dfst\u00e4be und unterstreicht einmal mehr seine herausragende Stellung in der deutschen Musiklandschaft.<\/p>\n<p style=\"font-weight: 400; text-align: justify;\">Der Konzertfilm l\u00e4uft weiterhin in ausgew\u00e4hlten Kinos und wird demn\u00e4chst auch als Blu-Ray, DVD und zum Download verf\u00fcgbar sein. Er erg\u00e4nzt das Live-Album \u201e50 Jahre. Alle Hits. Live\u201c perfekt und macht das H\u00f6rerlebnis erstmals auch visuell sp\u00fcrbar.<\/p>\n","protected":false},"excerpt":{"rendered":"<p>Mehr als 145.000 Besucherinnen und Besucher haben den Film bereits gesehen!<\/p>\n","protected":false},"author":2,"featured_media":251134,"comment_status":"open","ping_status":"closed","sticky":false,"template":"","format":"standard","meta":{"_FSMCFIC_featured_image_caption":"","_FSMCFIC_featured_image_nocaption":"","_FSMCFIC_featured_image_hide":""},"categories":[29,39],"tags":[207],"acf":[],"_links":{"self":[{"href":"https:\/\/smago.de\/ws2\/wp-json\/wp\/v2\/posts\/251133"}],"collection":[{"href":"https:\/\/smago.de\/ws2\/wp-json\/wp\/v2\/posts"}],"about":[{"href":"https:\/\/smago.de\/ws2\/wp-json\/wp\/v2\/types\/post"}],"author":[{"embeddable":true,"href":"https:\/\/smago.de\/ws2\/wp-json\/wp\/v2\/users\/2"}],"replies":[{"embeddable":true,"href":"https:\/\/smago.de\/ws2\/wp-json\/wp\/v2\/comments?post=251133"}],"version-history":[{"count":3,"href":"https:\/\/smago.de\/ws2\/wp-json\/wp\/v2\/posts\/251133\/revisions"}],"predecessor-version":[{"id":251137,"href":"https:\/\/smago.de\/ws2\/wp-json\/wp\/v2\/posts\/251133\/revisions\/251137"}],"wp:featuredmedia":[{"embeddable":true,"href":"https:\/\/smago.de\/ws2\/wp-json\/wp\/v2\/media\/251134"}],"wp:attachment":[{"href":"https:\/\/smago.de\/ws2\/wp-json\/wp\/v2\/media?parent=251133"}],"wp:term":[{"taxonomy":"category","embeddable":true,"href":"https:\/\/smago.de\/ws2\/wp-json\/wp\/v2\/categories?post=251133"},{"taxonomy":"post_tag","embeddable":true,"href":"https:\/\/smago.de\/ws2\/wp-json\/wp\/v2\/tags?post=251133"}],"curies":[{"name":"wp","href":"https:\/\/api.w.org\/{rel}","templated":true}]}}