{"id":250752,"date":"2025-11-14T00:00:31","date_gmt":"2025-11-13T23:00:31","guid":{"rendered":"https:\/\/smago.de\/ws2\/?p=250752"},"modified":"2025-11-13T20:26:22","modified_gmt":"2025-11-13T19:26:22","slug":"anna-bourell-herausragend-gut-ihr-titel-leben-und-lieben-geschrieben-und-produziert-von-hans-werner-olm","status":"publish","type":"post","link":"https:\/\/smago.de\/ws2\/pop-schlager\/anna-bourell-herausragend-gut-ihr-titel-leben-und-lieben-geschrieben-und-produziert-von-hans-werner-olm\/","title":{"rendered":"ANNA BOURELL <br>Herausragend gut: ihr Titel &#8222;Leben und Lieben&#8220; &#8211; geschrieben und produziert von HANS WERNER OLM (!)!"},"content":{"rendered":"<p style=\"text-align: justify;\">Die Ver\u00f6ffentlichung erfolgt am 27.11.2025 via HANS WERNER OLM &#8211; TONSTARK!<!--more--><\/p>\n<p>&nbsp;<\/p>\n<p>&nbsp;<\/p>\n<p style=\"text-align: justify;\">\n<p style=\"text-align: justify;\">Am 27.11.2025 ver\u00f6ffentlicht ANNA BOURELL ihren neuen Song.<\/p>\n<p style=\"text-align: justify;\">\u201eLeben und Lieben\u201c \u2013 eine ber\u00fchrende Hommage an Freundschaft, Vertrauen, das Leben und nat\u00fcrlich die Liebe. Aus der Feder von Hans-Werner Olm, erz\u00e4hlt der Song von den besonderen Momenten zwischen Menschen, die unser Herz ber\u00fchren.<\/p>\n<p style=\"text-align: justify;\">F\u00fcr Anna Bourell ist Musik kein Genre, sondern ein Gl\u00fccksgef\u00fchl, das in vielen Farben erklingt. Ihre Stimme ist ebenso vielseitig wie ihr Herz: offen, bunt und immer echt.<\/p>\n<p style=\"text-align: justify;\">\u201eLeben und Lieben\u201c ist ein Ausdruck dieser Vielseitigkeit und l\u00e4dt dazu ein, die eigenen Beziehungen und das Miteinander zu feiern.<\/p>\n<p style=\"text-align: justify;\">Mit diesem Song setzt Anna Bourell einen emotionalen Akzent, der sowohl ber\u00fchrt als auch inspiriert. Ob als musikalischer Begleiter f\u00fcr innige Momente oder als Hymne f\u00fcr besondere Freundschaften \u2013 \u201eLeben und Lieben\u201c ist ein Statement f\u00fcr alles, was im Leben z\u00e4hlt.<\/p>\n<p>&nbsp;<\/p>\n<p>&nbsp;<\/p>\n<p><iframe loading=\"lazy\" src=\"\/\/www.youtube.com\/embed\/OTJO9tdIu5E\" width=\"800\" height=\"449\" allowfullscreen=\"allowfullscreen\"><\/iframe><\/p>\n","protected":false},"excerpt":{"rendered":"<p>Die Ver\u00f6ffentlichung erfolgt am 27.11.2025 via HANS WERNER OLM &#8211; TONSTARK!<\/p>\n","protected":false},"author":2,"featured_media":250754,"comment_status":"open","ping_status":"closed","sticky":false,"template":"","format":"standard","meta":{"_FSMCFIC_featured_image_caption":"","_FSMCFIC_featured_image_nocaption":"","_FSMCFIC_featured_image_hide":""},"categories":[28,39],"tags":[4805],"acf":[],"_links":{"self":[{"href":"https:\/\/smago.de\/ws2\/wp-json\/wp\/v2\/posts\/250752"}],"collection":[{"href":"https:\/\/smago.de\/ws2\/wp-json\/wp\/v2\/posts"}],"about":[{"href":"https:\/\/smago.de\/ws2\/wp-json\/wp\/v2\/types\/post"}],"author":[{"embeddable":true,"href":"https:\/\/smago.de\/ws2\/wp-json\/wp\/v2\/users\/2"}],"replies":[{"embeddable":true,"href":"https:\/\/smago.de\/ws2\/wp-json\/wp\/v2\/comments?post=250752"}],"version-history":[{"count":3,"href":"https:\/\/smago.de\/ws2\/wp-json\/wp\/v2\/posts\/250752\/revisions"}],"predecessor-version":[{"id":250757,"href":"https:\/\/smago.de\/ws2\/wp-json\/wp\/v2\/posts\/250752\/revisions\/250757"}],"wp:featuredmedia":[{"embeddable":true,"href":"https:\/\/smago.de\/ws2\/wp-json\/wp\/v2\/media\/250754"}],"wp:attachment":[{"href":"https:\/\/smago.de\/ws2\/wp-json\/wp\/v2\/media?parent=250752"}],"wp:term":[{"taxonomy":"category","embeddable":true,"href":"https:\/\/smago.de\/ws2\/wp-json\/wp\/v2\/categories?post=250752"},{"taxonomy":"post_tag","embeddable":true,"href":"https:\/\/smago.de\/ws2\/wp-json\/wp\/v2\/tags?post=250752"}],"curies":[{"name":"wp","href":"https:\/\/api.w.org\/{rel}","templated":true}]}}