{"id":250731,"date":"2025-11-14T00:00:27","date_gmt":"2025-11-13T23:00:27","guid":{"rendered":"https:\/\/smago.de\/ws2\/?p=250731"},"modified":"2025-11-13T19:49:03","modified_gmt":"2025-11-13T18:49:03","slug":"jens-bockisch-zu-kurz-fuer-irgendwann-ist-ein-weckruf-zum-leben-im-hier-und-jetzt","status":"publish","type":"post","link":"https:\/\/smago.de\/ws2\/pop-schlager\/jens-bockisch-zu-kurz-fuer-irgendwann-ist-ein-weckruf-zum-leben-im-hier-und-jetzt\/","title":{"rendered":"JENS BOCKISCH <br>\u201eZu kurz f\u00fcr irgendwann\u201c ist ein Weckruf zum Leben im Hier und Jetzt!"},"content":{"rendered":"<p style=\"text-align: justify;\">Die neue Single von JENS verbindet Lebensfreude, Motivation und Nachdenklichkeit!<!--more--><\/p>\n<p>&nbsp;<\/p>\n<p>&nbsp;<\/p>\n<p>&nbsp;<\/p>\n<p style=\"text-align: justify;\">Mit seiner neuen Single \u201eZu kurz f\u00fcr irgendwann\u201c liefert JENS BOCKISCH einen Popschlager, der tiefsinnig ist und zum Nachdenken anregt. Es ist ein Lied \u00fcber etwas, was wir alle kennen: das endlose Aufschieben unserer Tr\u00e4ume auf \u201esp\u00e4ter\u201c. Doch was, wenn es dieses \u201esp\u00e4ter\u201c nie gibt? Diese Frage besch\u00e4ftigte schon MONICA MORELL einst (\u201eSp\u00e4ter, wann ist das?\u201c) und ist bis heute aktuell. Den Moment zu leben, wie es z. B. UDO J\u00dcRGENS beschrieben hat (\u201eHeute beginnt der Rest deines Lebens\u201c) \u2013 DARUM geht es in dem Song.<\/p>\n<p style=\"text-align: justify;\">Der Songtext beschreibt das Gef\u00fchl, in einem eint\u00f6nigen Alltag festzustecken, in dem man zwar funktioniert, aber den Sinn und die Erf\u00fcllung vermisst. JENS spricht jemanden an, der seine W\u00fcnsche und Tr\u00e4ume immer wieder aufschiebt \u2013 in der Hoffnung, dass \u201eirgendwann\u201c der richtige Moment kommt.<\/p>\n<p style=\"text-align: justify;\">Doch der Song h\u00e4lt dagegen: Dieses \u201eIrgendwann\u201c wird nie kommen, wenn man nicht heute anf\u00e4ngt, etwas zu ver\u00e4ndern. Die Zeilen \u201eMorgen, immer morgen &#8211; JETZT ist deine Zeit\u201c und \u201eH\u00f6r auf zu tr\u00e4umen, fang zu leben an\u201c rufen eindringlich dazu auf, nicht l\u00e4nger zu warten, sondern das eigene Leben aktiv in die Hand zu nehmen.<\/p>\n<p style=\"text-align: justify;\">Im weiteren Verlauf greift der Text typische Ausreden und Lebensphasen auf \u2013 etwa das Warten, bis die Kinder aus dem Haus sind oder bis die Rente beginnt \u2013, um deutlich zu machen, wie leicht man das Leben aufs Sp\u00e4ter verschiebt, ohne zu merken, dass die Zeit vergeht.<\/p>\n<p style=\"text-align: justify;\">Die zentrale Botschaft lautet somit: Das Leben ist zu kurz, um Tr\u00e4ume aufzuschieben \u2013 und: JETZE ist der Moment, loszugehen und zu leben.<\/p>\n<p style=\"text-align: justify;\">Die Entstehungsgeschichte verleiht dem Song eine besondere emotionale Tiefe. JENS BOCKISCH schrieb ihn, nachdem ein enger Freund von ihm pl\u00f6tzlich verstarb \u2013 jemand, der seine Pl\u00e4ne (auch mit ihm) immer \u201eauf sp\u00e4ter\u201c verschoben hatte. Diese Erfahrung machte JENS klar: Das Leben ist zu kurz f\u00fcr irgendwann. Aus dieser Erkenntnis wurde ein musikalisches Statement, das Mut macht, im Moment zu leben. Die Zeile fand \u00fcbrigens bereits im Debut-Schlager von JENS (\u201eIch bleib bei dir\u201c) statt \u2013 und steht nun im Fokus der neuen Single.<\/p>\n<p style=\"text-align: justify;\">Musikalisch bewegt sich \u201eZu kurz f\u00fcr irgendwann\u201c im modernen Pop-Schlager, mit einer klaren, eing\u00e4ngigen Melodie und einem eing\u00e4ngigen Refrain, der sofort h\u00e4ngen bleibt. Der Song verbindet Lebensfreude, Motivation und Nachdenklichkeit \u2013 eine Mischung, die sowohl zum Tanzen als auch zum Innehalten einl\u00e4dt. Viele Zeilen des Songs wie \u201eTr\u00e4ume warten nicht auf morgen\u201c sind einfache, aber starke Lebensweisheiten, verpackt in ein Arrangement, das zugleich positiv und tiefgr\u00fcndig klingt.<\/p>\n<p style=\"text-align: justify;\">Nach seiner erfolgreichen Deb\u00fctsingle \u201eIch bleib bei mir\u201c, die \u00fcber 10.000 Streams in wenigen Wochen erreichte, zeigt JENS BOCKISCH erneut, wof\u00fcr er steht: Ehrlichkeit, Authentizit\u00e4t und klare Botschaften. Er singt nicht \u00fcber Oberfl\u00e4chlichkeiten, sondern \u00fcber das, was im Leben wirklich z\u00e4hlt.<\/p>\n<p style=\"text-align: justify;\">\u201eZu kurz f\u00fcr irgendwann\u201c ist ein musikalischer Weckruf, ein Soundtrack f\u00fcr alle, die sp\u00fcren: Jetzt ist die Zeit, etwas zu ver\u00e4ndern. Der Song ist ein moderner Pop-Schlager mit Seele \u2013 ehrlich, lebensnah und voller Energie. Wer diesen Popschlager h\u00f6rt, wird sich unweigerlich fragen: Worauf warte ich eigentlich noch?<\/p>\n<p style=\"text-align: justify;\">\n","protected":false},"excerpt":{"rendered":"<p>Die neue Single von JENS verbindet Lebensfreude, Motivation und Nachdenklichkeit!<\/p>\n","protected":false},"author":2,"featured_media":250574,"comment_status":"open","ping_status":"closed","sticky":false,"template":"","format":"standard","meta":{"_FSMCFIC_featured_image_caption":"","_FSMCFIC_featured_image_nocaption":"","_FSMCFIC_featured_image_hide":""},"categories":[28],"tags":[4800],"acf":[],"_links":{"self":[{"href":"https:\/\/smago.de\/ws2\/wp-json\/wp\/v2\/posts\/250731"}],"collection":[{"href":"https:\/\/smago.de\/ws2\/wp-json\/wp\/v2\/posts"}],"about":[{"href":"https:\/\/smago.de\/ws2\/wp-json\/wp\/v2\/types\/post"}],"author":[{"embeddable":true,"href":"https:\/\/smago.de\/ws2\/wp-json\/wp\/v2\/users\/2"}],"replies":[{"embeddable":true,"href":"https:\/\/smago.de\/ws2\/wp-json\/wp\/v2\/comments?post=250731"}],"version-history":[{"count":2,"href":"https:\/\/smago.de\/ws2\/wp-json\/wp\/v2\/posts\/250731\/revisions"}],"predecessor-version":[{"id":250733,"href":"https:\/\/smago.de\/ws2\/wp-json\/wp\/v2\/posts\/250731\/revisions\/250733"}],"wp:featuredmedia":[{"embeddable":true,"href":"https:\/\/smago.de\/ws2\/wp-json\/wp\/v2\/media\/250574"}],"wp:attachment":[{"href":"https:\/\/smago.de\/ws2\/wp-json\/wp\/v2\/media?parent=250731"}],"wp:term":[{"taxonomy":"category","embeddable":true,"href":"https:\/\/smago.de\/ws2\/wp-json\/wp\/v2\/categories?post=250731"},{"taxonomy":"post_tag","embeddable":true,"href":"https:\/\/smago.de\/ws2\/wp-json\/wp\/v2\/tags?post=250731"}],"curies":[{"name":"wp","href":"https:\/\/api.w.org\/{rel}","templated":true}]}}