{"id":250418,"date":"2025-11-07T00:00:35","date_gmt":"2025-11-06T23:00:35","guid":{"rendered":"https:\/\/smago.de\/ws2\/?p=250418"},"modified":"2025-11-06T23:33:27","modified_gmt":"2025-11-06T22:33:27","slug":"andrea-berg-die-neue-edition-ihres-nr-1-albums-weihnacht-ist-da","status":"publish","type":"post","link":"https:\/\/smago.de\/ws2\/schlager\/andrea-berg-die-neue-edition-ihres-nr-1-albums-weihnacht-ist-da\/","title":{"rendered":"ANDREA BERG <br>Die neue Edition ihres Nr. 1 Albums \u201eWeihnacht\u201c ist da!"},"content":{"rendered":"<p class=\"p2\">Erh\u00e4ltlich als Doppel-CD, limitierte Fanbox und in exklusiven Bundles! <span class=\"s3\">Mit neuen, selbst verfassten Weihnachtssongs von Andrea Berg!<\/span><!--more--><\/p>\n<p>&nbsp;<\/p>\n<p>&nbsp;<\/p>\n<p>&nbsp;<\/p>\n<p style=\"text-align: justify;\">\n<p class=\"p3\" style=\"text-align: justify;\">Mit der Ver\u00f6ffentlichung ihrer neuen Edition zu ihrem Nummer-Eins-Album \u201eWeihnacht\u201c am 07.11.2025 l\u00e4utet Andrea Berg die sch\u00f6nste Zeit des Jahres ein. \u201eWeihnacht\u201c erscheint als Doppel-CD, limitierte Fanbox sowie in exklusiven Bundle-Konfigurationen.<\/p>\n<p class=\"p3\" style=\"text-align: justify;\">Ein Blick auf die Titelliste der neuen Edition von \u201eWeihnacht\u201c h\u00e4lt f\u00fcr alle Fans einige \u00dcberraschungen bereit. Unter den insgesamt 24 Songs befinden sich neben dem kompletten Nummer-Eins-Album \u201eWeihnacht\u201c auch brandneue und von Andrea Berg selbst verfasste Titel &#8211; darunter die neue Single \u201eDann sind alle da\u201c \u2013 und neue Weihnachtsklassiker.<\/p>\n<p class=\"p3\" style=\"text-align: justify;\">\u201eWeihnachten ist das Fest der Familie und der Freude. Dankbar zu sein f\u00fcr das Wichtigste, was man hat und jeden Moment gemeinsam genie\u00dfen \u2013 dieses Gef\u00fchl m\u00f6chte ich mit den Songs auf meiner neuen Edition zum Ausdruck bringen\u201c, freut sich Andrea Berg auf die Album-V\u00d6, die sie am 20.11.2025 gemeinsam mit ihren Fans bei der Christmas-Release-Party in ihrer Heimat Aspach feiert. Die exklusive Zugangsberechtigung ist unter www.andrea-berg.de erh\u00e4ltlich und beinhaltet die neue Edition auf CD.<\/p>\n<p class=\"p3\" style=\"text-align: justify;\">Erstmals live auf der B\u00fchne wird Andrea Berg dann auch ihre neue Single \u201eDann sind alle da\u201c pr\u00e4sentieren.<\/p>\n<p class=\"p3\" style=\"text-align: justify;\"><span class=\"s4\">\u201c<\/span><i>Dann sind alle da, ganz genau, wies immer war. In der Stube ist es warm und Papa nimmt mich in den Arm. Omas Pl\u00e4tzchen, Opas Eisenbahn, Mama z\u00fcndet Kerzen an, festlich strahlt der Baum, das ist mein Weihnachtstraum.\u201c <\/i><\/p>\n<p class=\"p3\" style=\"text-align: justify;\">Die Lyrics zum Song stammen aus der Feder von Andrea Berg und machen deutlich, worauf es der Ausnahmek\u00fcnstlerin an Weihnachten ankommt: Mit seinen Liebsten zusammen zu sein, sich Geschichten zu erz\u00e4hlen \u00fcber den Opa und die Oma &#8211; mit Fr\u00f6hlichkeit und Dankbarkeit.<\/p>\n<p class=\"p3\" style=\"text-align: justify;\">Ein besonderes Highlight ist auch dieses Mal die streng limitierte Fanbox, die neben der Doppel-CD einen Andrea Berg-Winterschal, einen Weihnachtstruck mit Covermotiv sowie ein Set aus Weihnachtssternen enth\u00e4lt.<\/p>\n<p class=\"p3\" style=\"text-align: justify;\">\u201eWeihnacht\u201c erscheint dar\u00fcber hinaus in weiteren attraktiven Bundle-Konfigurationen mit Weihnachtstasse oder Weihnachtskugel im Andrea Berg-Look.<\/p>\n<p style=\"text-align: justify;\">\n<p>&nbsp;<\/p>\n<p>&nbsp;<\/p>\n<p>&nbsp;<\/p>\n<p class=\"p3\"><b>TITELLISTE \u201eWeihnacht\u201c <\/b><\/p>\n<p>&nbsp;<\/p>\n<p>&nbsp;<\/p>\n<p class=\"p3\"><em><b>CD 1<\/b><\/em><\/p>\n<p>&nbsp;<\/p>\n<p class=\"p3\">01) Dezembertraum<\/p>\n<p class=\"p3\">02) Weihnacht<\/p>\n<p class=\"p3\">03) S\u00fc\u00df singt der Engelchor<\/p>\n<p class=\"p3\">04) Wei\u00dfer Winterwald<\/p>\n<p class=\"p3\">05) K\u00fcss mich unterm Mistelzweig<\/p>\n<p class=\"p3\">06) Es ist wieder Weihnacht<\/p>\n<p class=\"p3\">07) Schneefl\u00f6ckchen, Wei\u00dfr\u00f6ckchen<\/p>\n<p class=\"p3\">08) Feliz Navidad<\/p>\n<p class=\"p3\">09) Alle Jahre wieder<\/p>\n<p class=\"p3\">10) Denn es ist Weihnachtszeit<\/p>\n<p class=\"p3\">11) Der kleine Trommler<\/p>\n<p class=\"p3\">12) Stille Nacht<\/p>\n<p class=\"p3\">13) Die wei\u00dfen Tauben<\/p>\n<p class=\"p3\"><em><b>CD 2 <\/b><\/em><\/p>\n<p class=\"p3\">01) Zwei Spuren im Schnee<\/p>\n<p class=\"p3\">02) Der Weihnachtsmann kommt heute in die Stadt<\/p>\n<p class=\"p3\">03) Am Weihnachtsbaum die Lichter brennen<\/p>\n<p class=\"p3\">04) Dann sind alle da<\/p>\n<p class=\"p3\">05) O du fr\u00f6hliche<\/p>\n<p class=\"p3\">06) SOS an den Weihnachtsmann<\/p>\n<p class=\"p3\">07) Fr\u00f6hliche Weihnacht \u00fcberall<\/p>\n<p class=\"p3\">08) The Prayer (im Duett mit Semino Rossi)<\/p>\n<p class=\"p3\">09) Mamatschi<\/p>\n<p class=\"p3\">10) Still, still, still, weils Kindlein schlafen will<\/p>\n<p class=\"p3\">11) Aba Heidschi Bumbeidschi<\/p>\n<p class=\"p3\">Die neue Edition \u201eWeihnacht\u201c ist in folgenden Konfigurationen erh\u00e4ltlich:<\/p>\n<p class=\"p3\"><b>Doppel-Album <\/b><\/p>\n<p class=\"p3\">2 CDs im DigiSleeve (inkl. Booklet)<\/p>\n<p class=\"p3\"><b>Limitierte Fanbox <\/b><\/p>\n<p class=\"p3\">Streng limitierte Fanbox mit den Inhalten:<\/p>\n<ul class=\"ul1\">\n<li class=\"li4\">2 CDs im DigiSleeve (inkl. Booklet)<\/li>\n<li class=\"li4\">Exklusiver Winterschal im Andrea Berg-Look<\/li>\n<li class=\"li4\">Exklusiver Weihnachtstruck im Andrea Berg-Look<\/li>\n<li class=\"li3\">Exklusive Weihnachtssterne im Set<\/li>\n<\/ul>\n<p class=\"p3\"><b><i>Exklusiv erh\u00e4ltlich unter <a href=\"http:\/\/www.andrea-berg.de\">www.andrea-berg.de <\/a><\/i><\/b><\/p>\n<p class=\"p3\"><b>Bundle Doppel-Album \u201eWeihnacht\u201c &amp; exklusive Zugangsberechtigung Christmas-Release-Party von Andrea Berg <\/b><\/p>\n<p class=\"p3\">Bundle bestehend aus:<\/p>\n<ul class=\"ul1\">\n<li class=\"li3\">Exklusive Zugangsberechtigung f\u00fcr die Christmas-Release-Party zur neuen Edition inkl. Konzert von Andrea Berg am 20.11.2025 im \u201eBergwerk\u201c Aspach (Beginn 20 Uhr, Sonnenhof 1, 71546 Aspach)<\/li>\n<\/ul>\n<ul class=\"ul1\">\n<li class=\"li3\">2 CDs im DigiSleeve (inkl. Booklet)<\/li>\n<\/ul>\n<p class=\"p3\"><b>Bundle Doppel-Album \u201eWeihnacht\u201c &amp; Weihnachtskugel <\/b><\/p>\n<p class=\"p3\">Bundle bestehend aus:<\/p>\n<ul class=\"ul1\">\n<li class=\"li4\">2 CDs im DigiSleeve (inkl. Booklet)<\/li>\n<li class=\"li3\">Weihnachtskugel (ca. 9,5 cm) in edlem Gr\u00fcn im Andrea Berg-Look<\/li>\n<\/ul>\n<p class=\"p3\"><b>Bundle Doppel-Album \u201eWeihnacht\u201c &amp; Weihnachtstasse <\/b><\/p>\n<p class=\"p3\">Bundle bestehend aus:<\/p>\n<ul class=\"ul1\">\n<li class=\"li6\">2 CDs im DigiSleeve (inkl. Booklet)<\/li>\n<li class=\"li3\">Weihnachtstasse im Andrea Berg-Look<\/li>\n<\/ul>\n<p class=\"p3\"><b><i>Exklusiv erh\u00e4ltlich bei Amazon <\/i><\/b><\/p>\n<p class=\"p3\"><b>Doppel-Album inkl. Weihnachtsgeschichte \u201eDer Tannenbaum\u201c <\/b><\/p>\n<p class=\"p3\">2 CDs im DigiSleeve (inkl. Booklet) &amp; Weihnachtsgeschichte \u201eDer Tannenbaum\u201c, gelesen von Andrea Berg<\/p>\n<p>&nbsp;<\/p>\n<p>&nbsp;<\/p>\n<p><img decoding=\"async\" loading=\"lazy\" class=\"alignnone size-large wp-image-250420\" src=\"https:\/\/smago.de\/ws2\/wp-content\/uploads\/2025\/11\/Cover-Weihnacht-Credit-Bergrecords-Sandra-Ludewig-800x800.jpg\" alt=\"\" width=\"800\" height=\"800\" srcset=\"https:\/\/smago.de\/ws2\/wp-content\/uploads\/2025\/11\/Cover-Weihnacht-Credit-Bergrecords-Sandra-Ludewig-800x800.jpg 800w, https:\/\/smago.de\/ws2\/wp-content\/uploads\/2025\/11\/Cover-Weihnacht-Credit-Bergrecords-Sandra-Ludewig-522x522.jpg 522w, https:\/\/smago.de\/ws2\/wp-content\/uploads\/2025\/11\/Cover-Weihnacht-Credit-Bergrecords-Sandra-Ludewig-150x150.jpg 150w, https:\/\/smago.de\/ws2\/wp-content\/uploads\/2025\/11\/Cover-Weihnacht-Credit-Bergrecords-Sandra-Ludewig-768x768.jpg 768w, https:\/\/smago.de\/ws2\/wp-content\/uploads\/2025\/11\/Cover-Weihnacht-Credit-Bergrecords-Sandra-Ludewig-1536x1536.jpg 1536w, https:\/\/smago.de\/ws2\/wp-content\/uploads\/2025\/11\/Cover-Weihnacht-Credit-Bergrecords-Sandra-Ludewig-272x272.jpg 272w, https:\/\/smago.de\/ws2\/wp-content\/uploads\/2025\/11\/Cover-Weihnacht-Credit-Bergrecords-Sandra-Ludewig-600x600.jpg 600w, https:\/\/smago.de\/ws2\/wp-content\/uploads\/2025\/11\/Cover-Weihnacht-Credit-Bergrecords-Sandra-Ludewig-130x130.jpg 130w, https:\/\/smago.de\/ws2\/wp-content\/uploads\/2025\/11\/Cover-Weihnacht-Credit-Bergrecords-Sandra-Ludewig-445x445.jpg 445w, https:\/\/smago.de\/ws2\/wp-content\/uploads\/2025\/11\/Cover-Weihnacht-Credit-Bergrecords-Sandra-Ludewig-190x190.jpg 190w, https:\/\/smago.de\/ws2\/wp-content\/uploads\/2025\/11\/Cover-Weihnacht-Credit-Bergrecords-Sandra-Ludewig-290x290.jpg 290w, https:\/\/smago.de\/ws2\/wp-content\/uploads\/2025\/11\/Cover-Weihnacht-Credit-Bergrecords-Sandra-Ludewig.jpg 2000w\" sizes=\"(max-width: 800px) 100vw, 800px\" \/><\/p>\n","protected":false},"excerpt":{"rendered":"<p>Erh\u00e4ltlich als Doppel-CD, limitierte Fanbox und in exklusiven Bundles! Mit neuen, selbst verfassten Weihnachtssongs von Andrea Berg!<\/p>\n","protected":false},"author":2,"featured_media":250419,"comment_status":"open","ping_status":"closed","sticky":false,"template":"","format":"standard","meta":{"_FSMCFIC_featured_image_caption":"","_FSMCFIC_featured_image_nocaption":"","_FSMCFIC_featured_image_hide":""},"categories":[29,39],"tags":[74],"acf":[],"_links":{"self":[{"href":"https:\/\/smago.de\/ws2\/wp-json\/wp\/v2\/posts\/250418"}],"collection":[{"href":"https:\/\/smago.de\/ws2\/wp-json\/wp\/v2\/posts"}],"about":[{"href":"https:\/\/smago.de\/ws2\/wp-json\/wp\/v2\/types\/post"}],"author":[{"embeddable":true,"href":"https:\/\/smago.de\/ws2\/wp-json\/wp\/v2\/users\/2"}],"replies":[{"embeddable":true,"href":"https:\/\/smago.de\/ws2\/wp-json\/wp\/v2\/comments?post=250418"}],"version-history":[{"count":2,"href":"https:\/\/smago.de\/ws2\/wp-json\/wp\/v2\/posts\/250418\/revisions"}],"predecessor-version":[{"id":250422,"href":"https:\/\/smago.de\/ws2\/wp-json\/wp\/v2\/posts\/250418\/revisions\/250422"}],"wp:featuredmedia":[{"embeddable":true,"href":"https:\/\/smago.de\/ws2\/wp-json\/wp\/v2\/media\/250419"}],"wp:attachment":[{"href":"https:\/\/smago.de\/ws2\/wp-json\/wp\/v2\/media?parent=250418"}],"wp:term":[{"taxonomy":"category","embeddable":true,"href":"https:\/\/smago.de\/ws2\/wp-json\/wp\/v2\/categories?post=250418"},{"taxonomy":"post_tag","embeddable":true,"href":"https:\/\/smago.de\/ws2\/wp-json\/wp\/v2\/tags?post=250418"}],"curies":[{"name":"wp","href":"https:\/\/api.w.org\/{rel}","templated":true}]}}