{"id":250413,"date":"2025-11-06T19:24:48","date_gmt":"2025-11-06T18:24:48","guid":{"rendered":"https:\/\/smago.de\/ws2\/?p=250413"},"modified":"2025-11-06T19:33:43","modified_gmt":"2025-11-06T18:33:43","slug":"ramon-roselly-wie-ein-wunder-oder-ein-lied-wie-eine-umarmung","status":"publish","type":"post","link":"https:\/\/smago.de\/ws2\/uncategorized\/ramon-roselly-wie-ein-wunder-oder-ein-lied-wie-eine-umarmung\/","title":{"rendered":"RAMON ROSELLY <br>&#8222;Wie ein Wunder&#8220; ODER Ein Lied wie eine Umarmung!"},"content":{"rendered":"<p style=\"text-align: justify;\">Mit seiner Single schenkt Ramon Roselly einen Moment voller W\u00e4rme und weihnachtlicher Sehnsucht!<!--more--><\/p>\n<p>&nbsp;<\/p>\n<p>&nbsp;<\/p>\n<p>&nbsp;<\/p>\n<p id=\"isPasted\" class=\"default\" style=\"text-align: justify;\">Weihnachten 2025 hat einen komplett neuen Soundtrack: mit <strong>\u201eWeihnachten wie damals\u201c<\/strong> ver\u00f6ffentlicht <strong>RAMON ROSELLY <\/strong>sein erstes Weihnachtsalbum! W\u00e4hrend die Single <strong>\u201eWie ein Wunder\u201c<\/strong> am <strong>7.November 2025<\/strong> auf den Playlisten landet, erscheint das Album am <strong>21. November 2025<\/strong>. Auf <strong>\u201eWeihnachten wie damals\u201c<\/strong> pr\u00e4sentiert<strong>\u00a0Roselly<\/strong> gleich ein ganzes Dutzend brandneuer Titel, die klassisch und zeitlos anmuten &#8211; aber doch vollkommen neu sind und zugleich seine unverkennbare Handschrift tragen. So facettenreich klingt #WeihnachtenWieDamals im Winter 2025!<\/p>\n<p class=\"default\" style=\"text-align: justify;\">Es klingt feierlich und gem\u00fctlich zugleich, komplett neu \u2013 und dabei doch irgendwie wunderbar vertraut: <em>\u201e\u2026 und wir gehen zusammen ins M\u00e4rchenland, Hand in Hand\u201c<\/em>, entf\u00fchrt uns <strong>Ramon Roselly<\/strong> mit der Single <strong>\u201eWie ein Wunder\u201c<\/strong> in sein eigenes Winterwunderland. Der Rhythmus ist dezent schwungvoll und treibend, die Streicher legen sich wie eine glitzernde Schneedecke auf die Klanglandschaft, die ganz bewusst auch stellenweise mit Vertrautem (Stichwort Wham!) spielt und gerade in diesem klanglichen Flirt ihr ganzes Ohrwurmpotenzial entfaltet: <em>\u201eDie Weihnachtszeit ist immer wie ein Wunder, die gr\u00f6\u00dften W\u00fcnsche werden Wirklichkeit!\u201c<\/em><\/p>\n<p class=\"default\" style=\"text-align: justify;\">Dass es <strong>Ramon Roselly<\/strong> gerade nicht darum geht, mit Traditionen zu brechen oder das Weihnachtsfest komplett umzukrempeln, beweist schon dieser Vorgeschmack aufs <strong>\u201eWeihnachten wie damals\u201c<\/strong>-Album, f\u00fcr das sich der einstige Zirkus-Star nicht nur von gro\u00dfen Vorbildern (u.a. Barry White, Tom Jones, Dean Martin, Frank Sinatra, Sammy Davis Jr.) inspirieren lie\u00df, sondern auch von der eigenen Kindheit: <em>\u201eIch habe mir vorgestellt, wie ich mit 11 oder 12 Jahren hier am Tisch sitze mit meiner Familie. Dieses wundersch\u00f6ne Gef\u00fchl wollte ich einfangen\u2026\u201c<\/em>, so der 31-J\u00e4hrige, der rund die H\u00e4lfte der neuen Titel zusammen mit seinem angestammten Producer <em>Jeo (Jeo Koba)<\/em> entwickelt hat. Als weitere Co-Songwriter holte <strong>Roselly<\/strong>, der \u00fcbrigens auch im Hochsommer gerne Weihnachtslieder h\u00f6rt (und singt!), au\u00dferdem <em>Christina Schwa\u00df<\/em> und <em>Matthias Hass<\/em> zu sich ins Studio.<\/p>\n<p class=\"default\" style=\"text-align: justify;\"><strong>Ramon Roselly<\/strong> war 24, als die Familie vor ein paar Jahren den Zirkusbetrieb einstellte, woraufhin er nach einer kurzen Phase als selbstst\u00e4ndiger Geb\u00e4udereiniger den n\u00e4chsten Anlauf nahm &#8211; und schon 2020 als Solok\u00fcnstler ins grellste Rampenlicht zur\u00fcckkehren sollte. Nicht nur sein Erdrutschsieg bei \u201eDSDS\u201c setzte neue Ma\u00dfst\u00e4be auf der Beliebtheitsskala, denn die Deb\u00fctsingle <em>\u201eEine Nacht\u201c\u00a0<\/em>sorgte f\u00fcr einen regelrechten Popschlagerboom, als gleich die erste Ver\u00f6ffentlichung nicht nur die #1 der deutschen Singlecharts, sondern auch die #1 in den Pop-Airplay-Jahrescharts (!) eroberte. Nachdem sich sein in \u00d6sterreich und Deutschland vergoldetes #2-Deb\u00fctalbum <em>\u201eHerzenssache\u201c\u00a0<\/em>knapp ein Vierteljahr lang in den Top-10 (DE) halten sollte (und in \u00d6sterreich sogar auf die #1 ging), schrammte auch der Nachfolger <em>\u201eLieblingsmomente\u201c<\/em> (#2 DE; Top-3 AT &amp; CH) nur haarscharf an Platz 1 vorbei. W\u00e4hrend die Gesamtzahl seiner Streams langsam aber sicher auf den dreistelligen Millionenbereich zusteuert, mischte auch das programmatische Album <em>\u201eTr\u00e4ume leben\u201c<\/em> die Spitzenregion der Charts auf, die der vielfach pr\u00e4mierte Allrounder (u.a. smago! Award, <em>\u201eDie Eins der Besten\u201c<\/em>, <em>\u201eGoldene Henne\u201c<\/em>) erst im August 2024 ein weiteres Mal eroberte &#8211; mit dem aktuellen Top-10-Album <em>\u201eS\u00fcchtig\u201c<\/em> (#8 DE). Der Vorverkauf f\u00fcr die n\u00e4chste gro\u00dfe \u201e<em>Zirkus meines Lebens\u201c<\/em>-Show im Zwickauer Sachsenpalast, wo <strong>Ramon Roselly\u00a0<\/strong>am <strong>9. Januar 2026<\/strong>erneut auftreten wird, hat bereits begonnen.<\/p>\n<p>Ein ganz besonderes <em>\u201eHerz-an-Herz-Gef\u00fchl\u201c<\/em> vertont <strong>Ramon Roselly<\/strong> auf <strong>\u201eWie ein Wunder\u201c<\/strong>, mit der er den Countdown auf das Weihnachtsfest er\u00f6ffnet.<\/p>\n<p>&nbsp;<\/p>\n<p>&nbsp;<\/p>\n<p>&nbsp;<\/p>\n<p style=\"text-align: justify;\"><strong>Folgen Sie Ramon Roselly:<\/strong><\/p>\n<p>&nbsp;<\/p>\n<p>&nbsp;<\/p>\n<p id=\"isPasted\" class=\"default\" style=\"text-align: justify;\"><strong>Facebook:<\/strong> <a href=\"https:\/\/g6xhi.r.sp1-brevo.net\/mk\/cl\/f\/sh\/SMK1E8tHeG1QOf1pi5laBKFrKmPR\/NEMdDW1_3tn4\">https:\/\/www.facebook.com\/RamonRoselly\/<\/a><\/p>\n<p class=\"default\" style=\"text-align: justify;\"><strong>TikTok:<\/strong> <a title=\":https:\/\/www.tiktok.com\/@ramonroselly_offiziell\" href=\"https:\/\/g6xhi.r.sp1-brevo.net\/mk\/cl\/f\/sh\/SMK1E8tHeG8HqnqmtFv4H9YbJ4zh\/Rhivq-nzsgC8\" target=\"_blank\" rel=\"noopener\">https:\/\/www.tiktok.com\/@ramonroselly_offiziell<\/a><\/p>\n<p class=\"default\" style=\"text-align: justify;\"><strong>Instagram:<\/strong>\u00a0<a href=\"https:\/\/g6xhi.r.sp1-brevo.net\/mk\/cl\/f\/sh\/SMK1E8tHeGF9Iwfk4Q4YMyrLHNZx\/ZN-6reAxyz1B\">https:\/\/www.instagram.com\/ramonroselly_official<\/a><\/p>\n<p>&nbsp;<\/p>\n<p>&nbsp;<\/p>\n<p>Der neue Titel <strong>\u201eWie ein Wunder\u201c<\/strong> von <strong>Ramon Roselly<\/strong> erscheint am<strong> 07.11.2025 <\/strong>bei <strong>TELAMO.<\/strong><\/p>\n","protected":false},"excerpt":{"rendered":"<p>Mit seiner Single schenkt Ramon Roselly einen Moment voller W\u00e4rme und weihnachtlicher Sehnsucht!<\/p>\n","protected":false},"author":2,"featured_media":250414,"comment_status":"open","ping_status":"closed","sticky":false,"template":"","format":"standard","meta":{"_FSMCFIC_featured_image_caption":"","_FSMCFIC_featured_image_nocaption":"","_FSMCFIC_featured_image_hide":""},"categories":[1],"tags":[],"acf":[],"_links":{"self":[{"href":"https:\/\/smago.de\/ws2\/wp-json\/wp\/v2\/posts\/250413"}],"collection":[{"href":"https:\/\/smago.de\/ws2\/wp-json\/wp\/v2\/posts"}],"about":[{"href":"https:\/\/smago.de\/ws2\/wp-json\/wp\/v2\/types\/post"}],"author":[{"embeddable":true,"href":"https:\/\/smago.de\/ws2\/wp-json\/wp\/v2\/users\/2"}],"replies":[{"embeddable":true,"href":"https:\/\/smago.de\/ws2\/wp-json\/wp\/v2\/comments?post=250413"}],"version-history":[{"count":3,"href":"https:\/\/smago.de\/ws2\/wp-json\/wp\/v2\/posts\/250413\/revisions"}],"predecessor-version":[{"id":250417,"href":"https:\/\/smago.de\/ws2\/wp-json\/wp\/v2\/posts\/250413\/revisions\/250417"}],"wp:featuredmedia":[{"embeddable":true,"href":"https:\/\/smago.de\/ws2\/wp-json\/wp\/v2\/media\/250414"}],"wp:attachment":[{"href":"https:\/\/smago.de\/ws2\/wp-json\/wp\/v2\/media?parent=250413"}],"wp:term":[{"taxonomy":"category","embeddable":true,"href":"https:\/\/smago.de\/ws2\/wp-json\/wp\/v2\/categories?post=250413"},{"taxonomy":"post_tag","embeddable":true,"href":"https:\/\/smago.de\/ws2\/wp-json\/wp\/v2\/tags?post=250413"}],"curies":[{"name":"wp","href":"https:\/\/api.w.org\/{rel}","templated":true}]}}