{"id":250404,"date":"2025-11-06T19:16:50","date_gmt":"2025-11-06T18:16:50","guid":{"rendered":"https:\/\/smago.de\/ws2\/?p=250404"},"modified":"2025-11-06T19:17:34","modified_gmt":"2025-11-06T18:17:34","slug":"art-garfunkel-art-garfunkel-jr-gemeinsam-singen-sie-den-kult-song-happy-xmas-war-is-over-von-john-lennon-yoko-ono","status":"publish","type":"post","link":"https:\/\/smago.de\/ws2\/schlager\/art-garfunkel-art-garfunkel-jr-gemeinsam-singen-sie-den-kult-song-happy-xmas-war-is-over-von-john-lennon-yoko-ono\/","title":{"rendered":"ART GARFUNKEL &#038; ART GARFUNKEL JR. <br>Gemeinsam singen sie den Kult-Song &#8222;Happy Xmas (War Is Over)&#8220; von John Lennon &#038; Yoko Ono!"},"content":{"rendered":"<p style=\"text-align: justify;\">Art Garfunkel Jr. k\u00fcndigt sein erstes Weihnachtsalbum &#8222;Advent&#8220; im Schulterschluss mit seinem Vater an. Jetzt kommt die erste gemeinsam mit Art Garfunkel Sr. aufgenommene Single \u201eHappy Xmas (War Is Over)\u201c!<!--more--><\/p>\n<p>&nbsp;<\/p>\n<p class=\"default\" style=\"text-align: justify;\">Ruhe und Einkehr, ganz viel Gef\u00fchl und Besinnlichkeit zum Jahresabschluss: <strong>Art Garfunkel Jr.<\/strong> k\u00fcndigt sein erstes Weihnachtsalbum <strong>\u201eAdvent\u201c<\/strong> an, mit dem er seine Fans zum Abschalten und Tr\u00e4umen einl\u00e4dt. Nachdem der gefeierte US-S\u00e4nger zuletzt gleich mehrfach die Topregion der Offiziellen Deutschen Albumcharts aufgemischt und gemeinsam mit seinem Vater (als <strong>Garfunkel &amp; Garfunkel<\/strong>) sogar die Top-5 geknackt hat, ist <strong>Garfunkel Sr.<\/strong> auch beim ersten weihnachtlichen Single-Vorboten mit von der Partie: Ihre packende Interpretation von <strong>\u201eHappy Xmas (War Is Over)\u201c<\/strong> (Lennon\/Ono) landet am <strong>7. November 2025 <\/strong>auf den Playlists!<\/p>\n<p class=\"default\" style=\"text-align: justify;\"><strong>\u00a0<\/strong>Schon dieser erste Single-Vorgeschmack macht deutlich, dass <strong>Art Garfunkel Jr.<\/strong> f\u00fcr sein erstes Weihnachtsalbum gerade nicht auf laute Effekte setzt &#8211; und genau deshalb maximale Gef\u00fchlstiefe erreicht: Konzentriert auf seine ungemein hohe Gesangsstimme und traumhaft schwerelose Arrangements, dringt er zusammen mit seinem angestammten Produzenten <em>Felix Gauder<\/em> (Pet Shop Boys, Jimmy Somerville, Andrea Berg, Maite Kelly) zum emotionalen Kern der von ihm ausgew\u00e4hlten Kompositionen vor, legt deren Kern frei, indem er bewusst auf Minimalismus, auf \u201e<em>less is more<\/em>\u201c setzt.<\/p>\n<p class=\"default\" style=\"text-align: justify;\">Viel Raum und viel Ruhe bilden auch auf der ersten Single <strong>\u201eHappy Xmas (War Is Over)\u201c<\/strong> den Rahmen f\u00fcr die Gesangsstimmen des Vater-Sohn-Duos: <em>\u201eA very Merry Christmas\/and Happy New Year\/Let\u2019s hope it\u2019s a good one\/Without any fear\u201c<\/em>,<em>\u00a0<\/em>lautet die auch aktuell so wichtige Friedensbotschaft, die John Lennon und Yoko Ono erstmals 1971 in den USA ver\u00f6ffentlichten. Hier ausnahmsweise auf Englisch &#8211; das Gros der Songs von <strong>\u201eAdvent\u201c<\/strong> hat <strong>Art Garfunkel Jr.<\/strong> auf Deutsch eingesungen, was der geb\u00fcrtige US-Amerikaner schon seit vielen Jahren wie eine zweite Muttersprache beherrscht -, setzt sein Producer f\u00fcrs Arrangement auf sanfte Keyboard-Wogen, die von explosiven Akzenten aufgebrochen werden: ein epischer Soundtrack zum Fest.<\/p>\n<p class=\"default\" style=\"text-align: justify;\">Insgesamt vereint das dazugeh\u00f6rige <strong>\u201eAdvent\u201c<\/strong>-Album gleich 14 wundersch\u00f6ne Titel, packende Interpretationen von Traditionals und weihnachtlichen Klassikern, die <strong>Art Garfunkel Jr.<\/strong> mit extrem viel Gef\u00fchl in seine ganz eigene Klangwelt \u00fcberf\u00fchrt hat. Zumeist sehr minimalistisch arrangiert, gibt\u2019s auch \u00fcberraschende Exkurse &#8211; in die Sonne, in die Achtziger -, dazu holt er f\u00fcr insgesamt drei Neuinterpretationen auch seinen Vater <strong>Art Garfunkel<\/strong> zu sich ans Mikrofon. Erh\u00e4ltlich ab dem 28. November 2025, erscheint <strong>\u201eAdvent\u201c<\/strong> auch physisch in vielen verschiedenen Konfigurationen: Der digitale Release und die CD-Variante mit 14 Tracks werden flankiert von einer erweiterten Vinyl-Edition (2LP, inklusive zwei A-Capella-Versionen als Bonustracks) sowie einer limitierten Fanbox, die neben der CD auch diverse Specials vereint. Vorbestellungen der Editionen sind bereits m\u00f6glich.<\/p>\n<p class=\"default\" style=\"text-align: justify;\">Geb\u00fcrtig aus Manhattan\/NYC und schon als Teenager in Berlin gelandet, ist <strong>Art Garfunkel Jr.<\/strong> (*1990) zuletzt eindrucksvoll in die Fu\u00dfstapfen seines Vaters getreten, um dabei doch seinen ganz eigenen Weg zu gehen: Entpuppte sich schon das deutschsprachige Solo-Deb\u00fctalbum <em>\u201eWie Du\u201c<\/em> (2021) als sensationeller Top-10-Erfolg in den deutschen Albumcharts (wo es sich knapp 30 Wochen lang hielt!), stieg auch der Nachfolger \u201eEvergreen\u201c (2023) direkt in die Top-15 ein. Das mit seinem Vater als <strong>Garfunkel &amp; Garfunkel\u00a0<\/strong>ver\u00f6ffentlichte <strong>\u201eFather and Son\u201c<\/strong>-Album landete im November 2024 sogar in den Top-5 der Offiziellen Deutschen Albumcharts und kassierte obendrein auch international reichlich Kritikerlob (u.a. <em>US-Rolling Stone, Forbes, NYT, NME, Sunday Times<\/em>).<\/p>\n<p>&nbsp;<\/p>\n<p>&nbsp;<\/p>\n<p>&nbsp;<\/p>\n<p><strong>Folgen Sie Art Garfunkel Jr.:<\/strong><\/p>\n<p>&nbsp;<\/p>\n<p>Website:<strong>\u00a0<\/strong><span class=\"cf0\"><a title=\"https:\/\/www.artgarfunkeljunior.com\/\" href=\"https:\/\/g6xhi.r.sp1-brevo.net\/mk\/cl\/f\/sh\/6rqJfgq8dISlVIbLkLlLLxTFA1R\/LlIQP7RNLl7j\" target=\"_blank\" rel=\"noopener noreferrer\">https:\/\/www.artgarfunkeljunior.com\/<\/a><\/span><\/p>\n<p class=\"default\"><span class=\"cf0\">Instagram:\u00a0<\/span><span class=\"cf0\"><a title=\"https:\/\/www.instagram.com\/artgarfunkeljr\/?hl=de\" href=\"https:\/\/g6xhi.r.sp1-brevo.net\/mk\/cl\/f\/sh\/6rqJfgq8dIUQXktVEfAtHYbAnKT\/YQ-LMsZfNItX\" target=\"_blank\" rel=\"noopener noreferrer\">https:\/\/www.instagram.com\/artgarfunkeljr\/?hl=de<\/a><\/span><\/p>\n<p>Facebook:\u00a0<span class=\"cf0\"><a title=\"https:\/\/www.facebook.com\/artgarfunkeljunior\" href=\"https:\/\/g6xhi.r.sp1-brevo.net\/mk\/cl\/f\/sh\/6rqJfgq8dIW5aDBeiyaRD9j6QdV\/Yx4tbHqRdT0f\" target=\"_blank\" rel=\"noopener noreferrer\">https:\/\/www.facebook.com\/artgarfunkeljunior<\/a><\/span><\/p>\n<p class=\"default\"><span class=\"cf0\">TikTok:\u00a0<\/span><span class=\"cf0\"><a title=\"https:\/\/www.tiktok.com\/@artgarfunkeljr\" href=\"https:\/\/g6xhi.r.sp1-brevo.net\/mk\/cl\/f\/sh\/6rqJfgq8dIXkcfToDHzz8kr23wX\/9F9TmteiJX_w\" target=\"_blank\" rel=\"noopener noreferrer\">https:\/\/www.tiktok.com\/@artgarfunkeljr<\/a><\/span><\/p>\n<p>&nbsp;<\/p>\n<p>&nbsp;<\/p>\n<p>&nbsp;<\/p>\n<p>Die Single <strong>\u201eHappy Xmas (War Is Over)<\/strong><strong>&#8222;<\/strong><strong>\u00a0<\/strong>von\u00a0<strong>Art Garfunkel &amp; Art Garfunkel Jr.\u00a0<\/strong>erscheint am <strong>7<\/strong><strong>. November 2025<\/strong> bei <strong>TELAMO<\/strong>.<\/p>\n","protected":false},"excerpt":{"rendered":"<p>Art Garfunkel Jr. k\u00fcndigt sein erstes Weihnachtsalbum &#8222;Advent&#8220; im Schulterschluss mit seinem Vater an. Jetzt kommt die erste gemeinsam mit<\/p>\n","protected":false},"author":2,"featured_media":250405,"comment_status":"open","ping_status":"closed","sticky":false,"template":"","format":"standard","meta":{"_FSMCFIC_featured_image_caption":"","_FSMCFIC_featured_image_nocaption":"","_FSMCFIC_featured_image_hide":""},"categories":[29],"tags":[2246],"acf":[],"_links":{"self":[{"href":"https:\/\/smago.de\/ws2\/wp-json\/wp\/v2\/posts\/250404"}],"collection":[{"href":"https:\/\/smago.de\/ws2\/wp-json\/wp\/v2\/posts"}],"about":[{"href":"https:\/\/smago.de\/ws2\/wp-json\/wp\/v2\/types\/post"}],"author":[{"embeddable":true,"href":"https:\/\/smago.de\/ws2\/wp-json\/wp\/v2\/users\/2"}],"replies":[{"embeddable":true,"href":"https:\/\/smago.de\/ws2\/wp-json\/wp\/v2\/comments?post=250404"}],"version-history":[{"count":2,"href":"https:\/\/smago.de\/ws2\/wp-json\/wp\/v2\/posts\/250404\/revisions"}],"predecessor-version":[{"id":250407,"href":"https:\/\/smago.de\/ws2\/wp-json\/wp\/v2\/posts\/250404\/revisions\/250407"}],"wp:featuredmedia":[{"embeddable":true,"href":"https:\/\/smago.de\/ws2\/wp-json\/wp\/v2\/media\/250405"}],"wp:attachment":[{"href":"https:\/\/smago.de\/ws2\/wp-json\/wp\/v2\/media?parent=250404"}],"wp:term":[{"taxonomy":"category","embeddable":true,"href":"https:\/\/smago.de\/ws2\/wp-json\/wp\/v2\/categories?post=250404"},{"taxonomy":"post_tag","embeddable":true,"href":"https:\/\/smago.de\/ws2\/wp-json\/wp\/v2\/tags?post=250404"}],"curies":[{"name":"wp","href":"https:\/\/api.w.org\/{rel}","templated":true}]}}