{"id":250399,"date":"2025-11-07T00:00:30","date_gmt":"2025-11-06T23:00:30","guid":{"rendered":"https:\/\/smago.de\/ws2\/?p=250399"},"modified":"2025-11-06T18:39:46","modified_gmt":"2025-11-06T17:39:46","slug":"alina-alina-verzaubert-mit-dann-kuess-ich-halt-den-weihnachtsmann-die-weihnachtszeit","status":"publish","type":"post","link":"https:\/\/smago.de\/ws2\/pop\/alina-alina-verzaubert-mit-dann-kuess-ich-halt-den-weihnachtsmann-die-weihnachtszeit\/","title":{"rendered":"ALINA <br>ALINA verzaubert mit \u201eDann k\u00fcss\u2019 ich halt den Weihnachtsmann\u201c die Weihnachtszeit!"},"content":{"rendered":"<p style=\"text-align: justify;\">Der Song ist auch auf der neuen Compilation \u201e<strong>Winterwunder mit den Stars\u201c <\/strong>enthalten, die ebenfalls ab heute (07.11.2025) erh\u00e4ltlich ist!<br \/>\n<!--more--><\/p>\n<p>&nbsp;<\/p>\n<p>&nbsp;<\/p>\n<p>&nbsp;<\/p>\n<p style=\"text-align: justify;\">Mit <strong>\u201eDann k\u00fcss\u2019 ich halt den Weihnachtsmann\u201c<\/strong> meldet sich <strong>ALINA<\/strong> p\u00fcnktlich zur sch\u00f6nsten Zeit des Jahres mit einer charmanten, humorvollen und zugleich herzerw\u00e4rmenden Weihnachtssingle zur\u00fcck. Der Song, den sie gemeinsam mit Manuel Halter geschrieben und komponiert hat, ist der offizielle Weihnachtssong des Deutschen Schaustellerbunds und wird in der Adventszeit auf zahlreichen Weihnachtsm\u00e4rkten in ganz Deutschland zu h\u00f6ren sein.<\/p>\n<p class=\"default\" style=\"text-align: justify;\"><strong>ALINA<\/strong> gelingt mit diesem Titel das Kunstst\u00fcck, traditionelle Weihnachtsstimmung mit einem modernen, frischen Sound zu verbinden. Musikalisch vereint <strong>\u201eDann k\u00fcss\u2019 ich halt den Weihnachtsmann\u201c<\/strong>federleichte Popmelodien mit einer Prise Jazz und Soul, wodurch eine festlich-beschwingte Atmosph\u00e4re entsteht, die sofort ins Ohr und ins Herz geht. Ihre warme Stimme, gepaart mit augenzwinkerndem Humor, verleiht dem Song eine ganz eigene Handschrift.<\/p>\n<p class=\"default\" style=\"text-align: justify;\">Inhaltlich erz\u00e4hlt der Titel von der kleinen, aber feinen Kunst, sich selbst nicht zu ernst zu nehmen und den Zauber der Weihnacht auch dann zu bewahren, wenn die Dinge einmal anders laufen als geplant. Die Botschaft ist universell und gerade in der heutigen Zeit aktueller denn je. Unter welchen Umst\u00e4nden auch immer: Weihnachten bleibt das Fest der Liebe.<\/p>\n<p class=\"default\" style=\"text-align: justify;\">Ver\u00f6ffentlicht wird <strong>\u201eDann k\u00fcss\u2019 ich halt den Weihnachtsmann\u201c<\/strong> am <strong>07.11.2025<\/strong> als Teil der neuen Compilation \u201e<strong>Winterwunder mit den Stars\u201c<\/strong>, auf der sich <strong>ALINA\u00a0<\/strong>in bester Gesellschaft befindet. Neben ihr sind unter anderem Marianne Rosenberg, Ross Antony, Ella Endlich und viele weitere bekannte K\u00fcnstler*innen vertreten, die gemeinsam f\u00fcr ein abwechslungsreiches, stimmungsvolles Winteralbum sorgen.<\/p>\n<p class=\"default\" style=\"text-align: justify;\">Mit viel Herz, Witz und musikalischer Eleganz liefert <strong>ALINA<\/strong> mit <strong>\u201eDann k\u00fcss\u2019 ich halt den Weihnachtsmann\u201c<\/strong> einen Song, der zum L\u00e4cheln, Mitswingen und vielleicht sogar zum Mitk\u00fcssen einl\u00e4dt &#8211; ein echter Lichtblick im Weihnachtstrubel und ein w\u00fcrdiger Beitrag zur festlichen Musiklandschaft 2025.<\/p>\n<p class=\"default\" style=\"text-align: justify;\"><em>\u00a0<\/em><\/p>\n<p>&nbsp;<\/p>\n<p>&nbsp;<\/p>\n<p style=\"text-align: justify;\"><strong>Folge ALINA:<\/strong><\/p>\n<p>&nbsp;<\/p>\n<p>&nbsp;<\/p>\n<p id=\"isPasted\" class=\"default\" style=\"text-align: justify;\"><strong><span class=\"cf0\">Facebook: <\/span><\/strong><span class=\"cf0\"><a title=\"https:\/\/www.facebook.com\/alinaoffiziell\/?locale=de_DE\" href=\"https:\/\/g6xhi.r.sp1-brevo.net\/mk\/cl\/f\/sh\/6rqJfgq8dINmNvitHPWhZA5SG6L\/bdXkO4cfpuOg\" target=\"_blank\" rel=\"noopener noreferrer\">https:\/\/www.facebook.com\/alinaoffiziell\/?locale=de_DE<\/a><\/span><\/p>\n<p class=\"default\" style=\"text-align: justify;\"><strong><span class=\"cf0\">Instagram: <\/span><\/strong><span class=\"cf0\"><a title=\"https:\/\/www.instagram.com\/alinaoffiziell\/?hl=de\" href=\"https:\/\/g6xhi.r.sp1-brevo.net\/mk\/cl\/f\/sh\/6rqJfgq8dIPRQO12liwFUlDNtPN\/JQBAfP3sHQMF\" target=\"_blank\" rel=\"noopener noreferrer\">https:\/\/www.instagram.com\/alinaoffiziell\/?hl=de<\/a><\/span><\/p>\n<p>&nbsp;<\/p>\n<p>&nbsp;<\/p>\n<p style=\"text-align: justify;\">Die Single <strong>\u201eDann k\u00fcss&#8216; ich hakt den Weihnachtsmann&#8220;\u00a0<\/strong>von <strong>ALINA<\/strong> erscheint am <strong>7<\/strong><strong>. November 2025 <\/strong>bei <strong>TELAMO<\/strong>.<\/p>\n","protected":false},"excerpt":{"rendered":"<p>Der Song ist auch auf der neuen Compilation \u201eWinterwunder mit den Stars\u201c enthalten, die ebenfalls ab heute (07.11.2025) erh\u00e4ltlich ist!<\/p>\n","protected":false},"author":2,"featured_media":250401,"comment_status":"open","ping_status":"closed","sticky":false,"template":"","format":"standard","meta":{"_FSMCFIC_featured_image_caption":"","_FSMCFIC_featured_image_nocaption":"","_FSMCFIC_featured_image_hide":""},"categories":[27],"tags":[2637],"acf":[],"_links":{"self":[{"href":"https:\/\/smago.de\/ws2\/wp-json\/wp\/v2\/posts\/250399"}],"collection":[{"href":"https:\/\/smago.de\/ws2\/wp-json\/wp\/v2\/posts"}],"about":[{"href":"https:\/\/smago.de\/ws2\/wp-json\/wp\/v2\/types\/post"}],"author":[{"embeddable":true,"href":"https:\/\/smago.de\/ws2\/wp-json\/wp\/v2\/users\/2"}],"replies":[{"embeddable":true,"href":"https:\/\/smago.de\/ws2\/wp-json\/wp\/v2\/comments?post=250399"}],"version-history":[{"count":2,"href":"https:\/\/smago.de\/ws2\/wp-json\/wp\/v2\/posts\/250399\/revisions"}],"predecessor-version":[{"id":250403,"href":"https:\/\/smago.de\/ws2\/wp-json\/wp\/v2\/posts\/250399\/revisions\/250403"}],"wp:featuredmedia":[{"embeddable":true,"href":"https:\/\/smago.de\/ws2\/wp-json\/wp\/v2\/media\/250401"}],"wp:attachment":[{"href":"https:\/\/smago.de\/ws2\/wp-json\/wp\/v2\/media?parent=250399"}],"wp:term":[{"taxonomy":"category","embeddable":true,"href":"https:\/\/smago.de\/ws2\/wp-json\/wp\/v2\/categories?post=250399"},{"taxonomy":"post_tag","embeddable":true,"href":"https:\/\/smago.de\/ws2\/wp-json\/wp\/v2\/tags?post=250399"}],"curies":[{"name":"wp","href":"https:\/\/api.w.org\/{rel}","templated":true}]}}