{"id":250392,"date":"2025-11-06T23:59:19","date_gmt":"2025-11-06T22:59:19","guid":{"rendered":"https:\/\/smago.de\/ws2\/?p=250392"},"modified":"2025-11-06T18:29:12","modified_gmt":"2025-11-06T17:29:12","slug":"marie-luise-marjan-susi-schuster-u-a-fr-07-11-2025-in-der-mdr-talkshow-riverboat-zu-gast","status":"publish","type":"post","link":"https:\/\/smago.de\/ws2\/ost-schlager\/marie-luise-marjan-susi-schuster-u-a-fr-07-11-2025-in-der-mdr-talkshow-riverboat-zu-gast\/","title":{"rendered":"MARIE-LUISE MARJAN, SUSI SCHUSTER u.a. <br>Fr. (07.11.2025) in der MDR-Talkshow &#8222;Riverboat&#8220; zu Gast!"},"content":{"rendered":"<p>MDR Fernsehen, 22:00 Uhr &#8211; 00:05 Uhr! Moderation: Kim Fisher und Joachim Llambi!<!--more--><\/p>\n<p>&nbsp;<\/p>\n<p>&nbsp;<\/p>\n<p>&nbsp;<\/p>\n<p><strong>G\u00e4ste:<\/strong><\/p>\n<p>&nbsp;<\/p>\n<p>&nbsp;<\/p>\n<p>* Axel Prahl &#8211; Schauspieler, Tatort-Legende und Musiker<br \/>\n* Dr. h. c. Wolfgang Thierse &#8211; Bundestagspr\u00e4sident a. D.<br \/>\n* Steffen Henssler &#8211; Star-Koch und Unternehmer<br \/>\n* Marie-Luise Marjan &#8211; Schauspielerin<br \/>\n* Sabine Ebert &#8211; Schriftstellerin und s\u00e4chsische Bestseller-Autorin<br \/>\n* Laura Larsson &#8211; Comedian und Podcasterin aus Mecklenburg-Vorpommern<br \/>\n* Susi Schuster &#8211; S\u00e4ngerin und Jodlerin<\/p>\n<p>&nbsp;<\/p>\n<p>&nbsp;<\/p>\n<p>&nbsp;<\/p>\n<p>&nbsp;<\/p>\n<p><strong>* Axel Prahl, Schauspieler, Tatort-Legende und Musiker<\/strong><\/p>\n<p style=\"text-align: justify;\">\n<p style=\"text-align: justify;\">Axel Prahl &#8211; ein Kind der Arbeiterklasse aus Holstein, gro\u00df geworden an der Ostsee, mit dem rauen Charme des Nordens und der Haltung eines, der wei\u00df, woher er kommt. Schon als Sch\u00fcler war er der Klassenclown, sp\u00e4ter Musiker, Schauspieler &#8211; und schlie\u00dflich einer der beliebtesten &#8222;Tatort&#8220;-Kommissare Deutschlands. Seit \u00fcber zwanzig Jahren steht er als Frank Thiel im M\u00fcnsteraner &#8222;Tatort&#8220; vor der Kamera und wird bis heute gern mit seiner Rolle verwechselt. Er singt, schreibt, spielt &#8211; und bleibt dabei einer, der nie abgehoben ist. Zum 65. Geburtstag zeigt Prahl einmal mehr, wie vielseitig er ist &#8211; ehrlich, kantig und mit einem Augenzwinkern, das so norddeutsch ist wie die Brise seiner Kindheit.<\/p>\n<p style=\"text-align: justify;\">\n<p style=\"text-align: justify;\">\n<p style=\"text-align: justify;\"><strong>* Dr. h. c. Wolfgang Thierse, Bundestagspr\u00e4sident a. D.<\/strong><\/p>\n<p style=\"text-align: justify;\">\n<p style=\"text-align: justify;\">Die Stimme Ostdeutschlands wird er oft genannt: Wolfgang Thierse. Einst ein B\u00fcrger der DDR, der dann im wiedervereinigten Deutschland das zweith\u00f6chste Amt im Staat bekleidete &#8211; als erster Ostdeutscher und als einziger bisher: Bundestagspr\u00e4sident a. D. Wolfgang Thierse, 82 Jahre alt, liebt die politische Diskussion bis heute. Bekennender Katholik, studierter Germanist, Urgestein der SPD. Thierse war 1990 Vorsitzender der SPD-Volkskammerfraktion und zwei Jahrzehnte Mitglied des Bundestags. Die deutsche Einheit vor 35 Jahren &#8211; sie macht ihn immer noch gl\u00fccklich, sagt er. Und: sie war eine Befreiung und ist ein Erfolg &#8211; trotz aller Aufgaben und Probleme.<\/p>\n<p style=\"text-align: justify;\">\n<p style=\"text-align: justify;\">\n<p style=\"text-align: justify;\"><strong>* Steffen Henssler, Star-Koch und Unternehmer<\/strong><\/p>\n<p style=\"text-align: justify;\">\n<p style=\"text-align: justify;\">Er ist Deutschlands schnellster Koch &#8211; und einer der erfolgreichsten. Seit \u00fcber 20 Jahren steht Steffen Henssler f\u00fcr Energie, Ehrgeiz und Entertainment am Herd. Der 53-J\u00e4hrige kann nicht genug bekommen und ist in diesem Herbst gleich mit vier neuen Shows am Start, unter anderem als neuer Juror bei &#8222;The Taste&#8220;. Mittlerweile erobert er nicht nur als TV-Koch neue Fans, sondern auch in den sozialen Medien. Mit &#8222;Hensslers Schnelle Nummer&#8220; hat der Hamburger eine Marke geschaffen, die \u00fcber Kochvideos hinausgeht. Sein neues Kochbuch dazu hat es schon wieder auf die Bestsellerliste geschafft. Steffen Henssler spricht \u00fcber neue Herausforderungen, sein Erfolgsrezept und Gelassenheit im Leben.<\/p>\n<p style=\"text-align: justify;\">\n<p style=\"text-align: justify;\">\n<p style=\"text-align: justify;\"><strong>* Marie Luise Marjan, Schauspielerin<\/strong><\/p>\n<p style=\"text-align: justify;\">\n<p style=\"text-align: justify;\">Nur wenige Schauspielerinnen und Schauspieler werden so sehr mit einer Rolle verbunden, wie Marie-Luise Marjan: Als Mutter Beimer in der Lindenstra\u00dfe wurde sie zur &#8222;Mutter der Nation&#8220;. Dabei war ihr die Rolle zun\u00e4chst fremd &#8211; sie dr\u00e4ngte selbst darauf, dass Helga Beimer das Dasein als konservative Hausfrau hinter sich lie\u00df. In diesem Sommer feierte Marie-Luise Marjan 85. Geburtstag. Im Riverboat blickt sie zur\u00fcck auf ein bewegtes Leben &#8211; und zugleich nach vorne, denn gemeinsam mit ihrem Rollator &#8222;Rodolfo&#8220; hat Marjan noch viel vor.<\/p>\n<p style=\"text-align: justify;\">\n<p style=\"text-align: justify;\">\n<p style=\"text-align: justify;\"><strong>* Sabine Ebert, Schriftstellerin und s\u00e4chsische Bestseller-Autorin<\/strong><\/p>\n<p style=\"text-align: justify;\">\n<p style=\"text-align: justify;\">Keiner erz\u00e4hlt deutsche Geschichte so spannend wie sie: Sabine Ebert, in Aschersleben geboren, in Ost-Berlin gro\u00df geworden. In Freiberg hat sie ihren ersten Bestseller geschrieben (&#8222;Das Geheimnis der Hebamme&#8220;) und heute lebt sie in Dresden. Jetzt erscheint ihr 16. Roman &#8222;Der Silberbaum &#8211; Das Ende der Welt&#8220;. Emotional, spannend, informativ, akribisch recherchiert und herausragend erz\u00e4hlt ist auch dieser, der zweite, Band der Mittelalter-Saga zum &#8222;Silberbaum&#8220;. Am 7. November ist sie zu Gast im RIVERBOAT.<\/p>\n<p style=\"text-align: justify;\">\n<p style=\"text-align: justify;\">\n<p style=\"text-align: justify;\"><strong>* Laura Larsson, Comedian und Podcasterin aus Mecklenburg-Vorpommern<\/strong><\/p>\n<p style=\"text-align: justify;\">\n<p style=\"text-align: justify;\">Vom Ehestreit bis zum Dasein als &#8222;schlechteste Autofahrerin der Welt&#8220;: Laura Larsson nimmt nie ein Blatt vor den Mund. Als Comedian auf der gro\u00dfen B\u00fchne, als Podcasterin und in unz\u00e4hligen Instagram-Videos verhandelt sie die gro\u00dfen und kleinen Themen ihres Alltags. Larssons Podcasts belegen seit Jahren Spitzenpl\u00e4tze in den Deutschen PodcastCharts, auch den Deutschen Comedypreis hat sie schon gewonnen. Stoff f\u00fcr Pointen liefert immer wieder ihre Heimat: die Kleinstadt Parchim in Mecklenburg-Vorpommern. In ihrem neuen B\u00fchnenprogramm &#8222;Balaton 97&#8220; geht es dagegen um die gro\u00dfe weite Welt &#8211; auf den Spuren der Urlaube ihrer Kindheit.<\/p>\n<p style=\"text-align: justify;\">\n<p style=\"text-align: justify;\">\n<p style=\"text-align: justify;\"><strong>* Susi Schuster, S\u00e4ngerin und Jodlerin<\/strong><\/p>\n<p style=\"text-align: justify;\">\n<p style=\"text-align: justify;\">Seit 77 Jahren steht sie auf der B\u00fchne &#8211; jodelnd, lachend, voller Energie: Susi Schuster, die Entertainerin aus Zwickau. Schon als Kind verzauberte sie ihr Publikum mit Charme, Stimme und Humor. Mit &#8222;Die vier Brummers&#8220; feierte sie gro\u00dfe Erfolge, trotzte sp\u00e4ter einem Auftrittsverbot und tourte als Solistin durch die DDR und Europa. Ob Jodeln, Parodien oder Anekdoten &#8211; Susi Schuster bringt alles mit Herz und Augenzwinkern. Heute, mit 85, jodelt sie noch t\u00e4glich.<\/p>\n","protected":false},"excerpt":{"rendered":"<p>MDR Fernsehen, 22:00 Uhr &#8211; 00:05 Uhr! Moderation: Kim Fisher und Joachim Llambi!<\/p>\n","protected":false},"author":2,"featured_media":248804,"comment_status":"open","ping_status":"closed","sticky":false,"template":"","format":"standard","meta":{"_FSMCFIC_featured_image_caption":"","_FSMCFIC_featured_image_nocaption":"","_FSMCFIC_featured_image_hide":""},"categories":[25,29,128,30],"tags":[131],"acf":[],"_links":{"self":[{"href":"https:\/\/smago.de\/ws2\/wp-json\/wp\/v2\/posts\/250392"}],"collection":[{"href":"https:\/\/smago.de\/ws2\/wp-json\/wp\/v2\/posts"}],"about":[{"href":"https:\/\/smago.de\/ws2\/wp-json\/wp\/v2\/types\/post"}],"author":[{"embeddable":true,"href":"https:\/\/smago.de\/ws2\/wp-json\/wp\/v2\/users\/2"}],"replies":[{"embeddable":true,"href":"https:\/\/smago.de\/ws2\/wp-json\/wp\/v2\/comments?post=250392"}],"version-history":[{"count":3,"href":"https:\/\/smago.de\/ws2\/wp-json\/wp\/v2\/posts\/250392\/revisions"}],"predecessor-version":[{"id":250395,"href":"https:\/\/smago.de\/ws2\/wp-json\/wp\/v2\/posts\/250392\/revisions\/250395"}],"wp:featuredmedia":[{"embeddable":true,"href":"https:\/\/smago.de\/ws2\/wp-json\/wp\/v2\/media\/248804"}],"wp:attachment":[{"href":"https:\/\/smago.de\/ws2\/wp-json\/wp\/v2\/media?parent=250392"}],"wp:term":[{"taxonomy":"category","embeddable":true,"href":"https:\/\/smago.de\/ws2\/wp-json\/wp\/v2\/categories?post=250392"},{"taxonomy":"post_tag","embeddable":true,"href":"https:\/\/smago.de\/ws2\/wp-json\/wp\/v2\/tags?post=250392"}],"curies":[{"name":"wp","href":"https:\/\/api.w.org\/{rel}","templated":true}]}}