{"id":250373,"date":"2025-11-06T17:20:52","date_gmt":"2025-11-06T16:20:52","guid":{"rendered":"https:\/\/smago.de\/ws2\/?p=250373"},"modified":"2025-11-06T17:54:28","modified_gmt":"2025-11-06T16:54:28","slug":"helene-fischer-helene-fischer-kuendigt-ihr-neues-kinderalbum-die-schoensten-kinderlieder-winter-und-weihnachtszeit-an","status":"publish","type":"post","link":"https:\/\/smago.de\/ws2\/schlager\/helene-fischer-helene-fischer-kuendigt-ihr-neues-kinderalbum-die-schoensten-kinderlieder-winter-und-weihnachtszeit-an\/","title":{"rendered":"HELENE FISCHER <br>Helene Fischer k\u00fcndigt ihr neues Kinderalbum &#8222;Die sch\u00f6nsten Kinderlieder &#8211; Winter- und Weihnachtszeit&#8220; an !"},"content":{"rendered":"<p>10 Jahre nach dem gro\u00dfen Erfolgsalbum: Helene Fischer pr\u00e4sentiert ein weihnachtliches Familienalbum mit 25 Songs und einem ganz besonderen Duett!<!--more--><\/p>\n<p>&nbsp;<\/p>\n<p>&nbsp;<\/p>\n<p>&nbsp;<\/p>\n<p style=\"text-align: justify;\">Vor exakt zehn Jahren, im November 2015, beschenkte<strong> HELENE FISCHER <\/strong>uns mit ihrem <strong>grandiosen Erfolgsalbum <a href=\"https:\/\/open.spotify.com\/intl-de\/album\/3u8YSFTTd7HUDxoqdx3rZF?si=-Fm7j8HQRE--ObSy44I0uQ\" target=\"_blank\" rel=\"noopener\">\u201eWeihnachten\u201c<\/a><\/strong>\u00a0und lieferte den Soundtrack f\u00fcr Generationen. Nun kehrt sie mit einem neuen, hochkar\u00e4tig produzierten Werk zur\u00fcck, das diese Magie in jedes Zuhause tr\u00e4gt: <strong>\u201eDie sch\u00f6nsten Kinderlieder \u2013 Winter- und Weihnachtszeit\u201c<\/strong> erscheint am<strong> 28.11.<\/strong> und ist die Fortsetzung dieses Erfolgs als Generationen \u00fcbergreifendes Erlebnis.<\/p>\n<p style=\"text-align: justify;\">Diese Familienplatte ist weit mehr als nur ein Kinderlieder-Album. Genau wie beim Album von 2015 zeichnet sich der erfolgreiche Produzent <strong>Alex Christensen<\/strong> f\u00fcr die Produktion verantwortlich und sorgt mit warmen, zeitlosen Arrangements und <strong>Helenes <\/strong>unverwechselbarer Stimme daf\u00fcr, dass das Album mit all seinen Songs zum festlichen Begleiter f\u00fcr Jung und Alt wird. Ob Eltern, Gro\u00dfeltern oder die Kleinsten: Jeder findet hier seinen liebsten Weihnachtshit zum Mitsingen. Umgeben vom fr\u00f6hlichen Kinderchor, der die Melodien mit ansteckender Freude begleitet, wird jede Spur zu einer direkten Anregung zum Mitsingen und Mittanzen f\u00fcr die ganze Familie.<\/p>\n<p style=\"text-align: justify;\"><strong>Helene Fischer<\/strong> \u00fcber ihr Herzensprojekt:\u00a0 <em>\u201eIch liebe die Weihnachtszeit und die besondere Stimmung, die sie in uns allen weckt. Mein Album \u201aWeihnachten\u2018 ist alle Jahre wieder eine musikalische Liebeserkl\u00e4rung an diese Zeit. Nun ist es mir eine Herzensangelegenheit, diese Magie auch in die Kinderzimmer zu bringen. Es ist f\u00fcr mich etwas ganz Besonderes, diese deutschen und internationalen Weihnachtslieder um 25 weitere bekannte Titel, eigens f\u00fcr Kinder produziert, zu erweitern \u2013 damit kann die ganze Familie gemeinsam singen, lachen und die Weihnachtszeit auf ihre ganz eigene Weise genie\u00dfen.\u201c<br \/>\n<\/em><\/p>\n<p style=\"text-align: justify;\">Das Album beinhaltet 25 unvergessliche Titel, die festliche Stimmung garantieren \u2013 allesamt bekannte und beliebte Weihnachtssongs vom Klassiker <strong>\u201eO Tannenbaum\u201c<\/strong> bis zum mitrei\u00dfenden <strong>\u201eJingle Bells\u201c<\/strong>. Ein besonderes Alleinstellungsmerkmal sind dabei die gro\u00dfartigen, deutschen Versionen internationaler Hits wie <strong>\u201eJingle Bells\u201c<\/strong>, <strong>\u201eLass es schneien (Let It Snow!)\u201d<\/strong> oder <strong>\u201eFrosty, der Schneemann (Frosty the Snowman)\u201d<\/strong> \u2013 perfekt f\u00fcr die ganze Familie!<\/p>\n<p style=\"text-align: justify;\">Ein weiteres Highlight ist das emotionale Duett <strong>\u201eBald ist Weihnachten\u201c<\/strong> mit der Kinderlieder-Ikone <strong>Rolf Zuckowski<\/strong>, welches bereits am <strong>14. November<\/strong> ver\u00f6ffentlicht wird. Dazu Rolf Zuckowski: <em>\u201eIch habe mein Lied ,Inseln der Stille\u2018 f\u00fcr das neue Album von Helene Fischer mit einer weihnachtlichen Botschaft an die Kinder und Familien angepasst. Ich freue mich, dass Helene nun mit mir und den Blanken\u00e4schen dem Fest und seiner tieferen Bedeutung auf die Spur kommen kann\u201c<\/em>.<\/p>\n<p style=\"text-align: justify;\"><strong>Die dritte Ausgabe aus der beliebten Kinderlieder-Serie<\/strong> ist p\u00fcnktlich zum Fest in verschiedenen Konfigurationen &#8211; unter anderem wieder mit dem beliebten Soundbuch &#8211; <strong>ab Freitag, den 28. November<\/strong> erh\u00e4ltlich und kann ab sofort hier vorbestellt werden: <strong><a href=\"https:\/\/shop.helene-fischer.de\/\" target=\"_blank\" rel=\"noopener\">https:\/\/shop.helene-fischer.de\/<\/a><\/strong><\/p>\n<p class=\"p1\" style=\"text-align: justify;\">\n<p><img decoding=\"async\" loading=\"lazy\" class=\"alignnone size-large wp-image-250378\" src=\"https:\/\/smago.de\/ws2\/wp-content\/uploads\/2025\/11\/Helene-Fischer_Die-schoensten-Kinderlieder-Winter-und-Weihnachtszeit_Artwork-800x800.jpg\" alt=\"\" width=\"800\" height=\"800\" srcset=\"https:\/\/smago.de\/ws2\/wp-content\/uploads\/2025\/11\/Helene-Fischer_Die-schoensten-Kinderlieder-Winter-und-Weihnachtszeit_Artwork-800x800.jpg 800w, https:\/\/smago.de\/ws2\/wp-content\/uploads\/2025\/11\/Helene-Fischer_Die-schoensten-Kinderlieder-Winter-und-Weihnachtszeit_Artwork-522x522.jpg 522w, https:\/\/smago.de\/ws2\/wp-content\/uploads\/2025\/11\/Helene-Fischer_Die-schoensten-Kinderlieder-Winter-und-Weihnachtszeit_Artwork-150x150.jpg 150w, https:\/\/smago.de\/ws2\/wp-content\/uploads\/2025\/11\/Helene-Fischer_Die-schoensten-Kinderlieder-Winter-und-Weihnachtszeit_Artwork-768x768.jpg 768w, https:\/\/smago.de\/ws2\/wp-content\/uploads\/2025\/11\/Helene-Fischer_Die-schoensten-Kinderlieder-Winter-und-Weihnachtszeit_Artwork-1536x1536.jpg 1536w, https:\/\/smago.de\/ws2\/wp-content\/uploads\/2025\/11\/Helene-Fischer_Die-schoensten-Kinderlieder-Winter-und-Weihnachtszeit_Artwork-2048x2048.jpg 2048w, https:\/\/smago.de\/ws2\/wp-content\/uploads\/2025\/11\/Helene-Fischer_Die-schoensten-Kinderlieder-Winter-und-Weihnachtszeit_Artwork-272x272.jpg 272w, https:\/\/smago.de\/ws2\/wp-content\/uploads\/2025\/11\/Helene-Fischer_Die-schoensten-Kinderlieder-Winter-und-Weihnachtszeit_Artwork-600x600.jpg 600w, https:\/\/smago.de\/ws2\/wp-content\/uploads\/2025\/11\/Helene-Fischer_Die-schoensten-Kinderlieder-Winter-und-Weihnachtszeit_Artwork-130x130.jpg 130w, https:\/\/smago.de\/ws2\/wp-content\/uploads\/2025\/11\/Helene-Fischer_Die-schoensten-Kinderlieder-Winter-und-Weihnachtszeit_Artwork-445x445.jpg 445w, https:\/\/smago.de\/ws2\/wp-content\/uploads\/2025\/11\/Helene-Fischer_Die-schoensten-Kinderlieder-Winter-und-Weihnachtszeit_Artwork-190x190.jpg 190w, https:\/\/smago.de\/ws2\/wp-content\/uploads\/2025\/11\/Helene-Fischer_Die-schoensten-Kinderlieder-Winter-und-Weihnachtszeit_Artwork-290x290.jpg 290w\" sizes=\"(max-width: 800px) 100vw, 800px\" \/><\/p>\n<p>&nbsp;<\/p>\n<p>&nbsp;<\/p>\n","protected":false},"excerpt":{"rendered":"<p>10 Jahre nach dem gro\u00dfen Erfolgsalbum: Helene Fischer pr\u00e4sentiert ein weihnachtliches Familienalbum mit 25 Songs und einem ganz besonderen Duett!<\/p>\n","protected":false},"author":2,"featured_media":250374,"comment_status":"open","ping_status":"closed","sticky":false,"template":"","format":"standard","meta":{"_FSMCFIC_featured_image_caption":"","_FSMCFIC_featured_image_nocaption":"","_FSMCFIC_featured_image_hide":""},"categories":[29,39],"tags":[70],"acf":[],"_links":{"self":[{"href":"https:\/\/smago.de\/ws2\/wp-json\/wp\/v2\/posts\/250373"}],"collection":[{"href":"https:\/\/smago.de\/ws2\/wp-json\/wp\/v2\/posts"}],"about":[{"href":"https:\/\/smago.de\/ws2\/wp-json\/wp\/v2\/types\/post"}],"author":[{"embeddable":true,"href":"https:\/\/smago.de\/ws2\/wp-json\/wp\/v2\/users\/2"}],"replies":[{"embeddable":true,"href":"https:\/\/smago.de\/ws2\/wp-json\/wp\/v2\/comments?post=250373"}],"version-history":[{"count":4,"href":"https:\/\/smago.de\/ws2\/wp-json\/wp\/v2\/posts\/250373\/revisions"}],"predecessor-version":[{"id":250379,"href":"https:\/\/smago.de\/ws2\/wp-json\/wp\/v2\/posts\/250373\/revisions\/250379"}],"wp:featuredmedia":[{"embeddable":true,"href":"https:\/\/smago.de\/ws2\/wp-json\/wp\/v2\/media\/250374"}],"wp:attachment":[{"href":"https:\/\/smago.de\/ws2\/wp-json\/wp\/v2\/media?parent=250373"}],"wp:term":[{"taxonomy":"category","embeddable":true,"href":"https:\/\/smago.de\/ws2\/wp-json\/wp\/v2\/categories?post=250373"},{"taxonomy":"post_tag","embeddable":true,"href":"https:\/\/smago.de\/ws2\/wp-json\/wp\/v2\/tags?post=250373"}],"curies":[{"name":"wp","href":"https:\/\/api.w.org\/{rel}","templated":true}]}}