{"id":250359,"date":"2025-11-06T10:29:54","date_gmt":"2025-11-06T09:29:54","guid":{"rendered":"https:\/\/smago.de\/ws2\/?p=250359"},"modified":"2025-11-06T10:29:54","modified_gmt":"2025-11-06T09:29:54","slug":"mark-keller-mark-keller-veroeffentlicht-ep-winter-romance-mit-seinen-lieblingsweihnachtsliedern","status":"publish","type":"post","link":"https:\/\/smago.de\/ws2\/schlager\/mark-keller-mark-keller-veroeffentlicht-ep-winter-romance-mit-seinen-lieblingsweihnachtsliedern\/","title":{"rendered":"MARK KELLER <br>Mark Keller ver\u00f6ffentlicht EP &#8222;Winter Romance&#8220; mit seinen Lieblingsweihnachtsliedern!"},"content":{"rendered":"<p style=\"text-align: justify;\">Der geb\u00fcrtige \u00dcberlinger (am Bodensee) <strong>Keller<\/strong> ger\u00e4t ins Schw\u00e4rmen, wenn er \u00fcber seine Kindheit und \u00fcber Weihnachten redet &#8230;:<\/p>\n<p><!--more--><\/p>\n<p style=\"text-align: justify;\">\n<p id=\"isPasted\" class=\"default\" style=\"text-align: justify;\"><em>\u201eWenn fr\u00fcher an Heiligabend die Lichter ausgingen und meine Cousinen, Cousins und ich ins Zimmer kommen durften, lief immer \u201eHeidschi Bumbeidschi\u201c und gleich danach \u201eHoly Night\u201c von Nat King Cole \u2013 das war Pflicht bei uns zu Hause, und ich habe es schon als Kind geliebt.\u201c<\/em> Kein Wunder also, dass <strong>MARK KELLER<\/strong> im Jahr seines pers\u00f6nlichen Jubil\u00e4ums (er feierte am 05.05.25 seinen 60. Geburtstag), einige seiner absoluten Lieblingsweihnachtslieder aufgenommen hat und auf der digitalen Weihnachts-EP <strong>\u201eWinter Romance\u201c<\/strong> ver\u00f6ffentlicht.<\/p>\n<p class=\"default\" style=\"text-align: justify;\">Gleich zwei Nat King Cole-Songs sind auf \u201eWinter Romance\u201c dabei: neben <em><strong>\u201eO Holy Night\u201c<\/strong><\/em> auch <em><strong>\u201eThe Christmas Song\u201c<\/strong><\/em>, f\u00fcr den der S\u00e4nger und Schauspieler (u. a. Der Bergdoktor, Alarm f\u00fcr Cobra 11, u.v.m.) wieder mit seinem <em>Sohn Aaron<\/em> vors Mikrofon gegangen ist. Die beiden haben bereits auf <strong>Keller<\/strong>s deutschsprachigem Deb\u00fctalbum <em>\u201eMein kleines Gl\u00fcck\u201c<\/em> (2023) sowie dem diesj\u00e4hrigen Geburtstagsalbum <em>\u201eSongs Of My Life\u201c<\/em><strong>\u00a0<\/strong>gemeinsam brilliert.<\/p>\n<p class=\"default\" style=\"text-align: justify;\">Neben dem bereits erw\u00e4hnten Nr.1-Charthit <em>\u201e<strong>Heidschi Bumbeidschi\u201c<\/strong><\/em> (in der Version von Heintje war der Titel geschlagene 8 Wochen (!) auf Platz 1) darf nat\u00fcrlich auch der <em>\u201eKing of cool\u201c<\/em>, Dean Martin, nicht fehlen, hat <strong>Mark<\/strong> <strong>Keller<\/strong> doch bereits bei seinem Durchbruch in der Rudi Carrell Show 1989 einen seiner Evergreens gesungen (<em>\u201eEverybody loves somebody\u201c<\/em>). <em>\u201eIch habe es geliebt, Dinos Filme zu sehen \u2013 vor allem in der Weihnachtszeit \u2013 und seine Musik zu h\u00f6ren. Einer meiner Lieblingssongs an Weihnachten war <strong>\u201eWinter Romance\u201c<\/strong>, der musste nat\u00fcrlich auch dabei sein.<\/em>\u201c Produziert wurden die vier neuen Aufnahmen erneut mit <em>Ren\u00e9 M\u00f6ckel<\/em>.<\/p>\n<p class=\"default\" style=\"text-align: justify;\">Abgerundet wird die EP mit der beschwingten Christmas-Hymne <em><strong>\u201eIt\u2019s The Most Wonderful Time Of The Year\u201c<\/strong><\/em>, die auf der Deluxe-Edition des Top10-Albums <em>\u201eMein kleines Gl\u00fcck\u201c<\/em> ihr Deb\u00fct feierte.<\/p>\n<p class=\"default\" style=\"text-align: justify;\">Der geb\u00fcrtige \u00dcberlinger (am Bodensee) <strong>Keller<\/strong> ger\u00e4t ins Schw\u00e4rmen, wenn er \u00fcber seine Kindheit und \u00fcber Weihnachten redet. Nat\u00fcrlich ist es etwas Besonderes, wenn man dort aufw\u00e4chst, wo andere Urlaub machen, aber auch seine Familie hatte einen wesentlichen Anteil daran: <em>\u201eWir hatten es oft nicht leicht, aber meine Oma und mein Vater haben immer versucht uns alles zu geben \u2013 vor allem aber eine wundervolle Zeit, Geborgenheit und die Liebe zur Musik.\u201c<\/em><\/p>\n<p style=\"text-align: justify;\">\n<p style=\"text-align: justify;\">\n<p style=\"text-align: justify;\">\n<p>&nbsp;<\/p>\n<p id=\"isPasted\"><strong>Folgen Sie Mark Keller:<\/strong><\/p>\n<p>&nbsp;<\/p>\n<p><strong>Website:<\/strong> <a title=\"https:\/\/www.mark-keller.de\/\" href=\"https:\/\/g6xhi.r.sp1-brevo.net\/mk\/cl\/f\/sh\/6rqJfgq8dIUQXktVEfAtHYbAnKT\/MQqbhyUDf7_d\" target=\"_blank\" rel=\"noopener\">https:\/\/www.mark-keller.de\/<\/a><\/p>\n<p class=\"default\"><strong>Instagram:<\/strong> <a href=\"https:\/\/g6xhi.r.sp1-brevo.net\/mk\/cl\/f\/sh\/6rqJfgq8dIW5aDBeiyaRD9j6QdV\/5fZWYaGR7g-j\">https:\/\/www.instagram.com\/markkeller_official\/?hl=de<\/a><\/p>\n<p class=\"default\"><strong>Facebook:<\/strong>\u00a0<a href=\"https:\/\/g6xhi.r.sp1-brevo.net\/mk\/cl\/f\/sh\/6rqJfgq8dIXkcfToDHzz8kr23wX\/sAnfMqne5jsd\">https:\/\/www.facebook.com\/markkellerofficial\/?locale=de_DE<\/a><\/p>\n<p>&nbsp;<\/p>\n<p>&nbsp;<\/p>\n<p>&nbsp;<\/p>\n<p>Die Weihnachts-EP <strong>&#8222;Winter Romance&#8220;<\/strong> von <strong>Mark Keller<\/strong> erscheint am <strong>7<\/strong><strong>. November 2025<\/strong> bei <strong>TELAMO.<\/strong><\/p>\n<p>&nbsp;<\/p>\n","protected":false},"excerpt":{"rendered":"<p>Der geb\u00fcrtige \u00dcberlinger (am Bodensee) Keller ger\u00e4t ins Schw\u00e4rmen, wenn er \u00fcber seine Kindheit und \u00fcber Weihnachten redet &#8230;:<\/p>\n","protected":false},"author":2,"featured_media":250360,"comment_status":"open","ping_status":"closed","sticky":false,"template":"","format":"standard","meta":{"_FSMCFIC_featured_image_caption":"","_FSMCFIC_featured_image_nocaption":"","_FSMCFIC_featured_image_hide":""},"categories":[29],"tags":[2747],"acf":[],"_links":{"self":[{"href":"https:\/\/smago.de\/ws2\/wp-json\/wp\/v2\/posts\/250359"}],"collection":[{"href":"https:\/\/smago.de\/ws2\/wp-json\/wp\/v2\/posts"}],"about":[{"href":"https:\/\/smago.de\/ws2\/wp-json\/wp\/v2\/types\/post"}],"author":[{"embeddable":true,"href":"https:\/\/smago.de\/ws2\/wp-json\/wp\/v2\/users\/2"}],"replies":[{"embeddable":true,"href":"https:\/\/smago.de\/ws2\/wp-json\/wp\/v2\/comments?post=250359"}],"version-history":[{"count":1,"href":"https:\/\/smago.de\/ws2\/wp-json\/wp\/v2\/posts\/250359\/revisions"}],"predecessor-version":[{"id":250361,"href":"https:\/\/smago.de\/ws2\/wp-json\/wp\/v2\/posts\/250359\/revisions\/250361"}],"wp:featuredmedia":[{"embeddable":true,"href":"https:\/\/smago.de\/ws2\/wp-json\/wp\/v2\/media\/250360"}],"wp:attachment":[{"href":"https:\/\/smago.de\/ws2\/wp-json\/wp\/v2\/media?parent=250359"}],"wp:term":[{"taxonomy":"category","embeddable":true,"href":"https:\/\/smago.de\/ws2\/wp-json\/wp\/v2\/categories?post=250359"},{"taxonomy":"post_tag","embeddable":true,"href":"https:\/\/smago.de\/ws2\/wp-json\/wp\/v2\/tags?post=250359"}],"curies":[{"name":"wp","href":"https:\/\/api.w.org\/{rel}","templated":true}]}}