{"id":250322,"date":"2025-11-06T00:00:02","date_gmt":"2025-11-05T23:00:02","guid":{"rendered":"https:\/\/smago.de\/ws2\/?p=250322"},"modified":"2025-11-05T22:50:40","modified_gmt":"2025-11-05T21:50:40","slug":"andrea-berg-mit-dann-sind-alle-da-stimmt-sie-auf-die-weihnacht-ein","status":"publish","type":"post","link":"https:\/\/smago.de\/ws2\/schlager\/andrea-berg-mit-dann-sind-alle-da-stimmt-sie-auf-die-weihnacht-ein\/","title":{"rendered":"ANDREA BERG <br>Mit &#8222;Dann sind alle da&#8220; stimmt sie auf die &#8222;Weihnacht&#8220; ein!"},"content":{"rendered":"<p><span class=\"s1\">Die von ihr selbst verfassten Lyrics zum Song machen deutlich, worauf es der Ausnahmek\u00fcnstlerin an Weihnachten ankommt &#8230;:<br \/>\n<\/span><\/p>\n<p><!--more--><\/p>\n<p>&nbsp;<\/p>\n<p>&nbsp;<\/p>\n<p>&nbsp;<\/p>\n<p class=\"p1\" style=\"text-align: justify;\"><span class=\"s1\">P\u00fcnktlich zur Ver\u00f6ffentlichung der neuen Edition \u201eWeihnacht\u201c am 07.11.2025 pr\u00e4sentiert ANDREA BERG ihre brandneue Single \u201eDann sind alle da\u201c, die nat\u00fcrlich auch auf der Edition enthalten sein wird. \u201eWeihnacht\u201c erscheint als Doppel-CD und limitierte Fanbox, exklusiv unter <a href=\"http:\/\/www.andrea-berg.de\/\"><span class=\"s2\">www.andrea-berg.de<\/span><\/a> ist die Edition in exklusiven Bundle-Konfigurationen erh\u00e4ltlich.<\/span><\/p>\n<p class=\"p2\" style=\"text-align: justify;\"><span class=\"s1\"><i>\u201eDann sind alle da, ganz genau, wies immer war. In der Stube ist es warm und Papa nimmt mich in den Arm. Omas Pl\u00e4tzchen, Opas Eisenbahn, Mama z\u00fcndet Kerzen an, festlich strahlt der Baum, das ist mein Weihnachtstraum.\u201c<\/i><\/span><\/p>\n<p class=\"p2\" style=\"text-align: justify;\"><span class=\"s1\">Die von Andrea Berg wieder selbst verfassten Lyrics zum Song machen deutlich, worauf es der Ausnahmek\u00fcnstlerin an Weihnachten ankommt: Mit seinen Liebsten zusammen zu sein, sich Geschichten zu erz\u00e4hlen \u00fcber den Opa und die Oma &#8211; mit Fr\u00f6hlichkeit und Dankbarkeit.<\/span><\/p>\n<p class=\"p1\" style=\"text-align: justify;\"><span class=\"s1\">\u00a0<\/span><span class=\"s1\">\u201eDann sind alle da\u201c wurde komponiert von Felix Gauder und Hens Hensen, produziert hat den tanzbaren Weihnachtssong Felix Gauder.<\/span><span class=\"s3\">\u00a0<\/span><\/p>\n<p>&nbsp;<\/p>\n<p>&nbsp;<\/p>\n<p>&nbsp;<\/p>\n<p class=\"p6\" style=\"text-align: center;\"><span class=\"s1\"><b>\u00a0&#8222;Dann sind alle da&#8220; &#8211; 3:13\u00a0<\/b><\/span><\/p>\n<p class=\"p7\" style=\"text-align: center;\"><span class=\"s1\">(Traditional (Komponist), Felix Gauder (Bearbeiter), Traditional (Textdichter):<\/span><\/p>\n<p class=\"p7\" style=\"text-align: center;\"><span class=\"s1\">Bergpublishing GmbH)<\/span><\/p>\n<p class=\"p7\" style=\"text-align: center;\"><span class=\"s1\"><b>Produced by Felix Gauder<\/b><\/span><\/p>\n<p class=\"p7\" style=\"text-align: center;\"><span class=\"s1\">SMD\/ Bergrecords distributed by Sony Entertainment <\/span><\/p>\n","protected":false},"excerpt":{"rendered":"<p>Die von ihr selbst verfassten Lyrics zum Song machen deutlich, worauf es der Ausnahmek\u00fcnstlerin an Weihnachten ankommt &#8230;:<\/p>\n","protected":false},"author":2,"featured_media":250323,"comment_status":"open","ping_status":"closed","sticky":false,"template":"","format":"standard","meta":{"_FSMCFIC_featured_image_caption":"","_FSMCFIC_featured_image_nocaption":"","_FSMCFIC_featured_image_hide":""},"categories":[29],"tags":[74],"acf":[],"_links":{"self":[{"href":"https:\/\/smago.de\/ws2\/wp-json\/wp\/v2\/posts\/250322"}],"collection":[{"href":"https:\/\/smago.de\/ws2\/wp-json\/wp\/v2\/posts"}],"about":[{"href":"https:\/\/smago.de\/ws2\/wp-json\/wp\/v2\/types\/post"}],"author":[{"embeddable":true,"href":"https:\/\/smago.de\/ws2\/wp-json\/wp\/v2\/users\/2"}],"replies":[{"embeddable":true,"href":"https:\/\/smago.de\/ws2\/wp-json\/wp\/v2\/comments?post=250322"}],"version-history":[{"count":2,"href":"https:\/\/smago.de\/ws2\/wp-json\/wp\/v2\/posts\/250322\/revisions"}],"predecessor-version":[{"id":250325,"href":"https:\/\/smago.de\/ws2\/wp-json\/wp\/v2\/posts\/250322\/revisions\/250325"}],"wp:featuredmedia":[{"embeddable":true,"href":"https:\/\/smago.de\/ws2\/wp-json\/wp\/v2\/media\/250323"}],"wp:attachment":[{"href":"https:\/\/smago.de\/ws2\/wp-json\/wp\/v2\/media?parent=250322"}],"wp:term":[{"taxonomy":"category","embeddable":true,"href":"https:\/\/smago.de\/ws2\/wp-json\/wp\/v2\/categories?post=250322"},{"taxonomy":"post_tag","embeddable":true,"href":"https:\/\/smago.de\/ws2\/wp-json\/wp\/v2\/tags?post=250322"}],"curies":[{"name":"wp","href":"https:\/\/api.w.org\/{rel}","templated":true}]}}