{"id":250306,"date":"2025-11-05T15:45:08","date_gmt":"2025-11-05T14:45:08","guid":{"rendered":"https:\/\/smago.de\/ws2\/?p=250306"},"modified":"2025-11-05T15:47:28","modified_gmt":"2025-11-05T14:47:28","slug":"daniela-alfinito-daniela-alfinito-zieht-sich-die-vergoldete-blue-jeans-an","status":"publish","type":"post","link":"https:\/\/smago.de\/ws2\/uncategorized\/daniela-alfinito-daniela-alfinito-zieht-sich-die-vergoldete-blue-jeans-an\/","title":{"rendered":"DANIELA ALFINITO <br>Daniela Alfinito zieht sich die vergoldete Blue Jeans an!"},"content":{"rendered":"<p>Die gro\u00dfe Jubil\u00e4umsedition holt sich Gold &#8211; und das TELAMO-Team l\u00e4sst die Chart-St\u00fcrmerin in ihrer hessischen Heimat hochleben &#8230;:<br \/>\n<!--more--><\/p>\n<p>&nbsp;<\/p>\n<p style=\"text-align: justify;\">\n<p style=\"text-align: justify;\">\n<p class=\"default\" style=\"text-align: justify;\"><strong>DANIELA ALFINITO<\/strong> erh\u00e4lt ihren ersten Gold-Award f\u00fcr mehr als 100.000 in Deutschland verkaufte Alben. Und k\u00f6nnte in diesem Moment die ganze Welt umarmen:\u00a0<em>\u201eEs ist schon ein gewaltiges Erlebnis, in der heutigen Zeit mit Gold in Deutschland ausgezeichnet zu werden. F\u00fcr mich war es ein unfassbarer Moment, G\u00e4nsehaut pur! Es f\u00fchlt sich saugut an. Danke an meine Autoren und danke, Papa, f\u00fcr die Blue Jeans. Du hast meinen absoluten Hit geschrieben. Und danke an alle, die alle meine Songs h\u00f6ren und lieben.\u201c<\/em><\/p>\n<p style=\"text-align: justify;\">Der beliebteste Hit auf dieser vergoldeten Power-Compilation: <strong>\u201eDann zieh ich meine Blue Jeans an\u201c<\/strong> &#8211; mit \u00fcber 22 Mio. Aufrufen f\u00fcr das vor sechs Jahren ver\u00f6ffentlichte Musikvideo zum Schlager-Ohrwurm, der auch bei keinem ihrer Live-Auftritte fehlen darf.\u00a0<strong>Daniela Alfinito<\/strong> wird f\u00fcr Ihre Tophits, die so vielen Frauen und M\u00e4nnern gleicherma\u00dfen aus der Seele sprechen, gefeiert.<\/p>\n<p style=\"text-align: justify;\">Und die <strong>\u201eBlue Jeans\u201c<\/strong> wird auf vielfachen Fan-Wunsch wieder aufgelegt &#8211; als Bonustrack auf der neuen Album-CD <strong>\u201eWer liebt gewinnt\u201c<\/strong>, die am\u00a0<strong>2. Januar 2026<\/strong> ver\u00f6ffentlicht wird und bereits vorbestellbar ist.<\/p>\n<p style=\"text-align: justify;\">Wer <strong>Daniela<\/strong> kennt, kann sich bildlich vorstellen, wie sie nach ihrem verantwortungsvollen Job als Altenpflegerin in die Blue Jeans schl\u00fcpft und bester Laune zu ihrem n\u00e4chsten Auftritt f\u00e4hrt. Mit Leidenschaft und einer bewundernswerten Portion Charakterst\u00e4rke verbindet die 54-j\u00e4hrige Chartst\u00fcrmerin zwei Welten, die sich zu widersprechen scheinen, jedoch in ihrem Leben harmonisch und untrennbar miteinander verflochten sind.<\/p>\n<p class=\"default\" style=\"text-align: justify;\">Der stille Star legt eine beachtliche Erfolgsserie hin, die sich in der Schlagerszene sehen lassen kann. Zw\u00f6lf Tontr\u00e4ger haben sich bereits in den Top 10 platzieren k\u00f6nnen, f\u00fcnf davon holten sich sogar die 1!<\/p>\n<p>&nbsp;<\/p>\n<p>&nbsp;<\/p>\n<p style=\"text-align: justify;\"><em>Auf dem Foto (v.l.n.r.): Bernd Ulrich (Amigos, Komponist), Alexander Scholz (Autor), Ken Otremba (Gesch\u00e4ftsf\u00fchrer TELAMO), Daniela Alfinito, Marko W\u00fcnsch (Gesch\u00e4ftsf\u00fchrer Lucile Musik Verlag), Felix Kahlbaum (Director A&amp;R Lucile Musik Verlag), Pascale Quednau (Director Catalogue &amp; Compilations TELAMO), Tanja Merz (Product Management)<\/em><\/p>\n<p>&nbsp;<\/p>\n<p>&nbsp;<\/p>\n<p><img decoding=\"async\" loading=\"lazy\" class=\"size-large wp-image-250307\" src=\"https:\/\/smago.de\/ws2\/wp-content\/uploads\/2025\/11\/GoldverleihungDanielaAlfinto2025-800x363.jpg\" alt=\"\" width=\"800\" height=\"363\" srcset=\"https:\/\/smago.de\/ws2\/wp-content\/uploads\/2025\/11\/GoldverleihungDanielaAlfinto2025-800x363.jpg 800w, https:\/\/smago.de\/ws2\/wp-content\/uploads\/2025\/11\/GoldverleihungDanielaAlfinto2025-522x237.jpg 522w, https:\/\/smago.de\/ws2\/wp-content\/uploads\/2025\/11\/GoldverleihungDanielaAlfinto2025-292x132.jpg 292w, https:\/\/smago.de\/ws2\/wp-content\/uploads\/2025\/11\/GoldverleihungDanielaAlfinto2025-768x348.jpg 768w, https:\/\/smago.de\/ws2\/wp-content\/uploads\/2025\/11\/GoldverleihungDanielaAlfinto2025-1536x697.jpg 1536w, https:\/\/smago.de\/ws2\/wp-content\/uploads\/2025\/11\/GoldverleihungDanielaAlfinto2025-2048x929.jpg 2048w, https:\/\/smago.de\/ws2\/wp-content\/uploads\/2025\/11\/GoldverleihungDanielaAlfinto2025-392x178.jpg 392w, https:\/\/smago.de\/ws2\/wp-content\/uploads\/2025\/11\/GoldverleihungDanielaAlfinto2025-130x59.jpg 130w, https:\/\/smago.de\/ws2\/wp-content\/uploads\/2025\/11\/GoldverleihungDanielaAlfinto2025-870x395.jpg 870w, https:\/\/smago.de\/ws2\/wp-content\/uploads\/2025\/11\/GoldverleihungDanielaAlfinto2025-435x197.jpg 435w\" sizes=\"(max-width: 800px) 100vw, 800px\" \/><\/p>\n","protected":false},"excerpt":{"rendered":"<p>Die gro\u00dfe Jubil\u00e4umsedition holt sich Gold &#8211; und das TELAMO-Team l\u00e4sst die Chart-St\u00fcrmerin in ihrer hessischen Heimat hochleben &#8230;:<\/p>\n","protected":false},"author":2,"featured_media":250307,"comment_status":"open","ping_status":"closed","sticky":false,"template":"","format":"standard","meta":{"_FSMCFIC_featured_image_caption":"","_FSMCFIC_featured_image_nocaption":"","_FSMCFIC_featured_image_hide":""},"categories":[1],"tags":[],"acf":[],"_links":{"self":[{"href":"https:\/\/smago.de\/ws2\/wp-json\/wp\/v2\/posts\/250306"}],"collection":[{"href":"https:\/\/smago.de\/ws2\/wp-json\/wp\/v2\/posts"}],"about":[{"href":"https:\/\/smago.de\/ws2\/wp-json\/wp\/v2\/types\/post"}],"author":[{"embeddable":true,"href":"https:\/\/smago.de\/ws2\/wp-json\/wp\/v2\/users\/2"}],"replies":[{"embeddable":true,"href":"https:\/\/smago.de\/ws2\/wp-json\/wp\/v2\/comments?post=250306"}],"version-history":[{"count":2,"href":"https:\/\/smago.de\/ws2\/wp-json\/wp\/v2\/posts\/250306\/revisions"}],"predecessor-version":[{"id":250309,"href":"https:\/\/smago.de\/ws2\/wp-json\/wp\/v2\/posts\/250306\/revisions\/250309"}],"wp:featuredmedia":[{"embeddable":true,"href":"https:\/\/smago.de\/ws2\/wp-json\/wp\/v2\/media\/250307"}],"wp:attachment":[{"href":"https:\/\/smago.de\/ws2\/wp-json\/wp\/v2\/media?parent=250306"}],"wp:term":[{"taxonomy":"category","embeddable":true,"href":"https:\/\/smago.de\/ws2\/wp-json\/wp\/v2\/categories?post=250306"},{"taxonomy":"post_tag","embeddable":true,"href":"https:\/\/smago.de\/ws2\/wp-json\/wp\/v2\/tags?post=250306"}],"curies":[{"name":"wp","href":"https:\/\/api.w.org\/{rel}","templated":true}]}}