{"id":250304,"date":"2025-11-05T15:29:32","date_gmt":"2025-11-05T14:29:32","guid":{"rendered":"https:\/\/smago.de\/ws2\/?p=250304"},"modified":"2025-11-05T15:29:32","modified_gmt":"2025-11-05T14:29:32","slug":"roland-kaiser-die-kaisermania-im-mdr-fernsehen-ist-geschichte","status":"publish","type":"post","link":"https:\/\/smago.de\/ws2\/schlager\/roland-kaiser-die-kaisermania-im-mdr-fernsehen-ist-geschichte\/","title":{"rendered":"ROLAND KAISER <br>Die &#8222;Kaisermania&#8220; im MDR Fernsehen ist Geschichte!"},"content":{"rendered":"<p>Warum es ab 2026 keine weitere TV-Live\u00fcbertragung mehr geben wird &#8230;:<br \/>\n<!--more--><\/p>\n<p>Es war zu erahnen, jetzt macht Semmel Concerts es offiziell &#8230;:<\/p>\n<p>&nbsp;<\/p>\n<p style=\"text-align: justify;\">\n<em>&#8222;Ab 2026 wird es keine TV-Live\u00fcbertragung der KAISERMANIA mehr geben. <\/em><\/p>\n<p><em>Diese Entscheidung trafen der K\u00fcnstler und sein Veranstalter gemeinsam, nachdem es in der Vergangenheit wiederholt Kritik an der TV-Tonqualit\u00e4t gegeben hatte. <\/em><\/p>\n<p><em>W\u00e4hrend das Live-Erlebnis f\u00fcr das Publikum vor Ort stets ein musikalisches Highlight war, konnte dies im Fernsehen dagegen leider nicht in derselben Qualit\u00e4t vermittelt werden. <\/em><\/p>\n<p><em>Dem MDR gilt der Dank f\u00fcr die \u00e4u\u00dferst professionelle und immer wertsch\u00e4tzende Zusammenarbeit in den vergangenen Jahren.&#8220;<\/em><\/p>\n","protected":false},"excerpt":{"rendered":"<p>Warum es ab 2026 keine weitere TV-Live\u00fcbertragung mehr geben wird &#8230;:<\/p>\n","protected":false},"author":2,"featured_media":228264,"comment_status":"open","ping_status":"closed","sticky":false,"template":"","format":"standard","meta":{"_FSMCFIC_featured_image_caption":"","_FSMCFIC_featured_image_nocaption":"","_FSMCFIC_featured_image_hide":""},"categories":[29,39,128],"tags":[207],"acf":[],"_links":{"self":[{"href":"https:\/\/smago.de\/ws2\/wp-json\/wp\/v2\/posts\/250304"}],"collection":[{"href":"https:\/\/smago.de\/ws2\/wp-json\/wp\/v2\/posts"}],"about":[{"href":"https:\/\/smago.de\/ws2\/wp-json\/wp\/v2\/types\/post"}],"author":[{"embeddable":true,"href":"https:\/\/smago.de\/ws2\/wp-json\/wp\/v2\/users\/2"}],"replies":[{"embeddable":true,"href":"https:\/\/smago.de\/ws2\/wp-json\/wp\/v2\/comments?post=250304"}],"version-history":[{"count":1,"href":"https:\/\/smago.de\/ws2\/wp-json\/wp\/v2\/posts\/250304\/revisions"}],"predecessor-version":[{"id":250305,"href":"https:\/\/smago.de\/ws2\/wp-json\/wp\/v2\/posts\/250304\/revisions\/250305"}],"wp:featuredmedia":[{"embeddable":true,"href":"https:\/\/smago.de\/ws2\/wp-json\/wp\/v2\/media\/228264"}],"wp:attachment":[{"href":"https:\/\/smago.de\/ws2\/wp-json\/wp\/v2\/media?parent=250304"}],"wp:term":[{"taxonomy":"category","embeddable":true,"href":"https:\/\/smago.de\/ws2\/wp-json\/wp\/v2\/categories?post=250304"},{"taxonomy":"post_tag","embeddable":true,"href":"https:\/\/smago.de\/ws2\/wp-json\/wp\/v2\/tags?post=250304"}],"curies":[{"name":"wp","href":"https:\/\/api.w.org\/{rel}","templated":true}]}}